{"id":63154,"date":"2015-10-23T09:29:56","date_gmt":"2015-10-23T12:29:56","guid":{"rendered":"http:\/\/www.eltrabajo.cl\/portal\/?p=63154"},"modified":"2015-10-23T09:29:56","modified_gmt":"2015-10-23T12:29:56","slug":"roban-celulares-a-estudiante-cuando-salian-del-colegio-piramide","status":"publish","type":"post","link":"https:\/\/eltrabajo.cl\/portal\/roban-celulares-a-estudiante-cuando-salian-del-colegio-piramide\/","title":{"rendered":"Roban celulares a estudiante cuando sal\u00edan del Colegio Pir\u00e1mide"},"content":{"rendered":"<figure id=\"attachment_63155\" aria-describedby=\"caption-attachment-63155\" style=\"width: 300px\" class=\"wp-caption alignleft\"><a href=\"https:\/\/i0.wp.com\/www.eltrabajo.cl\/portal\/wp-content\/uploads\/2015\/10\/Celulares1.jpg\"><img data-recalc-dims=\"1\" loading=\"lazy\" decoding=\"async\" class=\"wp-image-63155 size-medium\" src=\"https:\/\/i0.wp.com\/www.eltrabajo.cl\/portal\/wp-content\/uploads\/2015\/10\/Celulares1-300x198.jpg?resize=300%2C198\" alt=\"EN UN INSTANTE.- Usando la intimidaci\u00f3n y la acci\u00f3n en grupo, varios estudiantes del Pir\u00e1mide fueron despojados de sus celulares. (Referencial)\" width=\"300\" height=\"198\" srcset=\"https:\/\/i0.wp.com\/eltrabajo.cl\/portal\/wp-content\/uploads\/2015\/10\/Celulares1.jpg?resize=300%2C198&amp;ssl=1 300w, https:\/\/i0.wp.com\/eltrabajo.cl\/portal\/wp-content\/uploads\/2015\/10\/Celulares1.jpg?resize=200%2C132&amp;ssl=1 200w, https:\/\/i0.wp.com\/eltrabajo.cl\/portal\/wp-content\/uploads\/2015\/10\/Celulares1.jpg?resize=227%2C150&amp;ssl=1 227w, https:\/\/i0.wp.com\/eltrabajo.cl\/portal\/wp-content\/uploads\/2015\/10\/Celulares1.jpg?resize=400%2C264&amp;ssl=1 400w, https:\/\/i0.wp.com\/eltrabajo.cl\/portal\/wp-content\/uploads\/2015\/10\/Celulares1.jpg?w=530&amp;ssl=1 530w\" sizes=\"auto, (max-width: 300px) 100vw, 300px\" \/><\/a><figcaption id=\"caption-attachment-63155\" class=\"wp-caption-text\">EN UN INSTANTE.- Usando la intimidaci\u00f3n y la acci\u00f3n en grupo, varios estudiantes del Pir\u00e1mide fueron despojados de sus celulares. (Referencial)<\/figcaption><\/figure>\n<p>Muy preocupados se mostraron algunos padres de alumnos del Colegio Pir\u00e1mide de San Felipe, luego que varios antisociales asaltaran a dos de ellos en las inmediaciones de la entrada a Poblaci\u00f3n La Santita, en calle Tocornal. El reporte de este ataque hizo que personeros de ese colegio solicitaran a Carabineros un monitoreo m\u00e1s focalizado en ese sector de la ciudad.<br \/>\n\u00abTodav\u00eda mi hijo, y nosotros sus padres, estamos con el susto, pues ahora le robaron el celular a mi hijo y a otro estudiante, ma\u00f1ana podr\u00eda ser peor, estoy muy apenada en decirlo, pero paso todos los d\u00edas por ese sector, inclusive a la hora de la salida estudiantil, y no veo ni carabineros de infanter\u00eda ni patrullas, ruego poner un poquito m\u00e1s de atenci\u00f3n para la seguridad de los estudiantes en ese sector\u00bb, coment\u00f3 la se\u00f1ora Alejandra Pino, madre de uno de los chicos asaltados la semana pasada.<\/p>\n<figure id=\"attachment_63156\" aria-describedby=\"caption-attachment-63156\" style=\"width: 300px\" class=\"wp-caption alignright\"><a href=\"https:\/\/i0.wp.com\/www.eltrabajo.cl\/portal\/wp-content\/uploads\/2015\/10\/Celulares2.jpg\"><img data-recalc-dims=\"1\" loading=\"lazy\" decoding=\"async\" class=\"wp-image-63156 size-medium\" src=\"https:\/\/i0.wp.com\/www.eltrabajo.cl\/portal\/wp-content\/uploads\/2015\/10\/Celulares2-300x197.jpg?resize=300%2C197\" alt=\"FALTA SEGURIDAD.- Las c\u00e1maras de Diario El Trabajo registraron los momentos ayer, cuando muchos estudiantes salieron de clases en el Colegio Pir\u00e1mide.\" width=\"300\" height=\"197\" srcset=\"https:\/\/i0.wp.com\/eltrabajo.cl\/portal\/wp-content\/uploads\/2015\/10\/Celulares2.jpg?resize=300%2C197&amp;ssl=1 300w, https:\/\/i0.wp.com\/eltrabajo.cl\/portal\/wp-content\/uploads\/2015\/10\/Celulares2.jpg?resize=200%2C131&amp;ssl=1 200w, https:\/\/i0.wp.com\/eltrabajo.cl\/portal\/wp-content\/uploads\/2015\/10\/Celulares2.jpg?resize=228%2C150&amp;ssl=1 228w, https:\/\/i0.wp.com\/eltrabajo.cl\/portal\/wp-content\/uploads\/2015\/10\/Celulares2.jpg?resize=400%2C263&amp;ssl=1 400w, https:\/\/i0.wp.com\/eltrabajo.cl\/portal\/wp-content\/uploads\/2015\/10\/Celulares2.jpg?w=530&amp;ssl=1 530w\" sizes=\"auto, (max-width: 300px) 100vw, 300px\" \/><\/a><figcaption id=\"caption-attachment-63156\" class=\"wp-caption-text\">FALTA SEGURIDAD.- Las c\u00e1maras de Diario El Trabajo registraron los momentos ayer, cuando muchos estudiantes salieron de clases en el Colegio Pir\u00e1mide.<\/figcaption><\/figure>\n<p><strong>UN CASO AILADO<\/strong><br \/>\nDiario El Trabajo busc\u00f3 conocer la versi\u00f3n oficial de la directora del Pir\u00e1mide, pero si bien es cierto que nos atendi\u00f3 con mucha amabilidad, prefiri\u00f3 no brindar declaraciones por la v\u00eda oficial. Seg\u00fan la funcionaria, se tratar\u00eda de un caso aislado y pocas veces ocurren robos a los alumnos de su colegio en ese sector, aunque s\u00ed reconoci\u00f3 que el hecho hab\u00eda ocurrido.<br \/>\nNuestro medio estuvo presente la tarde de ayer, a la salida de estos estudiantes, a las 15:00 horas, pero tal como lo indic\u00f3 la apoderada, no hubo carabineros ni unidades policiales cerca del lugar durante esa media hora. Seg\u00fan los apoderados, el robo habr\u00eda sido realizado por medio de la intimidaci\u00f3n a los estudiantes, sin usar la violencia.<br \/>\n<strong>Roberto Gonz\u00e1lez Short<\/strong><br \/>\n<strong>rgonzalez@eltrabajo<\/strong><\/p>\n","protected":false},"excerpt":{"rendered":"<p>Muy preocupados se mostraron algunos padres de alumnos del Colegio Pir\u00e1mide de San Felipe, luego que varios antisociales asaltaran a dos de ellos en las inmediaciones de la entrada a Poblaci\u00f3n La&#8230;<\/p>\n","protected":false},"author":482,"featured_media":63155,"comment_status":"open","ping_status":"open","sticky":false,"template":"","format":"standard","meta":{"advanced_seo_description":"","jetpack_seo_html_title":"","jetpack_seo_noindex":false,"_jetpack_memberships_contains_paid_content":false,"footnotes":""},"categories":[15],"tags":[],"class_list":["post-63154","post","type-post","status-publish","format-standard","has-post-thumbnail","hentry","category-comunidad"],"jetpack_featured_media_url":"https:\/\/i0.wp.com\/eltrabajo.cl\/portal\/wp-content\/uploads\/2015\/10\/Celulares1.jpg?fit=530%2C350&ssl=1","jetpack_sharing_enabled":true,"jetpack_likes_enabled":true,"jetpack-related-posts":[],"_links":{"self":[{"href":"https:\/\/eltrabajo.cl\/portal\/wp-json\/wp\/v2\/posts\/63154","targetHints":{"allow":["GET"]}}],"collection":[{"href":"https:\/\/eltrabajo.cl\/portal\/wp-json\/wp\/v2\/posts"}],"about":[{"href":"https:\/\/eltrabajo.cl\/portal\/wp-json\/wp\/v2\/types\/post"}],"author":[{"embeddable":true,"href":"https:\/\/eltrabajo.cl\/portal\/wp-json\/wp\/v2\/users\/482"}],"replies":[{"embeddable":true,"href":"https:\/\/eltrabajo.cl\/portal\/wp-json\/wp\/v2\/comments?post=63154"}],"version-history":[{"count":0,"href":"https:\/\/eltrabajo.cl\/portal\/wp-json\/wp\/v2\/posts\/63154\/revisions"}],"wp:featuredmedia":[{"embeddable":true,"href":"https:\/\/eltrabajo.cl\/portal\/wp-json\/wp\/v2\/media\/63155"}],"wp:attachment":[{"href":"https:\/\/eltrabajo.cl\/portal\/wp-json\/wp\/v2\/media?parent=63154"}],"wp:term":[{"taxonomy":"category","embeddable":true,"href":"https:\/\/eltrabajo.cl\/portal\/wp-json\/wp\/v2\/categories?post=63154"},{"taxonomy":"post_tag","embeddable":true,"href":"https:\/\/eltrabajo.cl\/portal\/wp-json\/wp\/v2\/tags?post=63154"}],"curies":[{"name":"wp","href":"https:\/\/api.w.org\/{rel}","templated":true}]}}