{"id":63163,"date":"2015-10-23T09:34:03","date_gmt":"2015-10-23T12:34:03","guid":{"rendered":"http:\/\/www.eltrabajo.cl\/portal\/?p=63163"},"modified":"2015-10-23T09:34:03","modified_gmt":"2015-10-23T12:34:03","slug":"cerca-de-200-estudiantes-de-aconcagua-participaron-en-primer-encuentro-de-seguridad-publica-e-infancia","status":"publish","type":"post","link":"https:\/\/eltrabajo.cl\/portal\/cerca-de-200-estudiantes-de-aconcagua-participaron-en-primer-encuentro-de-seguridad-publica-e-infancia\/","title":{"rendered":"Cerca de 200 estudiantes de Aconcagua participaron en primer Encuentro de Seguridad P\u00fablica e Infancia"},"content":{"rendered":"<figure id=\"attachment_63164\" aria-describedby=\"caption-attachment-63164\" style=\"width: 300px\" class=\"wp-caption alignleft\"><a href=\"https:\/\/i0.wp.com\/www.eltrabajo.cl\/portal\/wp-content\/uploads\/2015\/10\/Encuentro-Seguridad-Publica-e-Infancia-Aconcagua.jpg\"><img data-recalc-dims=\"1\" loading=\"lazy\" decoding=\"async\" class=\"wp-image-63164 size-medium\" src=\"https:\/\/i0.wp.com\/www.eltrabajo.cl\/portal\/wp-content\/uploads\/2015\/10\/Encuentro-Seguridad-Publica-e-Infancia-Aconcagua-300x197.jpg?resize=300%2C197\" alt=\"Cerca de 200 alumnos provenientes de San Felipe y Los Andes, participaron del Primer Encuentro de Seguridad P\u00fablica e Infancia, organizado por la oficina regional de Seguridad P\u00fablica junto al Consejo Nacional de la Infancia y la Seremi de Educaci\u00f3n.\" width=\"300\" height=\"197\" srcset=\"https:\/\/i0.wp.com\/eltrabajo.cl\/portal\/wp-content\/uploads\/2015\/10\/Encuentro-Seguridad-Publica-e-Infancia-Aconcagua.jpg?resize=300%2C197&amp;ssl=1 300w, https:\/\/i0.wp.com\/eltrabajo.cl\/portal\/wp-content\/uploads\/2015\/10\/Encuentro-Seguridad-Publica-e-Infancia-Aconcagua.jpg?resize=200%2C131&amp;ssl=1 200w, https:\/\/i0.wp.com\/eltrabajo.cl\/portal\/wp-content\/uploads\/2015\/10\/Encuentro-Seguridad-Publica-e-Infancia-Aconcagua.jpg?resize=228%2C150&amp;ssl=1 228w, https:\/\/i0.wp.com\/eltrabajo.cl\/portal\/wp-content\/uploads\/2015\/10\/Encuentro-Seguridad-Publica-e-Infancia-Aconcagua.jpg?resize=400%2C263&amp;ssl=1 400w, https:\/\/i0.wp.com\/eltrabajo.cl\/portal\/wp-content\/uploads\/2015\/10\/Encuentro-Seguridad-Publica-e-Infancia-Aconcagua.jpg?w=530&amp;ssl=1 530w\" sizes=\"auto, (max-width: 300px) 100vw, 300px\" \/><\/a><figcaption id=\"caption-attachment-63164\" class=\"wp-caption-text\">Cerca de 200 alumnos provenientes de San Felipe y Los Andes, participaron del Primer Encuentro de Seguridad P\u00fablica e Infancia, organizado por la oficina regional de Seguridad P\u00fablica junto al Consejo Nacional de la Infancia y la Seremi de Educaci\u00f3n.<\/figcaption><\/figure>\n<p>Unos 200 ni\u00f1os y j\u00f3venes de las provincias de San Felipe y Los Andes, se reunieron este jueves en la Casa Juan XXIII para participar en el Primer Encuentro de Seguridad P\u00fablica e Infancia, organizado por la oficina regional de Seguridad P\u00fablica junto al Consejo Nacional de la Infancia y la Seremi de Educaci\u00f3n.<br \/>\nComo introducci\u00f3n a la jornada, la Compa\u00f1\u00eda de Teatro \u2018Qu\u00e9 se yo\u2019 present\u00f3 la obra \u2018Los Intolerables\u2019, en la que tres actores de la regi\u00f3n retratan las vivencias y experiencias de alumnos de ense\u00f1anza media, motivando as\u00ed la reflexi\u00f3n en el tema de la convivencia escolar, la seguridad y el bienestar de los estudiantes.<br \/>\nJunto a ello y mediante una metodolog\u00eda que combin\u00f3 el juego con las artes, los asistentes \u2013 ni\u00f1os de s\u00e9ptimo a cuarto medio- abordaron la tem\u00e1tica de la seguridad p\u00fablica desde su percepci\u00f3n, para lo cual se dispuso de un espacio de conversaci\u00f3n a trav\u00e9s de expresiones como la m\u00fasica, el teatro o la pl\u00e1stica, disciplinas que facilitaron el trabajo en grupo y la convivencia de los j\u00f3venes que proven\u00edan de distintas comunas.<br \/>\nLa Coordinadora Regional del Consejo Nacional de la Infancia, Alejandra Nielsen, destac\u00f3 la participaci\u00f3n de los j\u00f3venes de San Felipe y Los Andes se\u00f1alando que \u201cLos ni\u00f1os y j\u00f3venes quieren participar y eso lo hemos comprobado con esta jornada muy exitosa en la que esper\u00e1bamos unas 120 personas y hemos tenido un sal\u00f3n repleto de entusiastas estudiantes que quieren ser parte del desarrollo de sus comunidades. Por eso es que este encuentro es tan valioso, porque desde su mirada y con el uso de herramientas de comunicaci\u00f3n que nacen de la expresi\u00f3n art\u00edstica, hoy pudimos conocer su opini\u00f3n, saber qu\u00e9 es lo que les preocupa, lo que les interesa y estamos muy contentos porque a partir de este encuentro tendremos un diagn\u00f3stico que ser\u00e1 presentado a los gobiernos locales para la implementaci\u00f3n de los Consejos Comunales de Seguridad P\u00fablica\u201d.<br \/>\nEstos encuentros se enmarcan en el Plan Regional de Seguridad P\u00fablica, que busca establecer espacios de participaci\u00f3n para que ni\u00f1os y j\u00f3venes sean parte de la pol\u00edtica p\u00fablica de seguridad, dado que pr\u00f3ximamente deber\u00e1n conformarse los Consejos Comunales de Seguridad P\u00fablica, al alero de las municipalidades, las que en una tarea de co responsabilidad, podr\u00e1n incorporar en sus estrategias no s\u00f3lo la visi\u00f3n de los adultos, sino tambi\u00e9n la de ni\u00f1os y ni\u00f1as que quieren ser parte del desarrollo de sus ciudades.<\/p>\n","protected":false},"excerpt":{"rendered":"<p>Unos 200 ni\u00f1os y j\u00f3venes de las provincias de San Felipe y Los Andes, se reunieron este jueves en la Casa Juan XXIII para participar en el Primer Encuentro de Seguridad P\u00fablica&#8230;<\/p>\n","protected":false},"author":482,"featured_media":63164,"comment_status":"open","ping_status":"open","sticky":false,"template":"","format":"standard","meta":{"advanced_seo_description":"","jetpack_seo_html_title":"","jetpack_seo_noindex":false,"_jetpack_memberships_contains_paid_content":false,"footnotes":""},"categories":[1],"tags":[],"class_list":["post-63163","post","type-post","status-publish","format-standard","has-post-thumbnail","hentry","category-cronica"],"jetpack_featured_media_url":"https:\/\/i0.wp.com\/eltrabajo.cl\/portal\/wp-content\/uploads\/2015\/10\/Encuentro-Seguridad-Publica-e-Infancia-Aconcagua.jpg?fit=530%2C348&ssl=1","jetpack_sharing_enabled":true,"jetpack_likes_enabled":true,"jetpack-related-posts":[],"_links":{"self":[{"href":"https:\/\/eltrabajo.cl\/portal\/wp-json\/wp\/v2\/posts\/63163","targetHints":{"allow":["GET"]}}],"collection":[{"href":"https:\/\/eltrabajo.cl\/portal\/wp-json\/wp\/v2\/posts"}],"about":[{"href":"https:\/\/eltrabajo.cl\/portal\/wp-json\/wp\/v2\/types\/post"}],"author":[{"embeddable":true,"href":"https:\/\/eltrabajo.cl\/portal\/wp-json\/wp\/v2\/users\/482"}],"replies":[{"embeddable":true,"href":"https:\/\/eltrabajo.cl\/portal\/wp-json\/wp\/v2\/comments?post=63163"}],"version-history":[{"count":0,"href":"https:\/\/eltrabajo.cl\/portal\/wp-json\/wp\/v2\/posts\/63163\/revisions"}],"wp:featuredmedia":[{"embeddable":true,"href":"https:\/\/eltrabajo.cl\/portal\/wp-json\/wp\/v2\/media\/63164"}],"wp:attachment":[{"href":"https:\/\/eltrabajo.cl\/portal\/wp-json\/wp\/v2\/media?parent=63163"}],"wp:term":[{"taxonomy":"category","embeddable":true,"href":"https:\/\/eltrabajo.cl\/portal\/wp-json\/wp\/v2\/categories?post=63163"},{"taxonomy":"post_tag","embeddable":true,"href":"https:\/\/eltrabajo.cl\/portal\/wp-json\/wp\/v2\/tags?post=63163"}],"curies":[{"name":"wp","href":"https:\/\/api.w.org\/{rel}","templated":true}]}}