{"id":63166,"date":"2015-10-23T09:35:38","date_gmt":"2015-10-23T12:35:38","guid":{"rendered":"http:\/\/www.eltrabajo.cl\/portal\/?p=63166"},"modified":"2015-10-23T09:35:38","modified_gmt":"2015-10-23T12:35:38","slug":"este-sabado-realizaran-nuevo-operativo-de-esterilizacion-de-mascotas-en-la-troya","status":"publish","type":"post","link":"https:\/\/eltrabajo.cl\/portal\/este-sabado-realizaran-nuevo-operativo-de-esterilizacion-de-mascotas-en-la-troya\/","title":{"rendered":"Este s\u00e1bado realizar\u00e1n nuevo operativo de esterilizaci\u00f3n de mascotas en La Troya"},"content":{"rendered":"<figure id=\"attachment_63167\" aria-describedby=\"caption-attachment-63167\" style=\"width: 300px\" class=\"wp-caption alignleft\"><a href=\"https:\/\/i0.wp.com\/www.eltrabajo.cl\/portal\/wp-content\/uploads\/2015\/10\/Operativo-Bucalemu-3.jpg\"><img data-recalc-dims=\"1\" loading=\"lazy\" decoding=\"async\" class=\"wp-image-63167 size-medium\" src=\"https:\/\/i0.wp.com\/www.eltrabajo.cl\/portal\/wp-content\/uploads\/2015\/10\/Operativo-Bucalemu-3-300x197.jpg?resize=300%2C197\" alt=\"Vecinos de Bucalemu se mostraron muy agradecidos con el municipio por la iniciativa que fomenta la tenencia responsable de mascotas.\" width=\"300\" height=\"197\" srcset=\"https:\/\/i0.wp.com\/eltrabajo.cl\/portal\/wp-content\/uploads\/2015\/10\/Operativo-Bucalemu-3.jpg?resize=300%2C197&amp;ssl=1 300w, https:\/\/i0.wp.com\/eltrabajo.cl\/portal\/wp-content\/uploads\/2015\/10\/Operativo-Bucalemu-3.jpg?resize=200%2C131&amp;ssl=1 200w, https:\/\/i0.wp.com\/eltrabajo.cl\/portal\/wp-content\/uploads\/2015\/10\/Operativo-Bucalemu-3.jpg?resize=228%2C150&amp;ssl=1 228w, https:\/\/i0.wp.com\/eltrabajo.cl\/portal\/wp-content\/uploads\/2015\/10\/Operativo-Bucalemu-3.jpg?resize=400%2C263&amp;ssl=1 400w, https:\/\/i0.wp.com\/eltrabajo.cl\/portal\/wp-content\/uploads\/2015\/10\/Operativo-Bucalemu-3.jpg?w=530&amp;ssl=1 530w\" sizes=\"auto, (max-width: 300px) 100vw, 300px\" \/><\/a><figcaption id=\"caption-attachment-63167\" class=\"wp-caption-text\">Vecinos de Bucalemu se mostraron muy agradecidos con el municipio por la iniciativa que fomenta la tenencia responsable de mascotas.<\/figcaption><\/figure>\n<p>Ayer se dio inicio al Plan Nacional de Tenencia Responsable de Animales de Compa\u00f1\u00eda en San Felipe.<br \/>\nFelices y muy agradecidos se mostraron los vecinos de Bucalemu, con la iniciativa que el municipio comenz\u00f3 a ejecutar este jueves, con apoyo econ\u00f3mico de la Subsecretar\u00eda de Desarrollo Regional, el Plan Nacional de Tenencia Responsable de Mascotas y que se traduce en la realizaci\u00f3n de 18 operativos de esterilizaci\u00f3n de animales de compa\u00f1\u00eda, es decir, de perros y gatos.<br \/>\nEsta es la segunda etapa de este proceso impulsado por el alcalde Patricio Freire, que se inici\u00f3 a principios de a\u00f1o con la puesta en marcha del Programa de Tenencia Responsable que, recordemos, permiti\u00f3 la esterilizaci\u00f3n mediante un sistema de copago, de mascotas y de manera gratuita en el caso de los animales en condici\u00f3n de abandono.<br \/>\nEs precisamente en reconocimiento al trabajo impulsado por la corporaci\u00f3n edilicia, que se hace cargo con recursos propios de una tem\u00e1tica que era por todos conocida, pero que no se asum\u00eda para dar respuesta, que el Gobierno a trav\u00e9s del Programa Incondicionales, asign\u00f3 recursos por 21 millones de pesos, para disponer la esterilizaci\u00f3n de un total de mil animales, entre perros y gatos.<br \/>\nEs as\u00ed que luego del lanzamiento de este plan, ayer se iniciaron los operativos, en la sede comunitaria de Bucalemu, donde fueron esterilizados 60 animales, principalmente perritas, concurriendo sus due\u00f1os que valoraron sobremanera la iniciativa municipal, que asume el tema de la tenencia responsable y en ese \u00e1mbito, favorece un servicio que de ser solicitado de manera particular, les generar\u00eda un alto costo.<br \/>\nMarcela L\u00f3pez es vecina del sector y lleg\u00f3 con su perrita Sally al operativo. Seg\u00fan dijo \u201cest\u00e1 s\u00faper bueno esto que hace el municipio, porque sale caro operar a mi perrita en una cl\u00ednica veterinaria, yo consult\u00e9 y me cobraban 35 mil pesos, entonces que den este servicio, nos ayuda mucho\u201d.<br \/>\nCon la finalidad de supervisar el arranque de este operativo, el alcalde subrogante Jorge Jara, junto al administrador municipal Patricio Gonz\u00e1lez y el gobernador provincial Eduardo Le\u00f3n, visitaron la sede comunitaria de Bucalemu, donde constataron la satisfacci\u00f3n de los vecinos por la ejecuci\u00f3n de este plan, destacando la inyecci\u00f3n de recursos que permite continuar un trabajo que la comunidad demandaba.<br \/>\nEl alcalde (S) Jorge Jara, resalt\u00f3 que en el entendido que la intenci\u00f3n del municipio es instalar una pol\u00edtica comunal de tenencia responsable de mascotas, se trabaja en paralelo con la ordenanza municipal en esta materia que se espera aprobar en el mediano plazo, lo que se sumar\u00e1 al trabajo con las agrupaciones animalistas y la labor de sensibilizaci\u00f3n y educaci\u00f3n.<\/p>\n","protected":false},"excerpt":{"rendered":"<p>Ayer se dio inicio al Plan Nacional de Tenencia Responsable de Animales de Compa\u00f1\u00eda en San Felipe. Felices y muy agradecidos se mostraron los vecinos de Bucalemu, con la iniciativa que el&#8230;<\/p>\n","protected":false},"author":482,"featured_media":63167,"comment_status":"open","ping_status":"open","sticky":false,"template":"","format":"standard","meta":{"advanced_seo_description":"","jetpack_seo_html_title":"","jetpack_seo_noindex":false,"_jetpack_memberships_contains_paid_content":false,"footnotes":""},"categories":[1],"tags":[],"class_list":["post-63166","post","type-post","status-publish","format-standard","has-post-thumbnail","hentry","category-cronica"],"jetpack_featured_media_url":"https:\/\/i0.wp.com\/eltrabajo.cl\/portal\/wp-content\/uploads\/2015\/10\/Operativo-Bucalemu-3.jpg?fit=530%2C348&ssl=1","jetpack_sharing_enabled":true,"jetpack_likes_enabled":true,"jetpack-related-posts":[],"_links":{"self":[{"href":"https:\/\/eltrabajo.cl\/portal\/wp-json\/wp\/v2\/posts\/63166","targetHints":{"allow":["GET"]}}],"collection":[{"href":"https:\/\/eltrabajo.cl\/portal\/wp-json\/wp\/v2\/posts"}],"about":[{"href":"https:\/\/eltrabajo.cl\/portal\/wp-json\/wp\/v2\/types\/post"}],"author":[{"embeddable":true,"href":"https:\/\/eltrabajo.cl\/portal\/wp-json\/wp\/v2\/users\/482"}],"replies":[{"embeddable":true,"href":"https:\/\/eltrabajo.cl\/portal\/wp-json\/wp\/v2\/comments?post=63166"}],"version-history":[{"count":0,"href":"https:\/\/eltrabajo.cl\/portal\/wp-json\/wp\/v2\/posts\/63166\/revisions"}],"wp:featuredmedia":[{"embeddable":true,"href":"https:\/\/eltrabajo.cl\/portal\/wp-json\/wp\/v2\/media\/63167"}],"wp:attachment":[{"href":"https:\/\/eltrabajo.cl\/portal\/wp-json\/wp\/v2\/media?parent=63166"}],"wp:term":[{"taxonomy":"category","embeddable":true,"href":"https:\/\/eltrabajo.cl\/portal\/wp-json\/wp\/v2\/categories?post=63166"},{"taxonomy":"post_tag","embeddable":true,"href":"https:\/\/eltrabajo.cl\/portal\/wp-json\/wp\/v2\/tags?post=63166"}],"curies":[{"name":"wp","href":"https:\/\/api.w.org\/{rel}","templated":true}]}}