{"id":63169,"date":"2015-10-23T09:37:37","date_gmt":"2015-10-23T12:37:37","guid":{"rendered":"http:\/\/www.eltrabajo.cl\/portal\/?p=63169"},"modified":"2015-10-23T09:37:37","modified_gmt":"2015-10-23T12:37:37","slug":"con-violencia-mujer-sufre-el-robo-de-su-cartera-por-delincuente-que-conocia","status":"publish","type":"post","link":"https:\/\/eltrabajo.cl\/portal\/con-violencia-mujer-sufre-el-robo-de-su-cartera-por-delincuente-que-conocia\/","title":{"rendered":"Con violencia mujer sufre el robo de su cartera por delincuente que conoc\u00eda"},"content":{"rendered":"<figure id=\"attachment_63170\" aria-describedby=\"caption-attachment-63170\" style=\"width: 300px\" class=\"wp-caption alignleft\"><a href=\"https:\/\/i0.wp.com\/www.eltrabajo.cl\/portal\/wp-content\/uploads\/2015\/10\/Nicolas-Fabian-San-Martin-Bustamante.jpg\"><img data-recalc-dims=\"1\" loading=\"lazy\" decoding=\"async\" class=\"wp-image-63170 size-medium\" src=\"https:\/\/i0.wp.com\/www.eltrabajo.cl\/portal\/wp-content\/uploads\/2015\/10\/Nicolas-Fabian-San-Martin-Bustamante-300x197.jpg?resize=300%2C197\" alt=\"Por orden del Tribunal de Garant\u00eda, el imputado Nicol\u00e1s San Mart\u00edn Bustamante  deber\u00e1 permanecer recluido en su domicilio durante las noches por el delito de robo con violencia cometido en la comuna de San Felipe. \" width=\"300\" height=\"197\" srcset=\"https:\/\/i0.wp.com\/eltrabajo.cl\/portal\/wp-content\/uploads\/2015\/10\/Nicolas-Fabian-San-Martin-Bustamante.jpg?resize=300%2C197&amp;ssl=1 300w, https:\/\/i0.wp.com\/eltrabajo.cl\/portal\/wp-content\/uploads\/2015\/10\/Nicolas-Fabian-San-Martin-Bustamante.jpg?resize=200%2C131&amp;ssl=1 200w, https:\/\/i0.wp.com\/eltrabajo.cl\/portal\/wp-content\/uploads\/2015\/10\/Nicolas-Fabian-San-Martin-Bustamante.jpg?resize=228%2C150&amp;ssl=1 228w, https:\/\/i0.wp.com\/eltrabajo.cl\/portal\/wp-content\/uploads\/2015\/10\/Nicolas-Fabian-San-Martin-Bustamante.jpg?resize=400%2C263&amp;ssl=1 400w, https:\/\/i0.wp.com\/eltrabajo.cl\/portal\/wp-content\/uploads\/2015\/10\/Nicolas-Fabian-San-Martin-Bustamante.jpg?w=530&amp;ssl=1 530w\" sizes=\"auto, (max-width: 300px) 100vw, 300px\" \/><\/a><figcaption id=\"caption-attachment-63170\" class=\"wp-caption-text\">Por orden del Tribunal de Garant\u00eda, el imputado Nicol\u00e1s San Mart\u00edn Bustamante deber\u00e1 permanecer recluido en su domicilio durante las noches por el delito de robo con violencia cometido en la comuna de San Felipe.<\/figcaption><\/figure>\n<ul>\n<li><strong>El antisocial identificado como Nicol\u00e1s San Mart\u00edn Bustamante, fue formalizado por la Fiscal\u00eda, ocasi\u00f3n en que el Tribunal le orden\u00f3 reclusi\u00f3n nocturna en su domicilio mientras dure el proceso investigativo por este delito que se le imputa.<\/strong><\/li>\n<\/ul>\n<p>Con una contusi\u00f3n cervical leve result\u00f3 una mujer que fue violetamente asaltada por un delincuente. El sujeto la tom\u00f3 del pelo y la arroj\u00f3 al piso para apoderarse de su cartera, hecho ocurrido cerca de la medianoche del pasado mi\u00e9rcoles en calle Pedro de Valdivia y S\u00e9ptimo de L\u00ednea en San Felipe.<br \/>\nLa afectada, tras sufrir el robo de sus pertenencias, se acerc\u00f3 hasta una patrulla de Carabineros que realizaba rondas en la villa El Totoral de San Felipe, denunciando al antisocial a quien ubicaba con anterioridad. La mujer relat\u00f3 a los polic\u00edas haber sido agredida desmedidamente por el delincuente identificado como Nicol\u00e1s Fabi\u00e1n San Mart\u00edn Bustamante quien, tras agredir a la mujer, le rob\u00f3 su cartera en cuyo interior manten\u00eda un tel\u00e9fono celular marca Samsung y un juego de llaves.<br \/>\nCarabineros en compa\u00f1\u00eda de la v\u00edctima, recorrieron diferentes lugares en b\u00fasqueda del imputado que fue ubicado en la v\u00eda p\u00fablica, quien al advertir la presencia policial intent\u00f3 escapar, sin embargo los efectivos lograron darle alcance para ser esposado.<br \/>\nTras la recuperaci\u00f3n de las especies, la v\u00edctima fue posteriormente conducida hasta el servicio de urgencias del Hospital San Camilo, siendo diagnosticada por el m\u00e9dico de turno con una contusi\u00f3n cervical de car\u00e1cter leve.<br \/>\nEl detenido Nicol\u00e1s San Mart\u00edn, de 26 a\u00f1os de edad, fue conducido por Carabineros hasta el Juzgado de Garant\u00eda de San Felipe para ser formalizado por el delito de robo con violencia, quedando sujeto a medidas cautelares de arresto domiciliario nocturno y las prohibiciones de acercarse a la v\u00edctima y mantener o portar armas de fuego, mientras la Fiscal\u00eda investiga el caso.<br \/>\n<strong>Pablo Salinas Sald\u00edas<\/strong><\/p>\n","protected":false},"excerpt":{"rendered":"<p>El antisocial identificado como Nicol\u00e1s San Mart\u00edn Bustamante, fue formalizado por la Fiscal\u00eda, ocasi\u00f3n en que el Tribunal le orden\u00f3 reclusi\u00f3n nocturna en su domicilio mientras dure el proceso investigativo por este&#8230;<\/p>\n","protected":false},"author":482,"featured_media":63170,"comment_status":"open","ping_status":"open","sticky":false,"template":"","format":"standard","meta":{"advanced_seo_description":"","jetpack_seo_html_title":"","jetpack_seo_noindex":false,"_jetpack_memberships_contains_paid_content":false,"footnotes":""},"categories":[21],"tags":[],"class_list":["post-63169","post","type-post","status-publish","format-standard","has-post-thumbnail","hentry","category-policial"],"jetpack_featured_media_url":"https:\/\/i0.wp.com\/eltrabajo.cl\/portal\/wp-content\/uploads\/2015\/10\/Nicolas-Fabian-San-Martin-Bustamante.jpg?fit=530%2C348&ssl=1","jetpack_sharing_enabled":true,"jetpack_likes_enabled":true,"jetpack-related-posts":[],"_links":{"self":[{"href":"https:\/\/eltrabajo.cl\/portal\/wp-json\/wp\/v2\/posts\/63169","targetHints":{"allow":["GET"]}}],"collection":[{"href":"https:\/\/eltrabajo.cl\/portal\/wp-json\/wp\/v2\/posts"}],"about":[{"href":"https:\/\/eltrabajo.cl\/portal\/wp-json\/wp\/v2\/types\/post"}],"author":[{"embeddable":true,"href":"https:\/\/eltrabajo.cl\/portal\/wp-json\/wp\/v2\/users\/482"}],"replies":[{"embeddable":true,"href":"https:\/\/eltrabajo.cl\/portal\/wp-json\/wp\/v2\/comments?post=63169"}],"version-history":[{"count":0,"href":"https:\/\/eltrabajo.cl\/portal\/wp-json\/wp\/v2\/posts\/63169\/revisions"}],"wp:featuredmedia":[{"embeddable":true,"href":"https:\/\/eltrabajo.cl\/portal\/wp-json\/wp\/v2\/media\/63170"}],"wp:attachment":[{"href":"https:\/\/eltrabajo.cl\/portal\/wp-json\/wp\/v2\/media?parent=63169"}],"wp:term":[{"taxonomy":"category","embeddable":true,"href":"https:\/\/eltrabajo.cl\/portal\/wp-json\/wp\/v2\/categories?post=63169"},{"taxonomy":"post_tag","embeddable":true,"href":"https:\/\/eltrabajo.cl\/portal\/wp-json\/wp\/v2\/tags?post=63169"}],"curies":[{"name":"wp","href":"https:\/\/api.w.org\/{rel}","templated":true}]}}