{"id":63172,"date":"2015-10-23T09:39:43","date_gmt":"2015-10-23T12:39:43","guid":{"rendered":"http:\/\/www.eltrabajo.cl\/portal\/?p=63172"},"modified":"2015-10-23T09:39:43","modified_gmt":"2015-10-23T12:39:43","slug":"vecina-de-poblacion-santa-rita-denuncia-ataques-con-piedras-y-disparos-a-su-vivienda","status":"publish","type":"post","link":"https:\/\/eltrabajo.cl\/portal\/vecina-de-poblacion-santa-rita-denuncia-ataques-con-piedras-y-disparos-a-su-vivienda\/","title":{"rendered":"Vecina de poblaci\u00f3n Santa Rita denuncia ataques con piedras y disparos a su vivienda"},"content":{"rendered":"<figure id=\"attachment_63173\" aria-describedby=\"caption-attachment-63173\" style=\"width: 300px\" class=\"wp-caption alignleft\"><a href=\"https:\/\/i0.wp.com\/www.eltrabajo.cl\/portal\/wp-content\/uploads\/2015\/10\/JAQUELINE-MUNIZAGA.jpg\"><img data-recalc-dims=\"1\" loading=\"lazy\" decoding=\"async\" class=\"wp-image-63173 size-medium\" src=\"https:\/\/i0.wp.com\/www.eltrabajo.cl\/portal\/wp-content\/uploads\/2015\/10\/JAQUELINE-MUNIZAGA-300x197.jpg?resize=300%2C197\" alt=\"La denunciante, Jaqueline Munizaga, dice estar cansada de los constantes da\u00f1os y el clima de violencia que vive, debido a que estas situaciones de violencia se generan a plena luz del d\u00eda.\" width=\"300\" height=\"197\" srcset=\"https:\/\/i0.wp.com\/eltrabajo.cl\/portal\/wp-content\/uploads\/2015\/10\/JAQUELINE-MUNIZAGA.jpg?resize=300%2C197&amp;ssl=1 300w, https:\/\/i0.wp.com\/eltrabajo.cl\/portal\/wp-content\/uploads\/2015\/10\/JAQUELINE-MUNIZAGA.jpg?resize=200%2C131&amp;ssl=1 200w, https:\/\/i0.wp.com\/eltrabajo.cl\/portal\/wp-content\/uploads\/2015\/10\/JAQUELINE-MUNIZAGA.jpg?resize=228%2C150&amp;ssl=1 228w, https:\/\/i0.wp.com\/eltrabajo.cl\/portal\/wp-content\/uploads\/2015\/10\/JAQUELINE-MUNIZAGA.jpg?resize=400%2C263&amp;ssl=1 400w, https:\/\/i0.wp.com\/eltrabajo.cl\/portal\/wp-content\/uploads\/2015\/10\/JAQUELINE-MUNIZAGA.jpg?w=530&amp;ssl=1 530w\" sizes=\"auto, (max-width: 300px) 100vw, 300px\" \/><\/a><figcaption id=\"caption-attachment-63173\" class=\"wp-caption-text\">La denunciante, Jaqueline Munizaga, dice estar cansada de los constantes da\u00f1os y el clima de violencia que vive, debido a que estas situaciones de violencia se generan a plena luz del d\u00eda.<\/figcaption><\/figure>\n<p><strong>PUTAENDO<\/strong>.-La Sra. Jaqueline Munizaga denunci\u00f3 que una vez m\u00e1s su casa fue apedreada y uno de sus hijos amenazado con disparos a plena luz del d\u00eda este jueves en la Poblaci\u00f3n Santa Rita.<br \/>\nLa afectada, residente del pasaje 3 de esa poblaci\u00f3n, asegur\u00f3 que en esta instancia, a eso de las 10:30 horas de este jueves y mientras estaba trabajando, fue avisada que hasta su domicilio lleg\u00f3 uno de sus sobrinos a bordo de un veh\u00edculo, y sin mediar provocaci\u00f3n comenz\u00f3 a arrojar piedras a su casa, y luego desde el interior del m\u00f3vil dispar\u00f3 a lo menos en dos ocasiones contra su hijo que sali\u00f3 a ver qu\u00e9 ocurr\u00eda, todo esto ante la mirada de los vecinos, que se ocultaron en sus viviendas.<br \/>\nMunizaga agreg\u00f3 que esta situaci\u00f3n ya la ha denunciado en otras ocasiones, por lo que reiter\u00f3 el llamado a la fiscal\u00eda para que intervengan antes que ocurra una tragedia.<br \/>\nSobre este tema, Carabineros de Putaendo en la persona del Teniente \u00c1ngelo Acevedo, inform\u00f3 que se envi\u00f3 personal al lugar, y de acuerdo a la evidencia recogida en el sitio del suceso, s\u00f3lo se encontr\u00f3 un \u201ccasquillo\u201d que corresponder\u00eda a una munici\u00f3n de fogueo, raz\u00f3n por la cual se descarta el uso de un arma real, sin embargo, de igual manera fue acogida la denuncia por da\u00f1os y amenazas.<br \/>\nEn tanto, la v\u00edctima expres\u00f3 que la situaci\u00f3n ya es insostenible, y que el amedrentamiento, el clima de amenaza, incluso de muerte son constantes, afirmando que estas situaciones se registran a plena luz del d\u00eda, perjudicando a otros vecinos del pasaje, muchos de los cuales observan todo lo que acontece, pero se niegan a entregar su testimonio por miedo a las represalias.<br \/>\n<strong>Patricio Gallardo M<\/strong>.<\/p>\n","protected":false},"excerpt":{"rendered":"<p>PUTAENDO.-La Sra. Jaqueline Munizaga denunci\u00f3 que una vez m\u00e1s su casa fue apedreada y uno de sus hijos amenazado con disparos a plena luz del d\u00eda este jueves en la Poblaci\u00f3n Santa&#8230;<\/p>\n","protected":false},"author":482,"featured_media":63173,"comment_status":"open","ping_status":"open","sticky":false,"template":"","format":"standard","meta":{"advanced_seo_description":"","jetpack_seo_html_title":"","jetpack_seo_noindex":false,"_jetpack_memberships_contains_paid_content":false,"footnotes":""},"categories":[1],"tags":[],"class_list":["post-63172","post","type-post","status-publish","format-standard","has-post-thumbnail","hentry","category-cronica"],"jetpack_featured_media_url":"https:\/\/i0.wp.com\/eltrabajo.cl\/portal\/wp-content\/uploads\/2015\/10\/JAQUELINE-MUNIZAGA.jpg?fit=530%2C348&ssl=1","jetpack_sharing_enabled":true,"jetpack_likes_enabled":true,"jetpack-related-posts":[],"_links":{"self":[{"href":"https:\/\/eltrabajo.cl\/portal\/wp-json\/wp\/v2\/posts\/63172","targetHints":{"allow":["GET"]}}],"collection":[{"href":"https:\/\/eltrabajo.cl\/portal\/wp-json\/wp\/v2\/posts"}],"about":[{"href":"https:\/\/eltrabajo.cl\/portal\/wp-json\/wp\/v2\/types\/post"}],"author":[{"embeddable":true,"href":"https:\/\/eltrabajo.cl\/portal\/wp-json\/wp\/v2\/users\/482"}],"replies":[{"embeddable":true,"href":"https:\/\/eltrabajo.cl\/portal\/wp-json\/wp\/v2\/comments?post=63172"}],"version-history":[{"count":0,"href":"https:\/\/eltrabajo.cl\/portal\/wp-json\/wp\/v2\/posts\/63172\/revisions"}],"wp:featuredmedia":[{"embeddable":true,"href":"https:\/\/eltrabajo.cl\/portal\/wp-json\/wp\/v2\/media\/63173"}],"wp:attachment":[{"href":"https:\/\/eltrabajo.cl\/portal\/wp-json\/wp\/v2\/media?parent=63172"}],"wp:term":[{"taxonomy":"category","embeddable":true,"href":"https:\/\/eltrabajo.cl\/portal\/wp-json\/wp\/v2\/categories?post=63172"},{"taxonomy":"post_tag","embeddable":true,"href":"https:\/\/eltrabajo.cl\/portal\/wp-json\/wp\/v2\/tags?post=63172"}],"curies":[{"name":"wp","href":"https:\/\/api.w.org\/{rel}","templated":true}]}}