{"id":63175,"date":"2015-10-23T09:42:44","date_gmt":"2015-10-23T12:42:44","guid":{"rendered":"http:\/\/www.eltrabajo.cl\/portal\/?p=63175"},"modified":"2015-10-23T09:42:44","modified_gmt":"2015-10-23T12:42:44","slug":"quebranto-arresto-domiciliario-para-salir-a-asaltar-a-un-adolescente","status":"publish","type":"post","link":"https:\/\/eltrabajo.cl\/portal\/quebranto-arresto-domiciliario-para-salir-a-asaltar-a-un-adolescente\/","title":{"rendered":"Quebrant\u00f3 arresto domiciliario para salir a asaltar a un adolescente"},"content":{"rendered":"<figure id=\"attachment_63176\" aria-describedby=\"caption-attachment-63176\" style=\"width: 300px\" class=\"wp-caption alignleft\"><a href=\"https:\/\/i0.wp.com\/www.eltrabajo.cl\/portal\/wp-content\/uploads\/2015\/10\/Christofer-Andres-Espinoza-Camus.jpg\"><img data-recalc-dims=\"1\" loading=\"lazy\" decoding=\"async\" class=\"wp-image-63176 size-medium\" src=\"https:\/\/i0.wp.com\/www.eltrabajo.cl\/portal\/wp-content\/uploads\/2015\/10\/Christofer-Andres-Espinoza-Camus-300x197.jpg?resize=300%2C197\" alt=\"A VER CU\u00c1NTO DURA.- Con apenas 20 a\u00f1os de edad, Christofer Andr\u00e9s Espinoza Camus deber\u00eda permanecer recluido en su vivienda por 70 d\u00edas por este nuevo delito de robo por sorpresa. Si no lo hizo antes, por qu\u00e9 lo har\u00eda ahora. \" width=\"300\" height=\"197\" srcset=\"https:\/\/i0.wp.com\/eltrabajo.cl\/portal\/wp-content\/uploads\/2015\/10\/Christofer-Andres-Espinoza-Camus.jpg?resize=300%2C197&amp;ssl=1 300w, https:\/\/i0.wp.com\/eltrabajo.cl\/portal\/wp-content\/uploads\/2015\/10\/Christofer-Andres-Espinoza-Camus.jpg?resize=200%2C131&amp;ssl=1 200w, https:\/\/i0.wp.com\/eltrabajo.cl\/portal\/wp-content\/uploads\/2015\/10\/Christofer-Andres-Espinoza-Camus.jpg?resize=228%2C150&amp;ssl=1 228w, https:\/\/i0.wp.com\/eltrabajo.cl\/portal\/wp-content\/uploads\/2015\/10\/Christofer-Andres-Espinoza-Camus.jpg?resize=400%2C263&amp;ssl=1 400w, https:\/\/i0.wp.com\/eltrabajo.cl\/portal\/wp-content\/uploads\/2015\/10\/Christofer-Andres-Espinoza-Camus.jpg?w=530&amp;ssl=1 530w\" sizes=\"auto, (max-width: 300px) 100vw, 300px\" \/><\/a><figcaption id=\"caption-attachment-63176\" class=\"wp-caption-text\">A VER CU\u00c1NTO DURA.- Con apenas 20 a\u00f1os de edad, Christofer Andr\u00e9s Espinoza Camus deber\u00eda permanecer recluido en su vivienda por 70 d\u00edas por este nuevo delito de robo por sorpresa. Si no lo hizo antes, por qu\u00e9 lo har\u00eda ahora.<\/figcaption><\/figure>\n<ul>\n<li><strong>La v\u00edctima sufri\u00f3 el robo de su tel\u00e9fono celular mientras se encontraba en la Av. Chacabuco de San Felipe, cuando fue abordado por el delincuente que deb\u00eda permanecer recluido en su vivienda.<\/strong><\/li>\n<\/ul>\n<p>Por el delito de robo por sorpresa fue detenido un antisocial que momentos antes arrebat\u00f3 un tel\u00e9fono celular de las manos a un adolescente de 14 a\u00f1os de edad, quien se encontraba en avenida Chacabuco con Navarro en San Felipe, a eso de las 16:50 horas del pasado mi\u00e9rcoles.<br \/>\nEste antisocial identificado como Christofer Andr\u00e9s Espinoza Camus, al momento de cometer este delito, quebrant\u00f3 la medida cautelar de arresto domiciliario total determinada por el Juzgado de Garant\u00eda de esta comuna, por un delito anterior de robo que lo obligaba a mantenerse recluido en su vivienda.<br \/>\nSin embargo el antisocial se dirigi\u00f3 hasta dicha arteria sanfelipe\u00f1a y abord\u00f3 a la v\u00edctima a quien intimid\u00f3 verbalmente, se\u00f1alando que lo herir\u00eda con un arma blanca si no le entregaba el tel\u00e9fono celular que ten\u00eda en sus manos.<br \/>\nAl menor de edad que estaba totalmente consternado por la situaci\u00f3n, le arrebataron la especie, observando al delincuente escapar en direcci\u00f3n desconocida. Afortunadamente Carabineros que desplegaba patrullajes preventivos por ese sector, fue alertado por el menor indic\u00e1ndoles haber sido v\u00edctima de un robo.<br \/>\nFue as\u00ed que personal policial se encarg\u00f3 del caso y como primera medida, en conjunto con la v\u00edctima recorrieron en la patrulla por el per\u00edmetro cercano al lugar de los hechos, instancia en la que el afectado reconoci\u00f3 al asaltante que fue arrestado de inmediato tras verificar que manten\u00eda la especie de la v\u00edctima.<br \/>\nAsimismo, la detenci\u00f3n de Espinoza Camus fue controlada en el Juzgado de Garant\u00eda de San Felipe, quien decret\u00f3 nuevamente la medida cautelar de arresto domiciliario pese a haber quebrantado la misma anteriormente, fijando un plazo de investigaci\u00f3n de 70 d\u00edas por parte de la Fiscal\u00eda.<br \/>\n<strong>Pablo Salinas Sald\u00edas<\/strong><\/p>\n","protected":false},"excerpt":{"rendered":"<p>La v\u00edctima sufri\u00f3 el robo de su tel\u00e9fono celular mientras se encontraba en la Av. Chacabuco de San Felipe, cuando fue abordado por el delincuente que deb\u00eda permanecer recluido en su vivienda&#8230;.<\/p>\n","protected":false},"author":482,"featured_media":63176,"comment_status":"open","ping_status":"open","sticky":false,"template":"","format":"standard","meta":{"advanced_seo_description":"","jetpack_seo_html_title":"","jetpack_seo_noindex":false,"_jetpack_memberships_contains_paid_content":false,"footnotes":""},"categories":[21],"tags":[],"class_list":["post-63175","post","type-post","status-publish","format-standard","has-post-thumbnail","hentry","category-policial"],"jetpack_featured_media_url":"https:\/\/i0.wp.com\/eltrabajo.cl\/portal\/wp-content\/uploads\/2015\/10\/Christofer-Andres-Espinoza-Camus.jpg?fit=530%2C348&ssl=1","jetpack_sharing_enabled":true,"jetpack_likes_enabled":true,"jetpack-related-posts":[],"_links":{"self":[{"href":"https:\/\/eltrabajo.cl\/portal\/wp-json\/wp\/v2\/posts\/63175","targetHints":{"allow":["GET"]}}],"collection":[{"href":"https:\/\/eltrabajo.cl\/portal\/wp-json\/wp\/v2\/posts"}],"about":[{"href":"https:\/\/eltrabajo.cl\/portal\/wp-json\/wp\/v2\/types\/post"}],"author":[{"embeddable":true,"href":"https:\/\/eltrabajo.cl\/portal\/wp-json\/wp\/v2\/users\/482"}],"replies":[{"embeddable":true,"href":"https:\/\/eltrabajo.cl\/portal\/wp-json\/wp\/v2\/comments?post=63175"}],"version-history":[{"count":0,"href":"https:\/\/eltrabajo.cl\/portal\/wp-json\/wp\/v2\/posts\/63175\/revisions"}],"wp:featuredmedia":[{"embeddable":true,"href":"https:\/\/eltrabajo.cl\/portal\/wp-json\/wp\/v2\/media\/63176"}],"wp:attachment":[{"href":"https:\/\/eltrabajo.cl\/portal\/wp-json\/wp\/v2\/media?parent=63175"}],"wp:term":[{"taxonomy":"category","embeddable":true,"href":"https:\/\/eltrabajo.cl\/portal\/wp-json\/wp\/v2\/categories?post=63175"},{"taxonomy":"post_tag","embeddable":true,"href":"https:\/\/eltrabajo.cl\/portal\/wp-json\/wp\/v2\/tags?post=63175"}],"curies":[{"name":"wp","href":"https:\/\/api.w.org\/{rel}","templated":true}]}}