{"id":63182,"date":"2015-10-26T09:14:32","date_gmt":"2015-10-26T12:14:32","guid":{"rendered":"http:\/\/www.eltrabajo.cl\/portal\/?p=63182"},"modified":"2015-10-26T09:14:32","modified_gmt":"2015-10-26T12:14:32","slug":"inauguran-muestra-de-fotografo-vienes-en-centro-cultural-pedro-aguirre-cerda","status":"publish","type":"post","link":"https:\/\/eltrabajo.cl\/portal\/inauguran-muestra-de-fotografo-vienes-en-centro-cultural-pedro-aguirre-cerda\/","title":{"rendered":"Inauguran muestra de fot\u00f3grafo vien\u00e9s en Centro Cultural Pedro Aguirre Cerda"},"content":{"rendered":"<figure id=\"attachment_63183\" aria-describedby=\"caption-attachment-63183\" style=\"width: 300px\" class=\"wp-caption alignleft\"><a href=\"https:\/\/i0.wp.com\/www.eltrabajo.cl\/portal\/wp-content\/uploads\/2015\/10\/Exposicion-Calle-Larga-1.jpg\"><img data-recalc-dims=\"1\" loading=\"lazy\" decoding=\"async\" class=\"wp-image-63183 size-medium\" src=\"https:\/\/i0.wp.com\/www.eltrabajo.cl\/portal\/wp-content\/uploads\/2015\/10\/Exposicion-Calle-Larga-1-300x198.jpg?resize=300%2C198\" alt=\"La exposici\u00f3n del reconocido fot\u00f3grafo vien\u00e9s estar\u00e1 disponible al p\u00fablico durante todo un mes en el Centro Cultural Pedro Aguirre Cerda de Calle Larga.\" width=\"300\" height=\"198\" srcset=\"https:\/\/i0.wp.com\/eltrabajo.cl\/portal\/wp-content\/uploads\/2015\/10\/Exposicion-Calle-Larga-1.jpg?resize=300%2C198&amp;ssl=1 300w, https:\/\/i0.wp.com\/eltrabajo.cl\/portal\/wp-content\/uploads\/2015\/10\/Exposicion-Calle-Larga-1.jpg?resize=200%2C132&amp;ssl=1 200w, https:\/\/i0.wp.com\/eltrabajo.cl\/portal\/wp-content\/uploads\/2015\/10\/Exposicion-Calle-Larga-1.jpg?resize=227%2C150&amp;ssl=1 227w, https:\/\/i0.wp.com\/eltrabajo.cl\/portal\/wp-content\/uploads\/2015\/10\/Exposicion-Calle-Larga-1.jpg?resize=400%2C264&amp;ssl=1 400w, https:\/\/i0.wp.com\/eltrabajo.cl\/portal\/wp-content\/uploads\/2015\/10\/Exposicion-Calle-Larga-1.jpg?w=530&amp;ssl=1 530w\" sizes=\"auto, (max-width: 300px) 100vw, 300px\" \/><\/a><figcaption id=\"caption-attachment-63183\" class=\"wp-caption-text\">La exposici\u00f3n del reconocido fot\u00f3grafo vien\u00e9s estar\u00e1 disponible al p\u00fablico durante todo un mes en el Centro Cultural Pedro Aguirre Cerda de Calle Larga.<\/figcaption><\/figure>\n<p><strong>CALLE LARGA<\/strong>.- En el Centro Cultural y Museo Presidente Pedro Aguirre Cerda de Calle Larga, abierta al p\u00fablico permanecer\u00e1 la exposici\u00f3n \u2018Un Austr\u00edaco descubre Chile\u2019 del fot\u00f3grafo vien\u00e9s Ignaz Hochhausler.<br \/>\nEsta muestra inaugurada la tarde del jueves en dependencias del Centro Cultural, presenta retratos y paisajes de nuestro pa\u00eds entre las d\u00e9cadas del 30 al 60, por lo que en sus obras se aprecia no s\u00f3lo la est\u00e9tica propia de la fotograf\u00eda en blanco y negro, sino que adem\u00e1s tienen un valor hist\u00f3rico significativo.<br \/>\nPresente en la inauguraci\u00f3n de esta importante muestra estuvo la embajadora de Austria, Dorothea Auer, quien destac\u00f3 el trabajo colaborativo en el marco de la cultura, desarrollado entre la Municipalidad de Calle Larga y la Embajada de Austria en Chile.<br \/>\n\u201cTraer esta muestra a la comuna permite establecer un lazo muy fuerte entre la embajada y el centro Cultural. Estamos dando un primer paso y queremos, en el caso de contar con alguna muestra, poder exhibirla ac\u00e1, en Calle Larga\u201d, sostuvo Dorothea Auer.<br \/>\nPor su parte el alcalde Nelson Venegas, tambi\u00e9n destac\u00f3 la cercan\u00eda y el trabajo desarrollado con la embajada austr\u00edaca.<br \/>\n\u201cDesde un tiempo a esta parte hemos desarrollado un trabajo importante con embajadas principalmente latinoamericanas y ahora con una de las embajadas m\u00e1s importantes de Europa. La idea es fortalecer este lazo y quiz\u00e1s desarrollar iniciativas no s\u00f3lo en el \u00e1mbito de la cultura, sino que tambi\u00e9n en otras en las que Austria presenta un gran desarrollo\u201d, agreg\u00f3 el alcalde.<br \/>\nClaudia Mix, directora del Centro Cultural, destac\u00f3 la participaci\u00f3n de vecinos y vecinas de la provincia de Los Andes en esta actividad.<br \/>\n\u201cEs sumamente importante que las personas participen en estas actividades que no se dan todos los d\u00edas y que la gente ha podido disfrutar en esta inauguraci\u00f3n. Esta muestra va a estar abierta durante todo un mes, esperamos que sea visitada no s\u00f3lo por los callelarguinos, sino que tambi\u00e9n de comunas vecinas quienes podr\u00e1n disfrutar de esta exposici\u00f3n\u201d.<\/p>\n","protected":false},"excerpt":{"rendered":"<p>CALLE LARGA.- En el Centro Cultural y Museo Presidente Pedro Aguirre Cerda de Calle Larga, abierta al p\u00fablico permanecer\u00e1 la exposici\u00f3n \u2018Un Austr\u00edaco descubre Chile\u2019 del fot\u00f3grafo vien\u00e9s Ignaz Hochhausler. Esta muestra&#8230;<\/p>\n","protected":false},"author":482,"featured_media":63183,"comment_status":"open","ping_status":"open","sticky":false,"template":"","format":"standard","meta":{"advanced_seo_description":"","jetpack_seo_html_title":"","jetpack_seo_noindex":false,"_jetpack_memberships_contains_paid_content":false,"footnotes":""},"categories":[15],"tags":[],"class_list":["post-63182","post","type-post","status-publish","format-standard","has-post-thumbnail","hentry","category-comunidad"],"jetpack_featured_media_url":"https:\/\/i0.wp.com\/eltrabajo.cl\/portal\/wp-content\/uploads\/2015\/10\/Exposicion-Calle-Larga-1.jpg?fit=530%2C350&ssl=1","jetpack_sharing_enabled":true,"jetpack_likes_enabled":true,"jetpack-related-posts":[],"_links":{"self":[{"href":"https:\/\/eltrabajo.cl\/portal\/wp-json\/wp\/v2\/posts\/63182","targetHints":{"allow":["GET"]}}],"collection":[{"href":"https:\/\/eltrabajo.cl\/portal\/wp-json\/wp\/v2\/posts"}],"about":[{"href":"https:\/\/eltrabajo.cl\/portal\/wp-json\/wp\/v2\/types\/post"}],"author":[{"embeddable":true,"href":"https:\/\/eltrabajo.cl\/portal\/wp-json\/wp\/v2\/users\/482"}],"replies":[{"embeddable":true,"href":"https:\/\/eltrabajo.cl\/portal\/wp-json\/wp\/v2\/comments?post=63182"}],"version-history":[{"count":0,"href":"https:\/\/eltrabajo.cl\/portal\/wp-json\/wp\/v2\/posts\/63182\/revisions"}],"wp:featuredmedia":[{"embeddable":true,"href":"https:\/\/eltrabajo.cl\/portal\/wp-json\/wp\/v2\/media\/63183"}],"wp:attachment":[{"href":"https:\/\/eltrabajo.cl\/portal\/wp-json\/wp\/v2\/media?parent=63182"}],"wp:term":[{"taxonomy":"category","embeddable":true,"href":"https:\/\/eltrabajo.cl\/portal\/wp-json\/wp\/v2\/categories?post=63182"},{"taxonomy":"post_tag","embeddable":true,"href":"https:\/\/eltrabajo.cl\/portal\/wp-json\/wp\/v2\/tags?post=63182"}],"curies":[{"name":"wp","href":"https:\/\/api.w.org\/{rel}","templated":true}]}}