{"id":63195,"date":"2015-10-26T09:23:07","date_gmt":"2015-10-26T12:23:07","guid":{"rendered":"http:\/\/www.eltrabajo.cl\/portal\/?p=63195"},"modified":"2015-10-26T09:23:07","modified_gmt":"2015-10-26T12:23:07","slug":"alumnos-de-cuarto-medio-de-liceo-mixto-visitan-operaciones-de-codelco","status":"publish","type":"post","link":"https:\/\/eltrabajo.cl\/portal\/alumnos-de-cuarto-medio-de-liceo-mixto-visitan-operaciones-de-codelco\/","title":{"rendered":"Alumnos de cuarto medio de Liceo Mixto visitan operaciones de Codelco"},"content":{"rendered":"<figure id=\"attachment_63196\" aria-describedby=\"caption-attachment-63196\" style=\"width: 300px\" class=\"wp-caption alignleft\"><a href=\"https:\/\/i0.wp.com\/www.eltrabajo.cl\/portal\/wp-content\/uploads\/2015\/10\/Liceo-Mixto-2.jpg\"><img data-recalc-dims=\"1\" loading=\"lazy\" decoding=\"async\" class=\"wp-image-63196 size-medium\" src=\"https:\/\/i0.wp.com\/www.eltrabajo.cl\/portal\/wp-content\/uploads\/2015\/10\/Liceo-Mixto-2-300x198.jpg?resize=300%2C198\" alt=\"En esta oportunidad, fueron los estudiantes de exploraci\u00f3n minera del cuarto a\u00f1o medio H del Liceo Mixto de Los Andes los que visitaron el edificio institucional de Codelco.\" width=\"300\" height=\"198\" srcset=\"https:\/\/i0.wp.com\/eltrabajo.cl\/portal\/wp-content\/uploads\/2015\/10\/Liceo-Mixto-2.jpg?resize=300%2C198&amp;ssl=1 300w, https:\/\/i0.wp.com\/eltrabajo.cl\/portal\/wp-content\/uploads\/2015\/10\/Liceo-Mixto-2.jpg?resize=200%2C132&amp;ssl=1 200w, https:\/\/i0.wp.com\/eltrabajo.cl\/portal\/wp-content\/uploads\/2015\/10\/Liceo-Mixto-2.jpg?resize=228%2C150&amp;ssl=1 228w, https:\/\/i0.wp.com\/eltrabajo.cl\/portal\/wp-content\/uploads\/2015\/10\/Liceo-Mixto-2.jpg?resize=400%2C263&amp;ssl=1 400w, https:\/\/i0.wp.com\/eltrabajo.cl\/portal\/wp-content\/uploads\/2015\/10\/Liceo-Mixto-2.jpg?w=530&amp;ssl=1 530w\" sizes=\"auto, (max-width: 300px) 100vw, 300px\" \/><\/a><figcaption id=\"caption-attachment-63196\" class=\"wp-caption-text\">En esta oportunidad, fueron los estudiantes de exploraci\u00f3n minera del cuarto a\u00f1o medio H del Liceo Mixto de Los Andes los que visitaron el edificio institucional de Codelco.<\/figcaption><\/figure>\n<p><strong>LOS ANDES<\/strong>.- Atentos y llenos de preguntas arribaron al edificio institucional de Andina los estudiantes de exploraci\u00f3n minera del cuarto a\u00f1o medio H del Liceo Mixto de Los Andes. En su visita, participaron en una charla de geolog\u00eda, y conocieron el simulador de camiones de extracci\u00f3n de la mina rajo (CAEX) y el Centro Integrado de Operaciones (CIO), acerc\u00e1ndose a los procesos mineros de Codelco en la alta cordillera.<br \/>\nDurante la jornada, los alumnos se interiorizaron m\u00e1s sobre las operaciones remotas de Codelco Andina y reforzaron su decisi\u00f3n vocacional. \u201cLos j\u00f3venes tienen que aprender haciendo y esta es una forma de acercar el mundo real del trabajo. Estas visitas sirven para prepararlos para el futuro\u201d, expres\u00f3 Iv\u00e1n Bravo, jefe del \u00e1rea minera del Liceo Mixto.<br \/>\nUna vez m\u00e1s, los profesionales de la Divisi\u00f3n participaron como relatores en la visita. En esta oportunidad, el encargado fue el ge\u00f3logo C\u00e9sar Bustos, quien valor\u00f3 el encuentro con los futuros profesionales. \u201cMe parece una excelente idea, es una buena forma de relacionarse con la comunidad y he tenido una grata sorpresa de encontrarme con gente muy motivada por la miner\u00eda y la geolog\u00eda\u201d.<br \/>\nCon estas iniciativas la empresa contin\u00faa propiciando su acercamiento a la comunidad y brindando a los estudiantes la posibilidad de conocer la gran miner\u00eda del cobre. Junto a estas visitas de alumnos de ense\u00f1anza media, Codelco contin\u00faa desarrollando \u2013desde mediados de agosto\u2013 su programa \u2018Andina m\u00e1s Cerca\u2019, con el que busca acercar sus operaciones a ni\u00f1os de s\u00e9ptimo b\u00e1sico de escuelas p\u00fablicas de Los Andes.<\/p>\n","protected":false},"excerpt":{"rendered":"<p>LOS ANDES.- Atentos y llenos de preguntas arribaron al edificio institucional de Andina los estudiantes de exploraci\u00f3n minera del cuarto a\u00f1o medio H del Liceo Mixto de Los Andes. En su visita,&#8230;<\/p>\n","protected":false},"author":482,"featured_media":63196,"comment_status":"open","ping_status":"open","sticky":false,"template":"","format":"standard","meta":{"advanced_seo_description":"","jetpack_seo_html_title":"","jetpack_seo_noindex":false,"_jetpack_memberships_contains_paid_content":false,"footnotes":""},"categories":[1],"tags":[],"class_list":["post-63195","post","type-post","status-publish","format-standard","has-post-thumbnail","hentry","category-cronica"],"jetpack_featured_media_url":"https:\/\/i0.wp.com\/eltrabajo.cl\/portal\/wp-content\/uploads\/2015\/10\/Liceo-Mixto-2.jpg?fit=530%2C349&ssl=1","jetpack_sharing_enabled":true,"jetpack_likes_enabled":true,"jetpack-related-posts":[],"_links":{"self":[{"href":"https:\/\/eltrabajo.cl\/portal\/wp-json\/wp\/v2\/posts\/63195","targetHints":{"allow":["GET"]}}],"collection":[{"href":"https:\/\/eltrabajo.cl\/portal\/wp-json\/wp\/v2\/posts"}],"about":[{"href":"https:\/\/eltrabajo.cl\/portal\/wp-json\/wp\/v2\/types\/post"}],"author":[{"embeddable":true,"href":"https:\/\/eltrabajo.cl\/portal\/wp-json\/wp\/v2\/users\/482"}],"replies":[{"embeddable":true,"href":"https:\/\/eltrabajo.cl\/portal\/wp-json\/wp\/v2\/comments?post=63195"}],"version-history":[{"count":0,"href":"https:\/\/eltrabajo.cl\/portal\/wp-json\/wp\/v2\/posts\/63195\/revisions"}],"wp:featuredmedia":[{"embeddable":true,"href":"https:\/\/eltrabajo.cl\/portal\/wp-json\/wp\/v2\/media\/63196"}],"wp:attachment":[{"href":"https:\/\/eltrabajo.cl\/portal\/wp-json\/wp\/v2\/media?parent=63195"}],"wp:term":[{"taxonomy":"category","embeddable":true,"href":"https:\/\/eltrabajo.cl\/portal\/wp-json\/wp\/v2\/categories?post=63195"},{"taxonomy":"post_tag","embeddable":true,"href":"https:\/\/eltrabajo.cl\/portal\/wp-json\/wp\/v2\/tags?post=63195"}],"curies":[{"name":"wp","href":"https:\/\/api.w.org\/{rel}","templated":true}]}}