{"id":63198,"date":"2015-10-26T09:25:03","date_gmt":"2015-10-26T12:25:03","guid":{"rendered":"http:\/\/www.eltrabajo.cl\/portal\/?p=63198"},"modified":"2015-10-26T09:25:03","modified_gmt":"2015-10-26T12:25:03","slug":"realizan-seminario-preventivo-de-senda-en-empresa-constructora","status":"publish","type":"post","link":"https:\/\/eltrabajo.cl\/portal\/realizan-seminario-preventivo-de-senda-en-empresa-constructora\/","title":{"rendered":"Realizan seminario preventivo de Senda en empresa constructora"},"content":{"rendered":"<figure id=\"attachment_63199\" aria-describedby=\"caption-attachment-63199\" style=\"width: 300px\" class=\"wp-caption alignleft\"><a href=\"https:\/\/i0.wp.com\/www.eltrabajo.cl\/portal\/wp-content\/uploads\/2015\/10\/Seminario-Senda.jpg\"><img data-recalc-dims=\"1\" loading=\"lazy\" decoding=\"async\" class=\"wp-image-63199 size-medium\" src=\"https:\/\/i0.wp.com\/www.eltrabajo.cl\/portal\/wp-content\/uploads\/2015\/10\/Seminario-Senda-300x198.jpg?resize=300%2C198\" alt=\"En Santa Mar\u00eda se desarroll\u00f3 la primera capacitaci\u00f3n en \u2018Prevenci\u00f3n del Consumo de Drogas y Alcohol\u2019 con trabajadores de la construcci\u00f3n.\" width=\"300\" height=\"198\" srcset=\"https:\/\/i0.wp.com\/eltrabajo.cl\/portal\/wp-content\/uploads\/2015\/10\/Seminario-Senda.jpg?resize=300%2C198&amp;ssl=1 300w, https:\/\/i0.wp.com\/eltrabajo.cl\/portal\/wp-content\/uploads\/2015\/10\/Seminario-Senda.jpg?resize=200%2C132&amp;ssl=1 200w, https:\/\/i0.wp.com\/eltrabajo.cl\/portal\/wp-content\/uploads\/2015\/10\/Seminario-Senda.jpg?resize=228%2C150&amp;ssl=1 228w, https:\/\/i0.wp.com\/eltrabajo.cl\/portal\/wp-content\/uploads\/2015\/10\/Seminario-Senda.jpg?resize=400%2C263&amp;ssl=1 400w, https:\/\/i0.wp.com\/eltrabajo.cl\/portal\/wp-content\/uploads\/2015\/10\/Seminario-Senda.jpg?w=530&amp;ssl=1 530w\" sizes=\"auto, (max-width: 300px) 100vw, 300px\" \/><\/a><figcaption id=\"caption-attachment-63199\" class=\"wp-caption-text\">En Santa Mar\u00eda se desarroll\u00f3 la primera capacitaci\u00f3n en \u2018Prevenci\u00f3n del Consumo de Drogas y Alcohol\u2019 con trabajadores de la construcci\u00f3n.<\/figcaption><\/figure>\n<p><strong>SANTA MAR\u00cdA<\/strong>.- Con el objetivo de generar prevenci\u00f3n en peque\u00f1as y medianas empresas, es que profesionales de Senda Previene, en conjunto con IST y Centro de Salud Familiar realizan Seminario con trabajadores de la construcci\u00f3n.<br \/>\nSenda Previene posee diversas actividades que se orientan a la prevenci\u00f3n del consumo tanto de drogas como de alcohol, es as\u00ed como en Santa Mar\u00eda se desarroll\u00f3 la primera capacitaci\u00f3n en \u2018Prevenci\u00f3n del Consumo de Drogas y Alcohol\u2019 con trabajadores de la construcci\u00f3n, quienes pudieron problematizar, analizar y dar a conocer opiniones alusivas a las consecuencias y riesgos del consumo de \u00e9stas sustancias, ya sea a nivel personal, familiar o laboral.<br \/>\nHumberto Montana Herrera, representante de la empresa de Construcci\u00f3n Monsafi , manifest\u00f3 que \u201cesta se ha convertido en una instancia que permite reunir a los trabajadores en un mismo espacio; compartir ideas, opiniones y cr\u00edticas; y por supuesto, problematizar una situaci\u00f3n atingente a nuestra sociedad, como lo es el consumo excesivo de drogas y\/o alcohol\u201d.<br \/>\nPor su parte, Claudia Herrera Fern\u00e1ndez, coordinadora del Senda Previene Comunal, dijo que \u201cnos parece excelente que los trabajadores puedan, a trav\u00e9s de talleres grupales, plantear sus ideas y reflexiones a sus compa\u00f1eros de forma respetuosa, siendo capaces de escuchar al otro y llegar a conclusiones de manera conjunta\u201d.<\/p>\n","protected":false},"excerpt":{"rendered":"<p>SANTA MAR\u00cdA.- Con el objetivo de generar prevenci\u00f3n en peque\u00f1as y medianas empresas, es que profesionales de Senda Previene, en conjunto con IST y Centro de Salud Familiar realizan Seminario con trabajadores&#8230;<\/p>\n","protected":false},"author":482,"featured_media":63199,"comment_status":"open","ping_status":"open","sticky":false,"template":"","format":"standard","meta":{"advanced_seo_description":"","jetpack_seo_html_title":"","jetpack_seo_noindex":false,"_jetpack_memberships_contains_paid_content":false,"footnotes":""},"categories":[1],"tags":[],"class_list":["post-63198","post","type-post","status-publish","format-standard","has-post-thumbnail","hentry","category-cronica"],"jetpack_featured_media_url":"https:\/\/i0.wp.com\/eltrabajo.cl\/portal\/wp-content\/uploads\/2015\/10\/Seminario-Senda.jpg?fit=530%2C349&ssl=1","jetpack_sharing_enabled":true,"jetpack_likes_enabled":true,"jetpack-related-posts":[],"_links":{"self":[{"href":"https:\/\/eltrabajo.cl\/portal\/wp-json\/wp\/v2\/posts\/63198","targetHints":{"allow":["GET"]}}],"collection":[{"href":"https:\/\/eltrabajo.cl\/portal\/wp-json\/wp\/v2\/posts"}],"about":[{"href":"https:\/\/eltrabajo.cl\/portal\/wp-json\/wp\/v2\/types\/post"}],"author":[{"embeddable":true,"href":"https:\/\/eltrabajo.cl\/portal\/wp-json\/wp\/v2\/users\/482"}],"replies":[{"embeddable":true,"href":"https:\/\/eltrabajo.cl\/portal\/wp-json\/wp\/v2\/comments?post=63198"}],"version-history":[{"count":0,"href":"https:\/\/eltrabajo.cl\/portal\/wp-json\/wp\/v2\/posts\/63198\/revisions"}],"wp:featuredmedia":[{"embeddable":true,"href":"https:\/\/eltrabajo.cl\/portal\/wp-json\/wp\/v2\/media\/63199"}],"wp:attachment":[{"href":"https:\/\/eltrabajo.cl\/portal\/wp-json\/wp\/v2\/media?parent=63198"}],"wp:term":[{"taxonomy":"category","embeddable":true,"href":"https:\/\/eltrabajo.cl\/portal\/wp-json\/wp\/v2\/categories?post=63198"},{"taxonomy":"post_tag","embeddable":true,"href":"https:\/\/eltrabajo.cl\/portal\/wp-json\/wp\/v2\/tags?post=63198"}],"curies":[{"name":"wp","href":"https:\/\/api.w.org\/{rel}","templated":true}]}}