{"id":63205,"date":"2015-10-26T09:29:16","date_gmt":"2015-10-26T12:29:16","guid":{"rendered":"http:\/\/www.eltrabajo.cl\/portal\/?p=63205"},"modified":"2015-10-26T09:29:16","modified_gmt":"2015-10-26T12:29:16","slug":"invitan-a-participar-de-seminario-bailes-chinos-una-tradicion-ancestral","status":"publish","type":"post","link":"https:\/\/eltrabajo.cl\/portal\/invitan-a-participar-de-seminario-bailes-chinos-una-tradicion-ancestral\/","title":{"rendered":"Invitan a participar de seminario \u201cBailes Chinos; una tradici\u00f3n ancestral\u201d"},"content":{"rendered":"<figure id=\"attachment_63206\" aria-describedby=\"caption-attachment-63206\" style=\"width: 300px\" class=\"wp-caption alignleft\"><a href=\"https:\/\/i0.wp.com\/www.eltrabajo.cl\/portal\/wp-content\/uploads\/2015\/10\/Bailes-chinos-aconcagua-salmon.jpg\"><img data-recalc-dims=\"1\" loading=\"lazy\" decoding=\"async\" class=\"wp-image-63206 size-medium\" src=\"https:\/\/i0.wp.com\/www.eltrabajo.cl\/portal\/wp-content\/uploads\/2015\/10\/Bailes-chinos-aconcagua-salmon-300x197.jpg?resize=300%2C197\" alt=\"El seminario se desarrollar\u00e1 este martes 27 de octubre, desde las 11 horas, en el Teatro Municipal de San Felipe.\" width=\"300\" height=\"197\" srcset=\"https:\/\/i0.wp.com\/eltrabajo.cl\/portal\/wp-content\/uploads\/2015\/10\/Bailes-chinos-aconcagua-salmon.jpg?resize=300%2C197&amp;ssl=1 300w, https:\/\/i0.wp.com\/eltrabajo.cl\/portal\/wp-content\/uploads\/2015\/10\/Bailes-chinos-aconcagua-salmon.jpg?resize=200%2C131&amp;ssl=1 200w, https:\/\/i0.wp.com\/eltrabajo.cl\/portal\/wp-content\/uploads\/2015\/10\/Bailes-chinos-aconcagua-salmon.jpg?resize=228%2C150&amp;ssl=1 228w, https:\/\/i0.wp.com\/eltrabajo.cl\/portal\/wp-content\/uploads\/2015\/10\/Bailes-chinos-aconcagua-salmon.jpg?resize=400%2C263&amp;ssl=1 400w, https:\/\/i0.wp.com\/eltrabajo.cl\/portal\/wp-content\/uploads\/2015\/10\/Bailes-chinos-aconcagua-salmon.jpg?w=530&amp;ssl=1 530w\" sizes=\"auto, (max-width: 300px) 100vw, 300px\" \/><\/a><figcaption id=\"caption-attachment-63206\" class=\"wp-caption-text\">El seminario se desarrollar\u00e1 este martes 27 de octubre, desde las 11 horas, en el Teatro Municipal de San Felipe.<\/figcaption><\/figure>\n<p>Bajo esta consigna, la agrupaci\u00f3n cultural \u2018Baile Chino Aconcagua Salm\u00f3n\u2019, de la comuna de San Felipe, est\u00e1 invitando a toda la comunidad de Aconcagua, en especial a colegios, profesores y estudiantes, a participar del seminario que bajo el mismo nombre se realizar\u00e1 ma\u00f1ana martes 27 de octubre de 11 a 13 horas, en el Teatro Municipal de San Felipe, con la presencia del destacado antrop\u00f3logo, arque\u00f3logo, investigador y \u2018chino\u2019 Claudio Mercado, del Museo Precolombino de Santiago y el profesor, alf\u00e9rez y cacique del Baile Chino Adoratorio Cerro Mercachas de El Sauce, Mario Mart\u00ednez \u2018Lautaro\u2019, adem\u00e1s de los bailes chinos ya se\u00f1alados.<br \/>\nLa palabra \u2018chino\u2019, proviene del quechua, y significa, servidor, vasallo, quien sirve a esta devoci\u00f3n. Los bailes chinos de Chile, fueron declarados el a\u00f1o 2014 \u2018Patrimonio de la Humanidad\u2019, por la Unesco, gracias a la carpeta preparada por el Consejo Nacional de La Cultura y Las Artes, de manera que pasaron a integrar esta privilegiada categor\u00eda de riqueza cultural, que en el caso de nuestro pa\u00eds tiene tambi\u00e9n a las iglesias de Chilo\u00e9 y la Isla de Pascua, por ello es necesario preservarla y ponerla en valor.<br \/>\nEsta convocatoria, se realiza bajo el auspicio del Instituto Nacional de la Juventud, gracias a un proyecto adjudicado por la agrupaci\u00f3n, con el fin de difundir y motivar a j\u00f3venes e interesados, en el conocimiento, valoraci\u00f3n y pr\u00e1ctica de esta ancestral tradici\u00f3n devocional, cuyas ra\u00edces se hunden en lo profundo del mundo ind\u00edgena del norte y centro de nuestro pa\u00eds y que cuenta con elementos del sincretismo religioso, que se vive en las actuales festividades religiosas de distintos territorios.<br \/>\nEl proyecto fue dise\u00f1ado por los integrantes del baile Aura Palacios y Andr\u00e9s Fern\u00e1ndez, quienes est\u00e1n a cargo tanto de la realizaci\u00f3n del seminario, como de los talleres que contin\u00faan cada s\u00e1bado de noviembre, destinados a abordar esta tradici\u00f3n tanto desde la pr\u00e1ctica del baile, como del conocimiento de los saberes ancestrales que est\u00e1n implicados, es decir la cer\u00e1mica, las figuras de petroglifos y los simbolismos propios del mismo. En este d\u00eda, se podr\u00e1n realizar las inscripciones para participar del programa de talleres del proyecto.<\/p>\n","protected":false},"excerpt":{"rendered":"<p>Bajo esta consigna, la agrupaci\u00f3n cultural \u2018Baile Chino Aconcagua Salm\u00f3n\u2019, de la comuna de San Felipe, est\u00e1 invitando a toda la comunidad de Aconcagua, en especial a colegios, profesores y estudiantes, a&#8230;<\/p>\n","protected":false},"author":482,"featured_media":63206,"comment_status":"open","ping_status":"open","sticky":false,"template":"","format":"standard","meta":{"advanced_seo_description":"","jetpack_seo_html_title":"","jetpack_seo_noindex":false,"_jetpack_memberships_contains_paid_content":false,"footnotes":""},"categories":[1],"tags":[],"class_list":["post-63205","post","type-post","status-publish","format-standard","has-post-thumbnail","hentry","category-cronica"],"jetpack_featured_media_url":"https:\/\/i0.wp.com\/eltrabajo.cl\/portal\/wp-content\/uploads\/2015\/10\/Bailes-chinos-aconcagua-salmon.jpg?fit=530%2C348&ssl=1","jetpack_sharing_enabled":true,"jetpack_likes_enabled":true,"jetpack-related-posts":[],"_links":{"self":[{"href":"https:\/\/eltrabajo.cl\/portal\/wp-json\/wp\/v2\/posts\/63205","targetHints":{"allow":["GET"]}}],"collection":[{"href":"https:\/\/eltrabajo.cl\/portal\/wp-json\/wp\/v2\/posts"}],"about":[{"href":"https:\/\/eltrabajo.cl\/portal\/wp-json\/wp\/v2\/types\/post"}],"author":[{"embeddable":true,"href":"https:\/\/eltrabajo.cl\/portal\/wp-json\/wp\/v2\/users\/482"}],"replies":[{"embeddable":true,"href":"https:\/\/eltrabajo.cl\/portal\/wp-json\/wp\/v2\/comments?post=63205"}],"version-history":[{"count":0,"href":"https:\/\/eltrabajo.cl\/portal\/wp-json\/wp\/v2\/posts\/63205\/revisions"}],"wp:featuredmedia":[{"embeddable":true,"href":"https:\/\/eltrabajo.cl\/portal\/wp-json\/wp\/v2\/media\/63206"}],"wp:attachment":[{"href":"https:\/\/eltrabajo.cl\/portal\/wp-json\/wp\/v2\/media?parent=63205"}],"wp:term":[{"taxonomy":"category","embeddable":true,"href":"https:\/\/eltrabajo.cl\/portal\/wp-json\/wp\/v2\/categories?post=63205"},{"taxonomy":"post_tag","embeddable":true,"href":"https:\/\/eltrabajo.cl\/portal\/wp-json\/wp\/v2\/tags?post=63205"}],"curies":[{"name":"wp","href":"https:\/\/api.w.org\/{rel}","templated":true}]}}