{"id":63208,"date":"2015-10-26T09:31:14","date_gmt":"2015-10-26T12:31:14","guid":{"rendered":"http:\/\/www.eltrabajo.cl\/portal\/?p=63208"},"modified":"2015-10-26T09:31:14","modified_gmt":"2015-10-26T12:31:14","slug":"concejal-covarrubias-partidario-del-debate-es-necesario-conocer-el-proyecto-de-posible-carcel-para-curimon","status":"publish","type":"post","link":"https:\/\/eltrabajo.cl\/portal\/concejal-covarrubias-partidario-del-debate-es-necesario-conocer-el-proyecto-de-posible-carcel-para-curimon\/","title":{"rendered":"Concejal Covarrubias partidario del debate:\u00a0\u00abEs necesario conocer el proyecto de posible c\u00e1rcel para Curim\u00f3n\u00bb"},"content":{"rendered":"<figure id=\"attachment_63209\" aria-describedby=\"caption-attachment-63209\" style=\"width: 300px\" class=\"wp-caption alignleft\"><a href=\"https:\/\/i0.wp.com\/www.eltrabajo.cl\/portal\/wp-content\/uploads\/2015\/10\/ricardo-covarrubias.jpg\"><img data-recalc-dims=\"1\" loading=\"lazy\" decoding=\"async\" class=\"wp-image-63209 size-medium\" src=\"https:\/\/i0.wp.com\/www.eltrabajo.cl\/portal\/wp-content\/uploads\/2015\/10\/ricardo-covarrubias-300x199.jpg?resize=300%2C199\" alt=\"Ricardo Covarrubias, Concejal de San Felipe.\" width=\"300\" height=\"199\" srcset=\"https:\/\/i0.wp.com\/eltrabajo.cl\/portal\/wp-content\/uploads\/2015\/10\/ricardo-covarrubias.jpg?resize=300%2C199&amp;ssl=1 300w, https:\/\/i0.wp.com\/eltrabajo.cl\/portal\/wp-content\/uploads\/2015\/10\/ricardo-covarrubias.jpg?resize=200%2C133&amp;ssl=1 200w, https:\/\/i0.wp.com\/eltrabajo.cl\/portal\/wp-content\/uploads\/2015\/10\/ricardo-covarrubias.jpg?resize=226%2C150&amp;ssl=1 226w, https:\/\/i0.wp.com\/eltrabajo.cl\/portal\/wp-content\/uploads\/2015\/10\/ricardo-covarrubias.jpg?resize=400%2C265&amp;ssl=1 400w, https:\/\/i0.wp.com\/eltrabajo.cl\/portal\/wp-content\/uploads\/2015\/10\/ricardo-covarrubias.jpg?w=528&amp;ssl=1 528w\" sizes=\"auto, (max-width: 300px) 100vw, 300px\" \/><\/a><figcaption id=\"caption-attachment-63209\" class=\"wp-caption-text\">Ricardo Covarrubias, Concejal de San Felipe.<\/figcaption><\/figure>\n<p>Como preocupantes se\u00f1al\u00f3 el concejal Ricardo Covarrubias, los trascendidos ante una denuncia hecha por vecinos, sobre la posible construcci\u00f3n de un centro penitenciario, que ser\u00eda emplazado en la localidad de Curim\u00f3n, se\u00f1alando que \u201cSan Felipe debe conocer el proyecto de esa posible c\u00e1rcel para Curim\u00f3n, porque la comunidad debe conocer las caracter\u00edsticas de \u00e9sta\u201d.<br \/>\nEl concejal al mismo tiempo, indic\u00f3 que de lo poco que se ha dicho, es que la iniciativa est\u00e1 dirigida para preparar la reinserci\u00f3n social, \u201cpero que sabemos que basta un cambio de gobierno o de futuras autoridades y podr\u00eda cambiar tambi\u00e9n la figura inicial del recinto, lo que perjudicar\u00eda de inmediato la tranquilidad de la propia comunidad de Curim\u00f3n y de San Felipe\u201d dijo Covarrubias.<br \/>\nA su vez se\u00f1al\u00f3 que est\u00e1 consciente que quienes tienen problemas con la justicia, pueden reivindicarse ante la sociedad \u201cpero tambi\u00e9n estoy claro que a nadie le gusta tener a los pies de su cama un recinto penitenciario, y me imagino que tampoco a las autoridades, y si ese rumor llega a ser cierto los vecinos est\u00e1n en todo su derecho a enojarse y ponerse en pie de guerra en contra de la iniciativa, que por lo dem\u00e1s lo considero desafortunada\u201d manifest\u00f3.<br \/>\nAgreg\u00f3 que considera que no siempre los grandes proyectos carcelarios, los cuales se les pone diferentes nombres que parecen de fantas\u00eda y no se notan agresivos, tienen un comienzo \u201cpero nunca sabemos c\u00f3mo terminan, porque basta con que una nueva autoridad proponga cambios a un proyecto carcelario inicial, para que sea un punto de partida y cambiar la vida normal de sus vecinos. Es cosa de preguntar qu\u00e9 piensan los vecinos de Colina y saber c\u00f3mo les cambi\u00f3 la vida a partir de los emplazamientos de los recintos carcelarios\u201d, dijo Covarrubias.<br \/>\nFinalmente manifest\u00f3 Ricardo Covarrubias que \u201ces cierto que en San Felipe tenemos a cuadras de la plaza un recinto carcelario, pero nadie dice que est\u00e1 saturada y no en la mejor condici\u00f3n sanitaria ni estructural, lo que implica que seguramente las autoridades ver\u00e1n como soluci\u00f3n una nueva c\u00e1rcel para compensar la sobrepoblaci\u00f3n penal, pero vuelvo a decir, antes que todo San Felipe debe conocer el proyecto de ese recinto penitenciario que se quiere emplazar en Curim\u00f3n porque hasta aqu\u00ed solo lo conozco por el camino del rumor\u201d, concluy\u00f3.<\/p>\n","protected":false},"excerpt":{"rendered":"<p>Como preocupantes se\u00f1al\u00f3 el concejal Ricardo Covarrubias, los trascendidos ante una denuncia hecha por vecinos, sobre la posible construcci\u00f3n de un centro penitenciario, que ser\u00eda emplazado en la localidad de Curim\u00f3n, se\u00f1alando&#8230;<\/p>\n","protected":false},"author":482,"featured_media":63209,"comment_status":"open","ping_status":"open","sticky":false,"template":"","format":"standard","meta":{"advanced_seo_description":"","jetpack_seo_html_title":"","jetpack_seo_noindex":false,"_jetpack_memberships_contains_paid_content":false,"footnotes":""},"categories":[1],"tags":[],"class_list":["post-63208","post","type-post","status-publish","format-standard","has-post-thumbnail","hentry","category-cronica"],"jetpack_featured_media_url":"https:\/\/i0.wp.com\/eltrabajo.cl\/portal\/wp-content\/uploads\/2015\/10\/ricardo-covarrubias.jpg?fit=528%2C350&ssl=1","jetpack_sharing_enabled":true,"jetpack_likes_enabled":true,"jetpack-related-posts":[],"_links":{"self":[{"href":"https:\/\/eltrabajo.cl\/portal\/wp-json\/wp\/v2\/posts\/63208","targetHints":{"allow":["GET"]}}],"collection":[{"href":"https:\/\/eltrabajo.cl\/portal\/wp-json\/wp\/v2\/posts"}],"about":[{"href":"https:\/\/eltrabajo.cl\/portal\/wp-json\/wp\/v2\/types\/post"}],"author":[{"embeddable":true,"href":"https:\/\/eltrabajo.cl\/portal\/wp-json\/wp\/v2\/users\/482"}],"replies":[{"embeddable":true,"href":"https:\/\/eltrabajo.cl\/portal\/wp-json\/wp\/v2\/comments?post=63208"}],"version-history":[{"count":0,"href":"https:\/\/eltrabajo.cl\/portal\/wp-json\/wp\/v2\/posts\/63208\/revisions"}],"wp:featuredmedia":[{"embeddable":true,"href":"https:\/\/eltrabajo.cl\/portal\/wp-json\/wp\/v2\/media\/63209"}],"wp:attachment":[{"href":"https:\/\/eltrabajo.cl\/portal\/wp-json\/wp\/v2\/media?parent=63208"}],"wp:term":[{"taxonomy":"category","embeddable":true,"href":"https:\/\/eltrabajo.cl\/portal\/wp-json\/wp\/v2\/categories?post=63208"},{"taxonomy":"post_tag","embeddable":true,"href":"https:\/\/eltrabajo.cl\/portal\/wp-json\/wp\/v2\/tags?post=63208"}],"curies":[{"name":"wp","href":"https:\/\/api.w.org\/{rel}","templated":true}]}}