{"id":63211,"date":"2015-10-26T09:36:10","date_gmt":"2015-10-26T12:36:10","guid":{"rendered":"http:\/\/www.eltrabajo.cl\/portal\/?p=63211"},"modified":"2015-10-26T09:36:10","modified_gmt":"2015-10-26T12:36:10","slug":"alcalde-freire-rechaza-centro-de-capacitacion-para-reos-en-curimon","status":"publish","type":"post","link":"https:\/\/eltrabajo.cl\/portal\/alcalde-freire-rechaza-centro-de-capacitacion-para-reos-en-curimon\/","title":{"rendered":"Alcalde Freire rechaza centro de capacitaci\u00f3n para reos en Curim\u00f3n"},"content":{"rendered":"<figure id=\"attachment_63212\" aria-describedby=\"caption-attachment-63212\" style=\"width: 300px\" class=\"wp-caption alignleft\"><a href=\"https:\/\/i0.wp.com\/www.eltrabajo.cl\/portal\/wp-content\/uploads\/2015\/10\/alcalde-freire.jpg\"><img data-recalc-dims=\"1\" loading=\"lazy\" decoding=\"async\" class=\"wp-image-63212 size-medium\" src=\"https:\/\/i0.wp.com\/www.eltrabajo.cl\/portal\/wp-content\/uploads\/2015\/10\/alcalde-freire-300x198.jpg?resize=300%2C198\" alt=\"Alcalde Patricio Freire.\" width=\"300\" height=\"198\" srcset=\"https:\/\/i0.wp.com\/eltrabajo.cl\/portal\/wp-content\/uploads\/2015\/10\/alcalde-freire.jpg?resize=300%2C198&amp;ssl=1 300w, https:\/\/i0.wp.com\/eltrabajo.cl\/portal\/wp-content\/uploads\/2015\/10\/alcalde-freire.jpg?resize=200%2C132&amp;ssl=1 200w, https:\/\/i0.wp.com\/eltrabajo.cl\/portal\/wp-content\/uploads\/2015\/10\/alcalde-freire.jpg?resize=227%2C150&amp;ssl=1 227w, https:\/\/i0.wp.com\/eltrabajo.cl\/portal\/wp-content\/uploads\/2015\/10\/alcalde-freire.jpg?resize=400%2C264&amp;ssl=1 400w, https:\/\/i0.wp.com\/eltrabajo.cl\/portal\/wp-content\/uploads\/2015\/10\/alcalde-freire.jpg?w=530&amp;ssl=1 530w\" sizes=\"auto, (max-width: 300px) 100vw, 300px\" \/><\/a><figcaption id=\"caption-attachment-63212\" class=\"wp-caption-text\">Alcalde Patricio Freire.<\/figcaption><\/figure>\n<ul>\n<li><strong>En reuni\u00f3n sostenida el mi\u00e9rcoles con la Seremi de Justicia y Director Regional de Gendarmer\u00eda, el edil se\u00f1al\u00f3 que a pesar de lo beneficioso que resulta la rehabilitaci\u00f3n laboral de internos de la c\u00e1rcel, es impensado generar un proyecto de esa envergadura en el Fundo La Pe\u00f1a.<\/strong><\/li>\n<\/ul>\n<p>Pese a admitir que resulta importante que el Estado desarrolle iniciativas destinadas a la reinserci\u00f3n social y laboral de los reos y m\u00e1s a\u00fan de aquellos que gozan de beneficios, el Alcalde Patricio Freire fue tajante en rechazar la iniciativa de la Seremi de Justicia y del Director Regional de Gendarmer\u00eda, de implementar un Centro de Capacitaci\u00f3n y Trabajo para condenados por la justicia criminal.<br \/>\nEl jefe comunal sostuvo una reuni\u00f3n el mi\u00e9rcoles con la Seremi Paz Anastasiadis y con el director regional de Gendarmer\u00eda, adem\u00e1s del gobernador Eduardo Le\u00f3n, oportunidad en la que los dos primeros le expusieron la iniciativa que desde el a\u00f1o pasado se est\u00e1 trabajando y que se pretende desarrollar en los terrenos del Fundo La Pe\u00f1a, en la localidad de Curim\u00f3n de nuestra comuna.<br \/>\nEn la ocasi\u00f3n, Freire manifest\u00f3 que \u201caunque sabemos que es necesario disponer de instancias que favorezcan la reinserci\u00f3n social y laboral de los internos, no estamos dispuestos a que esa iniciativa se desarrolle en Curim\u00f3n, pues se generar\u00eda un impacto muy negativo en la calidad de vida de nuestros vecinos de ese sector\u201d.<br \/>\nPrecis\u00f3 que si bien las autoridades regionales han buscado generar un espacio de informaci\u00f3n y di\u00e1logo en torno a la iniciativa, como el registrado el pasado s\u00e1bado, \u201cnosotros nos oponemos categ\u00f3ricamente a este proyecto, y si el gobierno plantea la posibilidad de generar una consulta o proceso participativo para conocer el parecer de los vecinos, eso es resorte del gobierno y por cierto, lo respetamos, pero en base a la experiencia del a\u00f1o 2001, cuando se habl\u00f3 de un centro penal y los vecinos lo rechazaron inmediatamente\u201d.<br \/>\nEn la reuni\u00f3n realizada el s\u00e1bado en la sede de la Junta de Adelanto, con dirigentes vecinales y actores sociales de la comuna, donde se expuso la iniciativa, fue el asesor jur\u00eddico del municipio Jorge Jara Catal\u00e1n quien represent\u00f3 al alcalde Freire, debido a que la primera autoridad comunal se encontraba fuera de la ciudad.<br \/>\nEn la ocasi\u00f3n, Jara reiter\u00f3 el planteamiento del alcalde Freire, en orden a que el municipio no respaldar\u00e1 el proyecto del Ministerio de Justicia.<br \/>\n\u201cEl gobernador manifest\u00f3 que si no hay acuerdo de la comunidad, esto no va a prosperar y en esa materia, estamos conscientes de que los vecinos est\u00e1n en su leg\u00edtimo derecho de manifestarse y dejar en evidencia su parecer al respecto, con el debido respeto y ajust\u00e1ndose a la normativa, pero creo que despu\u00e9s de esta primera reuni\u00f3n ya hay absoluta claridad acerca de qu\u00e9 opinan los vecinos\u201d, precis\u00f3 Jara.<br \/>\nA\u00f1adi\u00f3 que \u201csabemos que el proyecto es muy rentable socialmente y nosotros sabemos que las pol\u00edticas del Estado deben ir en esa l\u00ednea, el tema es c\u00f3mo se implementa y d\u00f3nde\u201d.<\/p>\n","protected":false},"excerpt":{"rendered":"<p>En reuni\u00f3n sostenida el mi\u00e9rcoles con la Seremi de Justicia y Director Regional de Gendarmer\u00eda, el edil se\u00f1al\u00f3 que a pesar de lo beneficioso que resulta la rehabilitaci\u00f3n laboral de internos de&#8230;<\/p>\n","protected":false},"author":482,"featured_media":63212,"comment_status":"open","ping_status":"open","sticky":false,"template":"","format":"standard","meta":{"advanced_seo_description":"","jetpack_seo_html_title":"","jetpack_seo_noindex":false,"_jetpack_memberships_contains_paid_content":false,"footnotes":""},"categories":[1],"tags":[],"class_list":["post-63211","post","type-post","status-publish","format-standard","has-post-thumbnail","hentry","category-cronica"],"jetpack_featured_media_url":"https:\/\/i0.wp.com\/eltrabajo.cl\/portal\/wp-content\/uploads\/2015\/10\/alcalde-freire.jpg?fit=530%2C350&ssl=1","jetpack_sharing_enabled":true,"jetpack_likes_enabled":true,"jetpack-related-posts":[],"_links":{"self":[{"href":"https:\/\/eltrabajo.cl\/portal\/wp-json\/wp\/v2\/posts\/63211","targetHints":{"allow":["GET"]}}],"collection":[{"href":"https:\/\/eltrabajo.cl\/portal\/wp-json\/wp\/v2\/posts"}],"about":[{"href":"https:\/\/eltrabajo.cl\/portal\/wp-json\/wp\/v2\/types\/post"}],"author":[{"embeddable":true,"href":"https:\/\/eltrabajo.cl\/portal\/wp-json\/wp\/v2\/users\/482"}],"replies":[{"embeddable":true,"href":"https:\/\/eltrabajo.cl\/portal\/wp-json\/wp\/v2\/comments?post=63211"}],"version-history":[{"count":0,"href":"https:\/\/eltrabajo.cl\/portal\/wp-json\/wp\/v2\/posts\/63211\/revisions"}],"wp:featuredmedia":[{"embeddable":true,"href":"https:\/\/eltrabajo.cl\/portal\/wp-json\/wp\/v2\/media\/63212"}],"wp:attachment":[{"href":"https:\/\/eltrabajo.cl\/portal\/wp-json\/wp\/v2\/media?parent=63211"}],"wp:term":[{"taxonomy":"category","embeddable":true,"href":"https:\/\/eltrabajo.cl\/portal\/wp-json\/wp\/v2\/categories?post=63211"},{"taxonomy":"post_tag","embeddable":true,"href":"https:\/\/eltrabajo.cl\/portal\/wp-json\/wp\/v2\/tags?post=63211"}],"curies":[{"name":"wp","href":"https:\/\/api.w.org\/{rel}","templated":true}]}}