{"id":63214,"date":"2015-10-26T09:39:09","date_gmt":"2015-10-26T12:39:09","guid":{"rendered":"http:\/\/www.eltrabajo.cl\/portal\/?p=63214"},"modified":"2015-10-26T09:39:09","modified_gmt":"2015-10-26T12:39:09","slug":"llamado-anonimo-permitio-capturar-antisocial-que-portaba-revolver-cargado","status":"publish","type":"post","link":"https:\/\/eltrabajo.cl\/portal\/llamado-anonimo-permitio-capturar-antisocial-que-portaba-revolver-cargado\/","title":{"rendered":"Llamado an\u00f3nimo permiti\u00f3 capturar antisocial que portaba rev\u00f3lver cargado"},"content":{"rendered":"<figure id=\"attachment_63215\" aria-describedby=\"caption-attachment-63215\" style=\"width: 300px\" class=\"wp-caption alignleft\"><a href=\"https:\/\/i0.wp.com\/www.eltrabajo.cl\/portal\/wp-content\/uploads\/2015\/10\/GABRIEL-TOMAS-VILLALOBOS-CATALDO.jpg\"><img data-recalc-dims=\"1\" loading=\"lazy\" decoding=\"async\" class=\"wp-image-63215 size-medium\" src=\"https:\/\/i0.wp.com\/www.eltrabajo.cl\/portal\/wp-content\/uploads\/2015\/10\/GABRIEL-TOMAS-VILLALOBOS-CATALDO-300x198.jpg?resize=300%2C198\" alt=\"El antisocial con un gran prontuario delictivo identificado como Gabriel Villalobos Cataldo fue formalizado por la Fiscal\u00eda por el delito de porte de arma de fuego.\" width=\"300\" height=\"198\" srcset=\"https:\/\/i0.wp.com\/eltrabajo.cl\/portal\/wp-content\/uploads\/2015\/10\/GABRIEL-TOMAS-VILLALOBOS-CATALDO.jpg?resize=300%2C198&amp;ssl=1 300w, https:\/\/i0.wp.com\/eltrabajo.cl\/portal\/wp-content\/uploads\/2015\/10\/GABRIEL-TOMAS-VILLALOBOS-CATALDO.jpg?resize=200%2C132&amp;ssl=1 200w, https:\/\/i0.wp.com\/eltrabajo.cl\/portal\/wp-content\/uploads\/2015\/10\/GABRIEL-TOMAS-VILLALOBOS-CATALDO.jpg?resize=228%2C150&amp;ssl=1 228w, https:\/\/i0.wp.com\/eltrabajo.cl\/portal\/wp-content\/uploads\/2015\/10\/GABRIEL-TOMAS-VILLALOBOS-CATALDO.jpg?resize=400%2C263&amp;ssl=1 400w, https:\/\/i0.wp.com\/eltrabajo.cl\/portal\/wp-content\/uploads\/2015\/10\/GABRIEL-TOMAS-VILLALOBOS-CATALDO.jpg?w=530&amp;ssl=1 530w\" sizes=\"auto, (max-width: 300px) 100vw, 300px\" \/><\/a><figcaption id=\"caption-attachment-63215\" class=\"wp-caption-text\">El antisocial con un gran prontuario delictivo identificado como Gabriel Villalobos Cataldo fue formalizado por la Fiscal\u00eda por el delito de porte de arma de fuego.<\/figcaption><\/figure>\n<ul>\n<li><strong>Carabineros al informarse de la denuncia se traslad\u00f3 hasta el punto exacto donde transitaban dos delincuentes, uno de ellos portaba un rev\u00f3lver calibre 22 lista para disparar y cometer un delito o dar muerte a una persona.<\/strong><\/li>\n<\/ul>\n<p>La Central de Comunicaciones Cenco de Carabineros de San Felipe, recibi\u00f3 un llamado an\u00f3nimo de una vecina que alert\u00f3 la presencia de dos sujetos en la villa Bernardo Cruz de esta comuna, describiendo que uno de ellos portaba un arma de fuego que ocultaba en la pretina de su pantal\u00f3n, pasada la medianoche de este s\u00e1bado.<br \/>\nCon este importante testimonio, los efectivos policiales se trasladaron hasta ese sector, logrando observar a los sujetos descritos por las vestimentas que aseguraba la denunciante v\u00eda telef\u00f3nica, los que fueron interceptados por Carabineros luego que \u00e9stos intentaron eludir el control policial.<br \/>\nSin embargo, los uniformados se percataron que efectivamente uno de ellos portaba un rev\u00f3lver marca \u00cdtalo Gra, cargado con tres municiones calibre 22, siendo ambos detenidos por el delito de porte ilegal de arma de fuego, as\u00ed lo inform\u00f3 el Capit\u00e1n de Carabineros, Alfredo Castillo.<\/p>\n<figure id=\"attachment_63216\" aria-describedby=\"caption-attachment-63216\" style=\"width: 300px\" class=\"wp-caption alignright\"><a href=\"https:\/\/i0.wp.com\/www.eltrabajo.cl\/portal\/wp-content\/uploads\/2015\/10\/REVOLVER.jpg\"><img data-recalc-dims=\"1\" loading=\"lazy\" decoding=\"async\" class=\"wp-image-63216 size-medium\" src=\"https:\/\/i0.wp.com\/www.eltrabajo.cl\/portal\/wp-content\/uploads\/2015\/10\/REVOLVER-300x198.jpg?resize=300%2C198\" alt=\"El arma de fuego incautada por Carabineros detalla un revolver calibre 22 con tres municiones.\" width=\"300\" height=\"198\" srcset=\"https:\/\/i0.wp.com\/eltrabajo.cl\/portal\/wp-content\/uploads\/2015\/10\/REVOLVER.jpg?resize=300%2C198&amp;ssl=1 300w, https:\/\/i0.wp.com\/eltrabajo.cl\/portal\/wp-content\/uploads\/2015\/10\/REVOLVER.jpg?resize=200%2C132&amp;ssl=1 200w, https:\/\/i0.wp.com\/eltrabajo.cl\/portal\/wp-content\/uploads\/2015\/10\/REVOLVER.jpg?resize=227%2C150&amp;ssl=1 227w, https:\/\/i0.wp.com\/eltrabajo.cl\/portal\/wp-content\/uploads\/2015\/10\/REVOLVER.jpg?resize=400%2C264&amp;ssl=1 400w, https:\/\/i0.wp.com\/eltrabajo.cl\/portal\/wp-content\/uploads\/2015\/10\/REVOLVER.jpg?w=530&amp;ssl=1 530w\" sizes=\"auto, (max-width: 300px) 100vw, 300px\" \/><\/a><figcaption id=\"caption-attachment-63216\" class=\"wp-caption-text\">El arma de fuego incautada por Carabineros detalla un revolver calibre 22 con tres municiones.<\/figcaption><\/figure>\n<p>\u201cEn el control que se les efectu\u00f3 a estos individuos de acuerdo a las facultades que tiene Carabineros legalmente, se encontr\u00f3 entre el cinto del pantal\u00f3n de uno de los sujetos, un arma de fuego la cual estaba cargada con munici\u00f3n. Estos sujetos cuentan con un amplio prontuario policial y adem\u00e1s de ellos se resistieron al control de identidad y la detenci\u00f3n por el delito de porte de arma de fuego\u201d.<br \/>\nPor disposici\u00f3n de la Fiscal\u00eda uno de los detenidos, quien portaba el armamento, individualizado como Gabriel Tom\u00e1s Villalobos Cataldo de 25 a\u00f1os de edad, con domicilio en villa Cordillera de San Felipe, fue formalizado en la sala del Tribunal de Garant\u00eda por este il\u00edcito.<br \/>\nDesde la instituci\u00f3n uniformada se destac\u00f3 la actitud de los vecinos en denunciar oportunamente estos hechos para lograr la detenci\u00f3n de estos sujetos para que sean procesados por la justicia.<br \/>\n<strong>Pablo Salinas Sald\u00edas<\/strong><\/p>\n","protected":false},"excerpt":{"rendered":"<p>Carabineros al informarse de la denuncia se traslad\u00f3 hasta el punto exacto donde transitaban dos delincuentes, uno de ellos portaba un rev\u00f3lver calibre 22 lista para disparar y cometer un delito o&#8230;<\/p>\n","protected":false},"author":482,"featured_media":63215,"comment_status":"open","ping_status":"open","sticky":false,"template":"","format":"standard","meta":{"advanced_seo_description":"","jetpack_seo_html_title":"","jetpack_seo_noindex":false,"_jetpack_memberships_contains_paid_content":false,"footnotes":""},"categories":[21],"tags":[],"class_list":["post-63214","post","type-post","status-publish","format-standard","has-post-thumbnail","hentry","category-policial"],"jetpack_featured_media_url":"https:\/\/i0.wp.com\/eltrabajo.cl\/portal\/wp-content\/uploads\/2015\/10\/GABRIEL-TOMAS-VILLALOBOS-CATALDO.jpg?fit=530%2C349&ssl=1","jetpack_sharing_enabled":true,"jetpack_likes_enabled":true,"jetpack-related-posts":[],"_links":{"self":[{"href":"https:\/\/eltrabajo.cl\/portal\/wp-json\/wp\/v2\/posts\/63214","targetHints":{"allow":["GET"]}}],"collection":[{"href":"https:\/\/eltrabajo.cl\/portal\/wp-json\/wp\/v2\/posts"}],"about":[{"href":"https:\/\/eltrabajo.cl\/portal\/wp-json\/wp\/v2\/types\/post"}],"author":[{"embeddable":true,"href":"https:\/\/eltrabajo.cl\/portal\/wp-json\/wp\/v2\/users\/482"}],"replies":[{"embeddable":true,"href":"https:\/\/eltrabajo.cl\/portal\/wp-json\/wp\/v2\/comments?post=63214"}],"version-history":[{"count":0,"href":"https:\/\/eltrabajo.cl\/portal\/wp-json\/wp\/v2\/posts\/63214\/revisions"}],"wp:featuredmedia":[{"embeddable":true,"href":"https:\/\/eltrabajo.cl\/portal\/wp-json\/wp\/v2\/media\/63215"}],"wp:attachment":[{"href":"https:\/\/eltrabajo.cl\/portal\/wp-json\/wp\/v2\/media?parent=63214"}],"wp:term":[{"taxonomy":"category","embeddable":true,"href":"https:\/\/eltrabajo.cl\/portal\/wp-json\/wp\/v2\/categories?post=63214"},{"taxonomy":"post_tag","embeddable":true,"href":"https:\/\/eltrabajo.cl\/portal\/wp-json\/wp\/v2\/tags?post=63214"}],"curies":[{"name":"wp","href":"https:\/\/api.w.org\/{rel}","templated":true}]}}