{"id":63219,"date":"2015-10-26T09:41:20","date_gmt":"2015-10-26T12:41:20","guid":{"rendered":"http:\/\/www.eltrabajo.cl\/portal\/?p=63219"},"modified":"2015-10-26T09:41:20","modified_gmt":"2015-10-26T12:41:20","slug":"vecinos-reducen-a-sujeto-que-cometio-robo-y-los-amenazo-con-un-cuchillo","status":"publish","type":"post","link":"https:\/\/eltrabajo.cl\/portal\/vecinos-reducen-a-sujeto-que-cometio-robo-y-los-amenazo-con-un-cuchillo\/","title":{"rendered":"Vecinos reducen a sujeto que cometi\u00f3 robo y los amenaz\u00f3 con un cuchillo"},"content":{"rendered":"<figure id=\"attachment_63220\" aria-describedby=\"caption-attachment-63220\" style=\"width: 300px\" class=\"wp-caption alignleft\"><a href=\"https:\/\/i0.wp.com\/www.eltrabajo.cl\/portal\/wp-content\/uploads\/2015\/10\/JUAN-CARLOS-ALVARADO-ESPINOZA1.jpg\"><img data-recalc-dims=\"1\" loading=\"lazy\" decoding=\"async\" class=\"wp-image-63220 size-medium\" src=\"https:\/\/i0.wp.com\/www.eltrabajo.cl\/portal\/wp-content\/uploads\/2015\/10\/JUAN-CARLOS-ALVARADO-ESPINOZA1-300x198.jpg?resize=300%2C198\" alt=\"El antisocial Juan Carlos Alvarado Espinoza, de 33 a\u00f1os de edad, fue detenido por los mismos vecinos, cansados de la impunidad con que act\u00faa la delincuencia.\" width=\"300\" height=\"198\" srcset=\"https:\/\/i0.wp.com\/eltrabajo.cl\/portal\/wp-content\/uploads\/2015\/10\/JUAN-CARLOS-ALVARADO-ESPINOZA1.jpg?resize=300%2C198&amp;ssl=1 300w, https:\/\/i0.wp.com\/eltrabajo.cl\/portal\/wp-content\/uploads\/2015\/10\/JUAN-CARLOS-ALVARADO-ESPINOZA1.jpg?resize=200%2C132&amp;ssl=1 200w, https:\/\/i0.wp.com\/eltrabajo.cl\/portal\/wp-content\/uploads\/2015\/10\/JUAN-CARLOS-ALVARADO-ESPINOZA1.jpg?resize=228%2C150&amp;ssl=1 228w, https:\/\/i0.wp.com\/eltrabajo.cl\/portal\/wp-content\/uploads\/2015\/10\/JUAN-CARLOS-ALVARADO-ESPINOZA1.jpg?resize=400%2C263&amp;ssl=1 400w, https:\/\/i0.wp.com\/eltrabajo.cl\/portal\/wp-content\/uploads\/2015\/10\/JUAN-CARLOS-ALVARADO-ESPINOZA1.jpg?w=530&amp;ssl=1 530w\" sizes=\"auto, (max-width: 300px) 100vw, 300px\" \/><\/a><figcaption id=\"caption-attachment-63220\" class=\"wp-caption-text\">El antisocial Juan Carlos Alvarado Espinoza, de 33 a\u00f1os de edad, fue detenido por los mismos vecinos, cansados de la impunidad con que act\u00faa la delincuencia.<\/figcaption><\/figure>\n<ul>\n<li><strong>El antisocial irrumpi\u00f3 en un veh\u00edculo estacionado en la poblaci\u00f3n Luis Gajardo Guerrero de San Felipe, para apoderarse de especies y dinero en efectivo, intimidando a las v\u00edctimas con un arma blanca, sin embargo fue reducido por los vecinos que lo entregaron a Carabineros.<\/strong><\/li>\n<\/ul>\n<p>Un grupo de empoderados vecinos logr\u00f3 reducir a un peligroso delincuente, quien premunido de un cuchillo, amenazaba con atacar a quien se cruzara por su camino, luego de haber ingresado hasta el interior de un veh\u00edculo estacionado para sustraer especies y dinero en efectivo. Sin embargo, esta acci\u00f3n se vio frustrada, tras la oportuna intervenci\u00f3n de testigos que pudieron reducir al maleante para entregarlo a Carabineros en la poblaci\u00f3n Luis Gajardo Guerrero de San Felipe.<br \/>\nLos residentes de esa poblaci\u00f3n y v\u00edctimas de este delito, detallaron a la polic\u00eda que alrededor de las 08:30 horas del pasado viernes, un desconocido merodeaba por calle Hermanos Carrera esquina Luis Gajardo Guerrero con actitudes sospechosas. Posteriormente, el sujeto irrumpi\u00f3 por la puerta trasera de un veh\u00edculo estacionado en la v\u00eda p\u00fablica, frente a un local comercial.<br \/>\nEn cuesti\u00f3n de segundos, este antisocial se apoder\u00f3 de dos juguetes, una chaqueta de mujer y la suma de $ 256.000 en efectivo para escapar del m\u00f3vil. Posteriormente, las v\u00edctimas se percataron del delito y se acercaron hasta el veh\u00edculo, momentos en que el sujeto, al verse acorralado, sac\u00f3 de entre sus vestimentas un cuchillo de 11 cent\u00edmetros para amenazar a quien se le acercara.<br \/>\nNo obstante el delincuente huy\u00f3 por la v\u00eda p\u00fablica, siendo seguido por un vecino que logr\u00f3 reducirlo hasta que se agolparon m\u00e1s testigos para concretar la detenci\u00f3n ciudadana. Tras la captura del sujeto, se dio aviso a Carabineros que a los pocos minutos hizo su arribo en el lugar para proceder a su arresto y la recuperaci\u00f3n de las especies m\u00e1s el dinero del propietario del veh\u00edculo.<br \/>\nAs\u00ed lo detall\u00f3 el Capit\u00e1n de Carabineros, Alfredo Castillo: \u201cEste imputado sali\u00f3 desde el interior del m\u00f3vil amenazando con un cuchillo, no logrando herir a las v\u00edctimas. Este sujeto huye, pero fue capturado por un vecino, donde ambos caen al piso, pudiendo retenerlo y entregarlo a Carabineros que procedi\u00f3 a la detenci\u00f3n\u201d.<br \/>\nEl antisocial fue identificado como Juan Carlos Alvarado Espinoza de 33 a\u00f1os de edad, domiciliado en villa Renacer de San Felipe, quien fue derivado hasta el Juzgado de Garant\u00eda de San Felipe el pasado s\u00e1bado para ser formalizado por la Fiscal\u00eda por los delitos de robo con intimidaci\u00f3n y porte ilegal de arma blanca.<br \/>\n<strong>Pablo Salinas Sald\u00edas<\/strong><\/p>\n","protected":false},"excerpt":{"rendered":"<p>El antisocial irrumpi\u00f3 en un veh\u00edculo estacionado en la poblaci\u00f3n Luis Gajardo Guerrero de San Felipe, para apoderarse de especies y dinero en efectivo, intimidando a las v\u00edctimas con un arma blanca,&#8230;<\/p>\n","protected":false},"author":482,"featured_media":63220,"comment_status":"open","ping_status":"open","sticky":false,"template":"","format":"standard","meta":{"advanced_seo_description":"","jetpack_seo_html_title":"","jetpack_seo_noindex":false,"_jetpack_memberships_contains_paid_content":false,"footnotes":""},"categories":[21],"tags":[],"class_list":["post-63219","post","type-post","status-publish","format-standard","has-post-thumbnail","hentry","category-policial"],"jetpack_featured_media_url":"https:\/\/i0.wp.com\/eltrabajo.cl\/portal\/wp-content\/uploads\/2015\/10\/JUAN-CARLOS-ALVARADO-ESPINOZA1.jpg?fit=530%2C349&ssl=1","jetpack_sharing_enabled":true,"jetpack_likes_enabled":true,"jetpack-related-posts":[],"_links":{"self":[{"href":"https:\/\/eltrabajo.cl\/portal\/wp-json\/wp\/v2\/posts\/63219","targetHints":{"allow":["GET"]}}],"collection":[{"href":"https:\/\/eltrabajo.cl\/portal\/wp-json\/wp\/v2\/posts"}],"about":[{"href":"https:\/\/eltrabajo.cl\/portal\/wp-json\/wp\/v2\/types\/post"}],"author":[{"embeddable":true,"href":"https:\/\/eltrabajo.cl\/portal\/wp-json\/wp\/v2\/users\/482"}],"replies":[{"embeddable":true,"href":"https:\/\/eltrabajo.cl\/portal\/wp-json\/wp\/v2\/comments?post=63219"}],"version-history":[{"count":0,"href":"https:\/\/eltrabajo.cl\/portal\/wp-json\/wp\/v2\/posts\/63219\/revisions"}],"wp:featuredmedia":[{"embeddable":true,"href":"https:\/\/eltrabajo.cl\/portal\/wp-json\/wp\/v2\/media\/63220"}],"wp:attachment":[{"href":"https:\/\/eltrabajo.cl\/portal\/wp-json\/wp\/v2\/media?parent=63219"}],"wp:term":[{"taxonomy":"category","embeddable":true,"href":"https:\/\/eltrabajo.cl\/portal\/wp-json\/wp\/v2\/categories?post=63219"},{"taxonomy":"post_tag","embeddable":true,"href":"https:\/\/eltrabajo.cl\/portal\/wp-json\/wp\/v2\/tags?post=63219"}],"curies":[{"name":"wp","href":"https:\/\/api.w.org\/{rel}","templated":true}]}}