{"id":63229,"date":"2015-10-27T09:22:47","date_gmt":"2015-10-27T12:22:47","guid":{"rendered":"http:\/\/www.eltrabajo.cl\/portal\/?p=63229"},"modified":"2015-10-27T09:22:47","modified_gmt":"2015-10-27T12:22:47","slug":"autos-de-coleccion-deleitaron-a-vecinos-en-la-plaza-de-putaendo","status":"publish","type":"post","link":"https:\/\/eltrabajo.cl\/portal\/autos-de-coleccion-deleitaron-a-vecinos-en-la-plaza-de-putaendo\/","title":{"rendered":"Autos de colecci\u00f3n deleitaron a vecinos en la Plaza de Putaendo"},"content":{"rendered":"<figure id=\"attachment_63230\" aria-describedby=\"caption-attachment-63230\" style=\"width: 300px\" class=\"wp-caption alignleft\"><a href=\"https:\/\/i0.wp.com\/www.eltrabajo.cl\/portal\/wp-content\/uploads\/2015\/10\/EXPOSICION-DE-AUTOS-1.jpg\"><img data-recalc-dims=\"1\" loading=\"lazy\" decoding=\"async\" class=\"wp-image-63230 size-medium\" src=\"https:\/\/i0.wp.com\/www.eltrabajo.cl\/portal\/wp-content\/uploads\/2015\/10\/EXPOSICION-DE-AUTOS-1-300x198.jpg?resize=300%2C198\" alt=\"De esta actividad particip\u00f3 Juan Borgero junto a su auto Ford del a\u00f1o 1933, el cual a\u00fan mantiene su letrero de \u2018taxi\u2019.\" width=\"300\" height=\"198\" srcset=\"https:\/\/i0.wp.com\/eltrabajo.cl\/portal\/wp-content\/uploads\/2015\/10\/EXPOSICION-DE-AUTOS-1.jpg?resize=300%2C198&amp;ssl=1 300w, https:\/\/i0.wp.com\/eltrabajo.cl\/portal\/wp-content\/uploads\/2015\/10\/EXPOSICION-DE-AUTOS-1.jpg?resize=200%2C132&amp;ssl=1 200w, https:\/\/i0.wp.com\/eltrabajo.cl\/portal\/wp-content\/uploads\/2015\/10\/EXPOSICION-DE-AUTOS-1.jpg?resize=227%2C150&amp;ssl=1 227w, https:\/\/i0.wp.com\/eltrabajo.cl\/portal\/wp-content\/uploads\/2015\/10\/EXPOSICION-DE-AUTOS-1.jpg?resize=400%2C264&amp;ssl=1 400w, https:\/\/i0.wp.com\/eltrabajo.cl\/portal\/wp-content\/uploads\/2015\/10\/EXPOSICION-DE-AUTOS-1.jpg?w=530&amp;ssl=1 530w\" sizes=\"auto, (max-width: 300px) 100vw, 300px\" \/><\/a><figcaption id=\"caption-attachment-63230\" class=\"wp-caption-text\">De esta actividad particip\u00f3 Juan Borgero junto a su auto Ford del a\u00f1o 1933, el cual a\u00fan mantiene su letrero de \u2018taxi\u2019.<\/figcaption><\/figure>\n<p><strong>PUTAENDO<\/strong>.-La ma\u00f1ana del s\u00e1bado reci\u00e9n pasado, un grupo de amantes de los autos de colecci\u00f3n lleg\u00f3 con una colorida caravana hasta la plaza de Putaendo para mostrar sus hermosos modelos.<br \/>\nLa iniciativa encabezada por el destacado coleccionista de autos antiguos de Rinconada de Silva, Juan Borguero, permiti\u00f3 que los coleccionistas llegaran con sus bellos ejemplares, entre los que destacaron veh\u00edculos que son parte de la colecci\u00f3n de la familia de Jes\u00fas D\u00edaz, propietario y fundador de la empresa Tur Bus, que adem\u00e1s posee un museo de lujo de autos antiguos. De hecho, el hijo del fundador de Tur Bus vest\u00eda un traje t\u00edpico de los conductores de autos de la d\u00e9cada del 1900, al igual que otras personas m\u00e1s que daban un colorido especial a esta caravana.<br \/>\nPor su parte, el empresario andino Juan Eduardo Quiroz, junto a su peque\u00f1o nieto deleit\u00f3 a los presentes con su deslumbrante modelo, lo que fue del agrado de quienes se percataron de la corta visita de este patrimonio al centro de Putaendo.<\/p>\n<figure id=\"attachment_63231\" aria-describedby=\"caption-attachment-63231\" style=\"width: 300px\" class=\"wp-caption alignright\"><a href=\"https:\/\/i0.wp.com\/www.eltrabajo.cl\/portal\/wp-content\/uploads\/2015\/10\/EXPOSICION-DE-AUTOS-5.jpg\"><img data-recalc-dims=\"1\" loading=\"lazy\" decoding=\"async\" class=\"wp-image-63231 size-medium\" src=\"https:\/\/i0.wp.com\/www.eltrabajo.cl\/portal\/wp-content\/uploads\/2015\/10\/EXPOSICION-DE-AUTOS-5-300x197.jpg?resize=300%2C197\" alt=\"Estos autos de colecci\u00f3n, maravillaron a todos los vecinos que participaron de la caravana.\" width=\"300\" height=\"197\" srcset=\"https:\/\/i0.wp.com\/eltrabajo.cl\/portal\/wp-content\/uploads\/2015\/10\/EXPOSICION-DE-AUTOS-5.jpg?resize=300%2C197&amp;ssl=1 300w, https:\/\/i0.wp.com\/eltrabajo.cl\/portal\/wp-content\/uploads\/2015\/10\/EXPOSICION-DE-AUTOS-5.jpg?resize=200%2C131&amp;ssl=1 200w, https:\/\/i0.wp.com\/eltrabajo.cl\/portal\/wp-content\/uploads\/2015\/10\/EXPOSICION-DE-AUTOS-5.jpg?resize=228%2C150&amp;ssl=1 228w, https:\/\/i0.wp.com\/eltrabajo.cl\/portal\/wp-content\/uploads\/2015\/10\/EXPOSICION-DE-AUTOS-5.jpg?resize=400%2C263&amp;ssl=1 400w, https:\/\/i0.wp.com\/eltrabajo.cl\/portal\/wp-content\/uploads\/2015\/10\/EXPOSICION-DE-AUTOS-5.jpg?w=530&amp;ssl=1 530w\" sizes=\"auto, (max-width: 300px) 100vw, 300px\" \/><\/a><figcaption id=\"caption-attachment-63231\" class=\"wp-caption-text\">Estos autos de colecci\u00f3n, maravillaron a todos los vecinos que participaron de la caravana.<\/figcaption><\/figure>\n<p>Juan Borgero, como siempre en su Ford a\u00f1o 1933 que aun mantiene su letrero de taxi, fue felicitado por los presentes, porque habitualmente llega en su autom\u00f3vil al centro de la comuna donde se estaciona exactamente en el paradero de taxis de la comuna.<br \/>\nUna muy buena iniciativa que lamentablemente tuvo algunos contratiempos externos, ya a pesar que los organizadores solicitaron con anticipaci\u00f3n los permisos correspondientes como el cierre de calles, veh\u00edculos adem\u00e1s de buses y camiones segu\u00edan pasando por el frontis del templo parroquial, entorpeciendo el normal desarrollo de la actividad, sumado a la falta de personal policial al inicio de la actividad para proceder al cierre de calles.<br \/>\n<strong>Patricio Gallardo M.<\/strong><\/p>\n","protected":false},"excerpt":{"rendered":"<p>PUTAENDO.-La ma\u00f1ana del s\u00e1bado reci\u00e9n pasado, un grupo de amantes de los autos de colecci\u00f3n lleg\u00f3 con una colorida caravana hasta la plaza de Putaendo para mostrar sus hermosos modelos. La iniciativa&#8230;<\/p>\n","protected":false},"author":482,"featured_media":63230,"comment_status":"open","ping_status":"open","sticky":false,"template":"","format":"standard","meta":{"advanced_seo_description":"","jetpack_seo_html_title":"","jetpack_seo_noindex":false,"_jetpack_memberships_contains_paid_content":false,"footnotes":""},"categories":[1],"tags":[],"class_list":["post-63229","post","type-post","status-publish","format-standard","has-post-thumbnail","hentry","category-cronica"],"jetpack_featured_media_url":"https:\/\/i0.wp.com\/eltrabajo.cl\/portal\/wp-content\/uploads\/2015\/10\/EXPOSICION-DE-AUTOS-1.jpg?fit=530%2C350&ssl=1","jetpack_sharing_enabled":true,"jetpack_likes_enabled":true,"jetpack-related-posts":[],"_links":{"self":[{"href":"https:\/\/eltrabajo.cl\/portal\/wp-json\/wp\/v2\/posts\/63229","targetHints":{"allow":["GET"]}}],"collection":[{"href":"https:\/\/eltrabajo.cl\/portal\/wp-json\/wp\/v2\/posts"}],"about":[{"href":"https:\/\/eltrabajo.cl\/portal\/wp-json\/wp\/v2\/types\/post"}],"author":[{"embeddable":true,"href":"https:\/\/eltrabajo.cl\/portal\/wp-json\/wp\/v2\/users\/482"}],"replies":[{"embeddable":true,"href":"https:\/\/eltrabajo.cl\/portal\/wp-json\/wp\/v2\/comments?post=63229"}],"version-history":[{"count":0,"href":"https:\/\/eltrabajo.cl\/portal\/wp-json\/wp\/v2\/posts\/63229\/revisions"}],"wp:featuredmedia":[{"embeddable":true,"href":"https:\/\/eltrabajo.cl\/portal\/wp-json\/wp\/v2\/media\/63230"}],"wp:attachment":[{"href":"https:\/\/eltrabajo.cl\/portal\/wp-json\/wp\/v2\/media?parent=63229"}],"wp:term":[{"taxonomy":"category","embeddable":true,"href":"https:\/\/eltrabajo.cl\/portal\/wp-json\/wp\/v2\/categories?post=63229"},{"taxonomy":"post_tag","embeddable":true,"href":"https:\/\/eltrabajo.cl\/portal\/wp-json\/wp\/v2\/tags?post=63229"}],"curies":[{"name":"wp","href":"https:\/\/api.w.org\/{rel}","templated":true}]}}