{"id":63233,"date":"2015-10-27T09:23:52","date_gmt":"2015-10-27T12:23:52","guid":{"rendered":"http:\/\/www.eltrabajo.cl\/portal\/?p=63233"},"modified":"2015-10-27T09:23:52","modified_gmt":"2015-10-27T12:23:52","slug":"dueno-de-constructora-culpada-de-estafa-niega-las-acusaciones-y-anuncia-acciones-legales","status":"publish","type":"post","link":"https:\/\/eltrabajo.cl\/portal\/dueno-de-constructora-culpada-de-estafa-niega-las-acusaciones-y-anuncia-acciones-legales\/","title":{"rendered":"Due\u00f1o de constructora culpada de estafa niega las acusaciones y anuncia acciones legales"},"content":{"rendered":"<figure id=\"attachment_63234\" aria-describedby=\"caption-attachment-63234\" style=\"width: 300px\" class=\"wp-caption alignleft\"><a href=\"https:\/\/i0.wp.com\/www.eltrabajo.cl\/portal\/wp-content\/uploads\/2015\/10\/estafa_vinedos121.jpg\"><img data-recalc-dims=\"1\" loading=\"lazy\" decoding=\"async\" class=\"wp-image-63234 size-medium\" src=\"https:\/\/i0.wp.com\/www.eltrabajo.cl\/portal\/wp-content\/uploads\/2015\/10\/estafa_vinedos121-300x198.jpg?resize=300%2C198\" alt=\"Adem\u00e1s de los problemas que presentaban los terrenos donde se construir\u00edan las viviendas, Bravo asegura que tambi\u00e9n se habr\u00edan atrasado en los pagos acordados para el inicio de la construcci\u00f3n de sus viviendas. \" width=\"300\" height=\"198\" srcset=\"https:\/\/i0.wp.com\/eltrabajo.cl\/portal\/wp-content\/uploads\/2015\/10\/estafa_vinedos121.jpg?resize=300%2C198&amp;ssl=1 300w, https:\/\/i0.wp.com\/eltrabajo.cl\/portal\/wp-content\/uploads\/2015\/10\/estafa_vinedos121.jpg?resize=200%2C132&amp;ssl=1 200w, https:\/\/i0.wp.com\/eltrabajo.cl\/portal\/wp-content\/uploads\/2015\/10\/estafa_vinedos121.jpg?resize=228%2C150&amp;ssl=1 228w, https:\/\/i0.wp.com\/eltrabajo.cl\/portal\/wp-content\/uploads\/2015\/10\/estafa_vinedos121.jpg?resize=400%2C263&amp;ssl=1 400w, https:\/\/i0.wp.com\/eltrabajo.cl\/portal\/wp-content\/uploads\/2015\/10\/estafa_vinedos121.jpg?w=530&amp;ssl=1 530w\" sizes=\"auto, (max-width: 300px) 100vw, 300px\" \/><\/a><figcaption id=\"caption-attachment-63234\" class=\"wp-caption-text\">Adem\u00e1s de los problemas que presentaban los terrenos donde se construir\u00edan las viviendas, Bravo asegura que tambi\u00e9n se habr\u00edan atrasado en los pagos acordados para el inicio de la construcci\u00f3n de sus viviendas.<\/figcaption><\/figure>\n<p><strong>LOS ANDES<\/strong>.- El due\u00f1o de la empresa constructora Bravo que fue acusada de una millonaria estafa a un comit\u00e9 habitacional de San Esteban y otros tres de Santa Mar\u00eda, Jos\u00e9 Luis Bravo, asegur\u00f3 en entrevista telef\u00f3nica con nuestro medio que tales imputaciones carecen de todo fundamento y veracidad, anunciando adem\u00e1s acciones legales en contra de los dirigentes de estas organizaciones.<br \/>\nEl empresario reaccion\u00f3 molesto a la declaraci\u00f3n que entreg\u00f3 a nuestro medio la dirigente del comit\u00e9 habitacional Los Vi\u00f1edos de San Esteban, Gemita V\u00e1squez, quien acus\u00f3 a la empresa de estafarlos en m\u00e1s de 100 millones de pesos al haberle cobrado a cada socio la suma de 3 millones 700 mil pesos para la urbanizaci\u00f3n del terreno donde se levantar\u00e1n las viviendas en el sector de Paidahu\u00e9n de esa comuna.<br \/>\nTras esta nota de prensa, aparecieron otros tres comit\u00e9s habitacionales de Santa Mar\u00eda denunciando a la empresa por haber cobrado millonarias sumas por estas urbanizaciones de terrenos y luego dejar abandonadas las obras.<br \/>\nAnte estas acusaciones, el empresario Jos\u00e9 Luis Bravo puntualiz\u00f3 que hab\u00edan suscrito un contrato \u201cpor una cantidad de UF determinada. En ese contrato se indicaba que al inicio de las obras ten\u00eda que estar el 100% pagado, y a nosotros nos pagaron solamente 82 millones de pesos y no 110. Nosotros desconocemos los problemas que puedan tener ellos en forma interna\u201d, haciendo alusi\u00f3n a los problemas internos que hay en el comit\u00e9 Los Vi\u00f1edos con la rendici\u00f3n de cuentas entre la anterior y la actual directiva.<br \/>\nBravo explic\u00f3 que su empresa ha invertido ya 122 millones de pesos en el terreno de este comit\u00e9 en el sector de Paidahu\u00e9n.<br \/>\n\u201cHay un relleno de 4.200 metros c\u00fabicos de material para poder levantar ese terreno, porque a nosotros se nos enga\u00f1\u00f3, se no dijo que eso ten\u00eda factibilidad de agua potable y alcantarillado. No ten\u00eda de alcantarillado y hubo que implementar un sistema de dise\u00f1o de planta elevadora. El puro dise\u00f1o o planimetr\u00eda para eso tiene un costo de 20 millones. El movimiento de tierra para el levante del terreno con el relleno de 4.200 metros c\u00fabicos cost\u00f3 m\u00e1s de 60 millones de pesos. A eso hay que sumarle los permisos de edificaci\u00f3n aprobados, el loteo aprobado, la fusi\u00f3n de terreno porque no estaba apto para poder lotear porque faltaba una cantidad de metros determinado, y regularizaci\u00f3n de cambio de uso de sue\u00f1o\u201d, afirm\u00f3.<br \/>\nEn este sentido, el empresario insisti\u00f3 que el comit\u00e9 solo les ha cancelado 82 de los 122 millones de pesos que han invertido, ante lo cual no pueden acusarlo de estafa si son los dirigentes quienes no han cumplido con el pago.<br \/>\nAsimismo, rechaz\u00f3 las acusaciones en cuanto a que habr\u00edan abandonado la zona, \u201cpues nosotros no nos hemos ido de ninguna ciudad. Yo no saco nada con tener gente parada pag\u00e1ndole todos los d\u00edas si no podemos seguir trabajando porque hubo que hacer unas modificaciones al proyecto general, es decir, hubo que hacer una elaboraci\u00f3n nueva del proyecto de alcantarillado que todav\u00eda no se resuelve por lo tanto no se puede seguir interviniendo. \u00bfQu\u00e9 saco yo con ponerme a parar casas si despu\u00e9s me van hacer demoler las obras porque est\u00e1n m\u00e1s bajos o m\u00e1s altos de lo necesario para que escurra bien el alcantarillado?\u201d, recrimin\u00f3 el constructor.<br \/>\nAgreg\u00f3 que todas las obras de urbanizaci\u00f3n debieron haber estado hechas con antelaci\u00f3n, \u201cya que nos deber\u00edan haber entregado todo eso terminado para nosotros solamente construir las viviendas, pero finalmente tuvimos que intervenir en la urbanizaci\u00f3n tambi\u00e9n. Nosotros cobramos 690 UF por una vivienda terminada, y a nosotros se nos ten\u00eda que hacer un anticipo al momento de iniciar las obras de movimiento de tierra en el terreno y eso no se ha cumplido. Nosotros no podemos estar desvistiendo otro santo para vestir el santo ajeno\u201d, apunt\u00f3.<br \/>\nIndic\u00f3 que si el comit\u00e9 regulariza los pagos no tienen ning\u00fan problema en retomar las obras y seguir con los trabajos.<br \/>\nEn relaci\u00f3n a las acusaciones hechas por otros tres comit\u00e9s de la comuna de Santa Mar\u00eda, Jos\u00e9 Luis Bravo, enfatiz\u00f3 que existen problemas t\u00e9cnicos que han impedido iniciar obras en esos proyectos habitacionales, \u201co se empezaron y se tuvieron que detener porque los permisos no han sido entregados por la municipalidad\u201d.<br \/>\n\u201cNosotros paramos todas esas obras porque \u2013por ejemplo- a nosotros no se nos pag\u00f3 un cambio de uso de suelo por 40 millones de pesos. Otro de los problemas es que ninguno de los tres comit\u00e9s estaba dentro del radio urbano, hubo que hacer los cambios de uso de suelo. Se nos minti\u00f3 porque se nos dijo que estaban dentro del \u00e1rea de concesi\u00f3n, que se hab\u00eda extendido esta \u00e1rea para los comit\u00e9s para que nosotros pis\u00e1ramos y entr\u00e1ramos en este juego; no tienen Egis tampoco, entonces mientras no haya un acta de entrega de terrenos de una Egis formal no nos han entregado la obra correctamente, por lo tanto \u00bfqu\u00e9 pod\u00edamos hacer nosotros si no se nos entrega la obra?\u201d, acus\u00f3.<br \/>\nFinalmente dijo que la empresa iniciar\u00e1 acciones judiciales contra los dirigentes que formularon estas acusaciones \u201cy llegaremos hasta las \u00faltimas consecuencias, porque han acusado a una empresa sin tener los argumentos t\u00e9cnicos para poder hacerlo porque corresponde a un delito de injurias y calumnias con publicidad, porque nosotros tenemos como comprobar que eso no es as\u00ed, yo Jos\u00e9 Luis Bravo no soy ning\u00fan delincuente ni un estafador\u201d, expres\u00f3.<br \/>\n\u201cAqu\u00ed se nos ha pegado en el suelo por fines pol\u00edticos porque vienen las elecciones, en consecuencia que nosotros hemos resuelto todos los problemas de la gente\u201d, fustig\u00f3.<\/p>\n","protected":false},"excerpt":{"rendered":"<p>LOS ANDES.- El due\u00f1o de la empresa constructora Bravo que fue acusada de una millonaria estafa a un comit\u00e9 habitacional de San Esteban y otros tres de Santa Mar\u00eda, Jos\u00e9 Luis Bravo,&#8230;<\/p>\n","protected":false},"author":482,"featured_media":63234,"comment_status":"open","ping_status":"open","sticky":false,"template":"","format":"standard","meta":{"advanced_seo_description":"","jetpack_seo_html_title":"","jetpack_seo_noindex":false,"_jetpack_memberships_contains_paid_content":false,"footnotes":""},"categories":[15],"tags":[],"class_list":["post-63233","post","type-post","status-publish","format-standard","has-post-thumbnail","hentry","category-comunidad"],"jetpack_featured_media_url":"https:\/\/i0.wp.com\/eltrabajo.cl\/portal\/wp-content\/uploads\/2015\/10\/estafa_vinedos121.jpg?fit=530%2C349&ssl=1","jetpack_sharing_enabled":true,"jetpack_likes_enabled":true,"jetpack-related-posts":[],"_links":{"self":[{"href":"https:\/\/eltrabajo.cl\/portal\/wp-json\/wp\/v2\/posts\/63233","targetHints":{"allow":["GET"]}}],"collection":[{"href":"https:\/\/eltrabajo.cl\/portal\/wp-json\/wp\/v2\/posts"}],"about":[{"href":"https:\/\/eltrabajo.cl\/portal\/wp-json\/wp\/v2\/types\/post"}],"author":[{"embeddable":true,"href":"https:\/\/eltrabajo.cl\/portal\/wp-json\/wp\/v2\/users\/482"}],"replies":[{"embeddable":true,"href":"https:\/\/eltrabajo.cl\/portal\/wp-json\/wp\/v2\/comments?post=63233"}],"version-history":[{"count":0,"href":"https:\/\/eltrabajo.cl\/portal\/wp-json\/wp\/v2\/posts\/63233\/revisions"}],"wp:featuredmedia":[{"embeddable":true,"href":"https:\/\/eltrabajo.cl\/portal\/wp-json\/wp\/v2\/media\/63234"}],"wp:attachment":[{"href":"https:\/\/eltrabajo.cl\/portal\/wp-json\/wp\/v2\/media?parent=63233"}],"wp:term":[{"taxonomy":"category","embeddable":true,"href":"https:\/\/eltrabajo.cl\/portal\/wp-json\/wp\/v2\/categories?post=63233"},{"taxonomy":"post_tag","embeddable":true,"href":"https:\/\/eltrabajo.cl\/portal\/wp-json\/wp\/v2\/tags?post=63233"}],"curies":[{"name":"wp","href":"https:\/\/api.w.org\/{rel}","templated":true}]}}