{"id":63236,"date":"2015-10-27T09:25:31","date_gmt":"2015-10-27T12:25:31","guid":{"rendered":"http:\/\/www.eltrabajo.cl\/portal\/?p=63236"},"modified":"2015-10-27T09:25:31","modified_gmt":"2015-10-27T12:25:31","slug":"autoridades-putaendinas-participan-de-comite-de-integracion-paso-sistema-cristo-redentor-en-argentina","status":"publish","type":"post","link":"https:\/\/eltrabajo.cl\/portal\/autoridades-putaendinas-participan-de-comite-de-integracion-paso-sistema-cristo-redentor-en-argentina\/","title":{"rendered":"Autoridades putaendinas participan de Comit\u00e9 de Integraci\u00f3n Paso Sistema Cristo Redentor en Argentina"},"content":{"rendered":"<figure id=\"attachment_63237\" aria-describedby=\"caption-attachment-63237\" style=\"width: 300px\" class=\"wp-caption alignleft\"><a href=\"https:\/\/i0.wp.com\/www.eltrabajo.cl\/portal\/wp-content\/uploads\/2015\/10\/Reunion-Intendente-de-Mendoza.jpg\"><img data-recalc-dims=\"1\" loading=\"lazy\" decoding=\"async\" class=\"wp-image-63237 size-medium\" src=\"https:\/\/i0.wp.com\/www.eltrabajo.cl\/portal\/wp-content\/uploads\/2015\/10\/Reunion-Intendente-de-Mendoza-300x198.jpg?resize=300%2C198\" alt=\"Reuni\u00f3n con el Intendente de Mendoza. En la comitiva participa el Consul chileno, representantes de la provincia de San Juan, Core, alcalde de Los Andes y alcalde de Putaendo.\" width=\"300\" height=\"198\" srcset=\"https:\/\/i0.wp.com\/eltrabajo.cl\/portal\/wp-content\/uploads\/2015\/10\/Reunion-Intendente-de-Mendoza.jpg?resize=300%2C198&amp;ssl=1 300w, https:\/\/i0.wp.com\/eltrabajo.cl\/portal\/wp-content\/uploads\/2015\/10\/Reunion-Intendente-de-Mendoza.jpg?resize=200%2C132&amp;ssl=1 200w, https:\/\/i0.wp.com\/eltrabajo.cl\/portal\/wp-content\/uploads\/2015\/10\/Reunion-Intendente-de-Mendoza.jpg?resize=228%2C150&amp;ssl=1 228w, https:\/\/i0.wp.com\/eltrabajo.cl\/portal\/wp-content\/uploads\/2015\/10\/Reunion-Intendente-de-Mendoza.jpg?resize=400%2C263&amp;ssl=1 400w, https:\/\/i0.wp.com\/eltrabajo.cl\/portal\/wp-content\/uploads\/2015\/10\/Reunion-Intendente-de-Mendoza.jpg?w=530&amp;ssl=1 530w\" sizes=\"auto, (max-width: 300px) 100vw, 300px\" \/><\/a><figcaption id=\"caption-attachment-63237\" class=\"wp-caption-text\">Reuni\u00f3n con el Intendente de Mendoza. En la comitiva participa el Consul chileno, representantes de la provincia de San Juan, Core, alcalde de Los Andes y alcalde de Putaendo.<\/figcaption><\/figure>\n<ul>\n<li><strong>El edil particip\u00f3 de reuniones bilaterales con su par el intendente de la ciudad de Mendoza y representantes de la provincia de San Juan y el Municipio de Maip\u00fa.<\/strong><\/li>\n<\/ul>\n<p><strong>PUTAENDO<\/strong>.- En el marco del XXXIV encuentro del Comit\u00e9 de Integraci\u00f3n Paso Sistema Cristo Redentor, que reuni\u00f3 a diversas autoridades chilenas y argentinas para tratar tem\u00e1ticas referidas al paso fronterizo, la comuna de Putaendo se abri\u00f3 espacio para incentivar y comprometer el trabajo en conjunto de ambos pa\u00edses para conmemorar el bicentenario de la gran gesta heroica de San Mart\u00edn y O\u2019Higgins que liber\u00f3 a Argentina, Chile y Per\u00fa.<br \/>\nEl Cruce del Ej\u00e9rcito de Los Andes en 1817, es una de las mayores haza\u00f1as de la historia militar del mundo que moviliz\u00f3 a m\u00e1s de 5 mil hombres por la Cordillera de Los Andes, desde la regi\u00f3n de Cuyo hasta nuestro pa\u00eds. Este trascendental hecho hist\u00f3rico tiene como protagonista a Putaendo; Primer Pueblo Libre de Chile, ciudad por donde pas\u00f3 la columna m\u00e1s numerosa del Ej\u00e9rcito que enfrentase a las tropas realistas en las escaramuzas de Achupallas en Casablanca y en la Batalla de Las Coimas.<br \/>\nPara el alcalde Guillermo Reyes este tipo de encuentros son muy positivos para mejorar el sistema Cristo Redentor y evaluar soluciones que optimicen el comercio internacional, turismo y desarrollo de ambas naciones. \u00abAdem\u00e1s de estas relevantes tem\u00e1ticas, hubo espacio para tratar la conmemoraci\u00f3n del Cruce de Los Andes, celebraci\u00f3n impulsada por nosotros y que fue muy bien recepcionada por autoridades chilenas y argentinas\u00bb, coment\u00f3 el edil de Putaendo.<br \/>\nLa colaboraci\u00f3n del c\u00f3nsul de Chile en Mendoza, Roberto Araoz, fue relevante para el contacto con el intendente (alcalde) de la ciudad de Mendoza, Adolfo Suarez, el director de Integraci\u00f3n y Desarrollo Regional de la Provincia de San Juan, Jos\u00e9 Antonio Cobos y el Ing. Eduardo Mezzabotta, Secretario de Infraestructura y Servicios de la Municipalidad de Maip\u00fa.<br \/>\n\u00abPropusimos que la conmemoraci\u00f3n del bicentenario del Cruce de Los Andes no solo se reserve para la Cabalgata por la senda de Los Libertadoresque se realiza en febrero de cada a\u00f1o, sino que haya todo un a\u00f1o de celebraciones, donde cada actividad que se realice este bajo un sello bicentenario\u00bb, explic\u00f3 el edil.<br \/>\nPara la autoridad si a alguna ciudad le debiese importar esta conmemoraci\u00f3n es a Putaendo. \u00abPor nuestro valle ingres\u00f3 gran parte del Ej\u00e9rcito de Los Andes, nos corresponde a nosotros promover y movilizarnos para realizar un gran evento digno de esta haza\u00f1a\u00bb, expres\u00f3 el alcalde, quien agreg\u00f3 que en su ciudad ya est\u00e1n trabajando en ese sentido.<br \/>\n\u00abAcabamos de comprar el terreno donde se emplaza el monolito de Achupallas en Casablanca. Esto nos permitir\u00e1 poder desarrollar, con el apoyo del Gobierno Regional, un monumento de cierta categor\u00eda muy similar al dise\u00f1o realizado por nuestra administraci\u00f3n en el sector de Las Coimas\u00bb, inform\u00f3 Reyes.<br \/>\nPor su parte, los Cores, liderados en este \u00e1mbito por el presidente de la Comisi\u00f3n de Inserci\u00f3n Internacional, Carlos Brice\u00f1o, manifestaron todo su respaldo y voluntad a esta iniciativa, donde se espera participen todas las comunas, provincias y regiones involucradas en este hecho hist\u00f3rico.<br \/>\nPara el alcalde de Putaendo, es ahora el momento de realizar una promoci\u00f3n masiva en Chile de lo que signific\u00f3 para Am\u00e9rica el Cruce de Los Andes, como asimismo, darle mayor visibilidad a la Cabalgata por el paso de Los Patos que conmemora este hecho cada a\u00f1o. \u00abValoramos el intenso trabajo realizado en este encuentro y los importantes contactos que realizamos para seguir trabajando arduamente en conseguir los objetivos planteados hacia el bicentenario del Cruce en el a\u00f1o 2017\u00bb, explic\u00f3 la autoridad edilicia.<br \/>\nEn dicha reuni\u00f3n con el intendente de Mendoza, el alcalde Guillermo Reyes y dem\u00e1s autoridades comunales y regionales propusieron gestionar con el Gobierno Provincial mendocino la instalaci\u00f3n de una placa conmemorativa en el Cerro de la Gloria donde se emplaza el impresionante y centenario monumento al Ej\u00e9rcito de Los Andes.<\/p>\n","protected":false},"excerpt":{"rendered":"<p>El edil particip\u00f3 de reuniones bilaterales con su par el intendente de la ciudad de Mendoza y representantes de la provincia de San Juan y el Municipio de Maip\u00fa. PUTAENDO.- En el&#8230;<\/p>\n","protected":false},"author":482,"featured_media":63237,"comment_status":"open","ping_status":"open","sticky":false,"template":"","format":"standard","meta":{"advanced_seo_description":"","jetpack_seo_html_title":"","jetpack_seo_noindex":false,"_jetpack_memberships_contains_paid_content":false,"footnotes":""},"categories":[1],"tags":[],"class_list":["post-63236","post","type-post","status-publish","format-standard","has-post-thumbnail","hentry","category-cronica"],"jetpack_featured_media_url":"https:\/\/i0.wp.com\/eltrabajo.cl\/portal\/wp-content\/uploads\/2015\/10\/Reunion-Intendente-de-Mendoza.jpg?fit=530%2C349&ssl=1","jetpack_sharing_enabled":true,"jetpack_likes_enabled":true,"jetpack-related-posts":[],"_links":{"self":[{"href":"https:\/\/eltrabajo.cl\/portal\/wp-json\/wp\/v2\/posts\/63236","targetHints":{"allow":["GET"]}}],"collection":[{"href":"https:\/\/eltrabajo.cl\/portal\/wp-json\/wp\/v2\/posts"}],"about":[{"href":"https:\/\/eltrabajo.cl\/portal\/wp-json\/wp\/v2\/types\/post"}],"author":[{"embeddable":true,"href":"https:\/\/eltrabajo.cl\/portal\/wp-json\/wp\/v2\/users\/482"}],"replies":[{"embeddable":true,"href":"https:\/\/eltrabajo.cl\/portal\/wp-json\/wp\/v2\/comments?post=63236"}],"version-history":[{"count":0,"href":"https:\/\/eltrabajo.cl\/portal\/wp-json\/wp\/v2\/posts\/63236\/revisions"}],"wp:featuredmedia":[{"embeddable":true,"href":"https:\/\/eltrabajo.cl\/portal\/wp-json\/wp\/v2\/media\/63237"}],"wp:attachment":[{"href":"https:\/\/eltrabajo.cl\/portal\/wp-json\/wp\/v2\/media?parent=63236"}],"wp:term":[{"taxonomy":"category","embeddable":true,"href":"https:\/\/eltrabajo.cl\/portal\/wp-json\/wp\/v2\/categories?post=63236"},{"taxonomy":"post_tag","embeddable":true,"href":"https:\/\/eltrabajo.cl\/portal\/wp-json\/wp\/v2\/tags?post=63236"}],"curies":[{"name":"wp","href":"https:\/\/api.w.org\/{rel}","templated":true}]}}