{"id":63242,"date":"2015-10-27T09:28:30","date_gmt":"2015-10-27T12:28:30","guid":{"rendered":"http:\/\/www.eltrabajo.cl\/portal\/?p=63242"},"modified":"2015-10-27T09:28:30","modified_gmt":"2015-10-27T12:28:30","slug":"este-fin-de-semana-se-realizo-segunda-fecha-de-programa-calles-abiertas-del-ind","status":"publish","type":"post","link":"https:\/\/eltrabajo.cl\/portal\/este-fin-de-semana-se-realizo-segunda-fecha-de-programa-calles-abiertas-del-ind\/","title":{"rendered":"Este fin de semana se realiz\u00f3 segunda fecha de programa Calles Abiertas del IND"},"content":{"rendered":"<figure id=\"attachment_63243\" aria-describedby=\"caption-attachment-63243\" style=\"width: 300px\" class=\"wp-caption alignleft\"><a href=\"https:\/\/i0.wp.com\/www.eltrabajo.cl\/portal\/wp-content\/uploads\/2015\/10\/Calles-Abiertas.jpg\"><img data-recalc-dims=\"1\" loading=\"lazy\" decoding=\"async\" class=\"wp-image-63243 size-medium\" src=\"https:\/\/i0.wp.com\/www.eltrabajo.cl\/portal\/wp-content\/uploads\/2015\/10\/Calles-Abiertas-300x197.jpg?resize=300%2C197\" alt=\"Con gran convocatoria se desarroll\u00f3 este domingo la segunda fecha del programa \u2018Calles Abiertas\u2019 de IND, actividad que busca la generaci\u00f3n de espacios para la pr\u00e1ctica de deporte y actividad f\u00edsica de manera gratuita y al aire libre.\" width=\"300\" height=\"197\" srcset=\"https:\/\/i0.wp.com\/eltrabajo.cl\/portal\/wp-content\/uploads\/2015\/10\/Calles-Abiertas.jpg?resize=300%2C197&amp;ssl=1 300w, https:\/\/i0.wp.com\/eltrabajo.cl\/portal\/wp-content\/uploads\/2015\/10\/Calles-Abiertas.jpg?resize=200%2C131&amp;ssl=1 200w, https:\/\/i0.wp.com\/eltrabajo.cl\/portal\/wp-content\/uploads\/2015\/10\/Calles-Abiertas.jpg?resize=228%2C150&amp;ssl=1 228w, https:\/\/i0.wp.com\/eltrabajo.cl\/portal\/wp-content\/uploads\/2015\/10\/Calles-Abiertas.jpg?resize=400%2C263&amp;ssl=1 400w, https:\/\/i0.wp.com\/eltrabajo.cl\/portal\/wp-content\/uploads\/2015\/10\/Calles-Abiertas.jpg?w=530&amp;ssl=1 530w\" sizes=\"auto, (max-width: 300px) 100vw, 300px\" \/><\/a><figcaption id=\"caption-attachment-63243\" class=\"wp-caption-text\">Con gran convocatoria se desarroll\u00f3 este domingo la segunda fecha del programa \u2018Calles Abiertas\u2019 de IND, actividad que busca la generaci\u00f3n de espacios para la pr\u00e1ctica de deporte y actividad f\u00edsica de manera gratuita y al aire libre.<\/figcaption><\/figure>\n<ul>\n<li><strong>Diversas disciplinas deportivas han congregado a sanfelipe\u00f1os de todas las edades.<\/strong><\/li>\n<\/ul>\n<p>Con una gran convocatoria de vecinos, de distintos puntos de la comuna, se realiz\u00f3 este domingo la segunda fecha del programa \u2018Calles Abiertas\u2019 de IND, iniciativa que corresponde a la generaci\u00f3n de espacios para la pr\u00e1ctica de deporte y actividad f\u00edsica de manera gratuita y al aire libre.<br \/>\nSan Felipe es una de las comunas que result\u00f3 favorecida con el desarrollo de este programa que el gobierno impulsa a trav\u00e9s del IND, con la coordinaci\u00f3n del Departamento de Deportes y Actividad F\u00edsica que dirige Danilo Pe\u00f1a, quien junto al alcalde subrogante Patricio Gonz\u00e1lez, dieron el vamos a esta instancia que se prolongar\u00e1 hasta el mes de diciembre.<br \/>\nEn su segunda fecha, el fitness y la zumba fueron las instancias deportivas que mayor cantidad de p\u00fablico congregaron, a\u00fan cuando el v\u00f3leibol y el b\u00e1squetbol tambi\u00e9n concitaron inter\u00e9s, principalmente entre ni\u00f1os y adolescentes.<br \/>\nSe trata de una gran oportunidad que tienen los vecinos para la pr\u00e1ctica gratuita de actividad f\u00edsica, bajo la supervisi\u00f3n de instructores certificados, seg\u00fan asever\u00f3 el alcalde subrogante Patricio Gonz\u00e1lez, quien destac\u00f3 las gestiones realizadas por el alcalde Patricio Freire, para lograr que se desarrollara esta iniciativa en nuestra comuna.<br \/>\n\u201cEstamos muy contentos porque San Felipe fue escogido por el IND para desarrollar esta iniciativa que la comunidad ha recibido con mucho entusiasmo, lo que queda de manifiesto en esta ma\u00f1ana, en que vemos a una gran cantidad de vecinos y vecinas participando\u201d, se\u00f1al\u00f3 el personero.<br \/>\nEn esta misma l\u00ednea, el coordinador del Departamento de Deportes de la municipalidad, Danilo Pe\u00f1a, manifest\u00f3 que \u201cson once fechas las que en total se vivir\u00e1n en nuestra comuna, con diez estaciones de actividad f\u00edsica y deporte. Esta es una iniciativa del Instituto Nacional del Deporte que nos entusiasma mucho, porque sabemos que la comunidad sanfelipe\u00f1a valora y aprovecha\u201d.<br \/>\nDanilo Pe\u00f1a manifest\u00f3 que en las pr\u00f3ximas fechas se sumar\u00e1n nuevas disciplinas, como la escalada, por lo que invit\u00f3 a los vecinos y vecinas para que sigan participando.<br \/>\nEn San Felipe, el programa \u2018Calles Abiertas\u2019 se realiza en Salinas, en el centro de la comuna, as\u00ed como tambi\u00e9n hay contempladas algunas fechas en sectores rurales. La cita es cada domingo, entre las 10:00 y las 14:00 horas.<\/p>\n","protected":false},"excerpt":{"rendered":"<p>Diversas disciplinas deportivas han congregado a sanfelipe\u00f1os de todas las edades. Con una gran convocatoria de vecinos, de distintos puntos de la comuna, se realiz\u00f3 este domingo la segunda fecha del programa&#8230;<\/p>\n","protected":false},"author":482,"featured_media":63243,"comment_status":"open","ping_status":"open","sticky":false,"template":"","format":"standard","meta":{"advanced_seo_description":"","jetpack_seo_html_title":"","jetpack_seo_noindex":false,"_jetpack_memberships_contains_paid_content":false,"footnotes":""},"categories":[1],"tags":[],"class_list":["post-63242","post","type-post","status-publish","format-standard","has-post-thumbnail","hentry","category-cronica"],"jetpack_featured_media_url":"https:\/\/i0.wp.com\/eltrabajo.cl\/portal\/wp-content\/uploads\/2015\/10\/Calles-Abiertas.jpg?fit=530%2C348&ssl=1","jetpack_sharing_enabled":true,"jetpack_likes_enabled":true,"jetpack-related-posts":[],"_links":{"self":[{"href":"https:\/\/eltrabajo.cl\/portal\/wp-json\/wp\/v2\/posts\/63242","targetHints":{"allow":["GET"]}}],"collection":[{"href":"https:\/\/eltrabajo.cl\/portal\/wp-json\/wp\/v2\/posts"}],"about":[{"href":"https:\/\/eltrabajo.cl\/portal\/wp-json\/wp\/v2\/types\/post"}],"author":[{"embeddable":true,"href":"https:\/\/eltrabajo.cl\/portal\/wp-json\/wp\/v2\/users\/482"}],"replies":[{"embeddable":true,"href":"https:\/\/eltrabajo.cl\/portal\/wp-json\/wp\/v2\/comments?post=63242"}],"version-history":[{"count":0,"href":"https:\/\/eltrabajo.cl\/portal\/wp-json\/wp\/v2\/posts\/63242\/revisions"}],"wp:featuredmedia":[{"embeddable":true,"href":"https:\/\/eltrabajo.cl\/portal\/wp-json\/wp\/v2\/media\/63243"}],"wp:attachment":[{"href":"https:\/\/eltrabajo.cl\/portal\/wp-json\/wp\/v2\/media?parent=63242"}],"wp:term":[{"taxonomy":"category","embeddable":true,"href":"https:\/\/eltrabajo.cl\/portal\/wp-json\/wp\/v2\/categories?post=63242"},{"taxonomy":"post_tag","embeddable":true,"href":"https:\/\/eltrabajo.cl\/portal\/wp-json\/wp\/v2\/tags?post=63242"}],"curies":[{"name":"wp","href":"https:\/\/api.w.org\/{rel}","templated":true}]}}