{"id":63245,"date":"2015-10-27T09:32:58","date_gmt":"2015-10-27T12:32:58","guid":{"rendered":"http:\/\/www.eltrabajo.cl\/portal\/?p=63245"},"modified":"2015-10-27T09:32:58","modified_gmt":"2015-10-27T12:32:58","slug":"impulsan-mesa-de-trabajo-para-mejorar-coordinacion-en-situaciones-de-emergencia","status":"publish","type":"post","link":"https:\/\/eltrabajo.cl\/portal\/impulsan-mesa-de-trabajo-para-mejorar-coordinacion-en-situaciones-de-emergencia\/","title":{"rendered":"Impulsan mesa de trabajo para mejorar coordinaci\u00f3n en situaciones de emergencia"},"content":{"rendered":"<figure id=\"attachment_63246\" aria-describedby=\"caption-attachment-63246\" style=\"width: 300px\" class=\"wp-caption alignleft\"><a href=\"https:\/\/i0.wp.com\/www.eltrabajo.cl\/portal\/wp-content\/uploads\/2015\/10\/Mesa-trabajo-Servicio-Salud-Aconcagua-3.jpg\"><img data-recalc-dims=\"1\" loading=\"lazy\" decoding=\"async\" class=\"wp-image-63246 size-medium\" src=\"https:\/\/i0.wp.com\/www.eltrabajo.cl\/portal\/wp-content\/uploads\/2015\/10\/Mesa-trabajo-Servicio-Salud-Aconcagua-3-300x198.jpg?resize=300%2C198\" alt=\"Diversas autoridades junto a la Directora del Servicio de Salud Aconcagua, Dra. Vilma Olave, establecieron una mesa de trabajo para mejorar las coordinaciones en situaci\u00f3n de emergencia.\" width=\"300\" height=\"198\" srcset=\"https:\/\/i0.wp.com\/eltrabajo.cl\/portal\/wp-content\/uploads\/2015\/10\/Mesa-trabajo-Servicio-Salud-Aconcagua-3.jpg?resize=300%2C198&amp;ssl=1 300w, https:\/\/i0.wp.com\/eltrabajo.cl\/portal\/wp-content\/uploads\/2015\/10\/Mesa-trabajo-Servicio-Salud-Aconcagua-3.jpg?resize=200%2C132&amp;ssl=1 200w, https:\/\/i0.wp.com\/eltrabajo.cl\/portal\/wp-content\/uploads\/2015\/10\/Mesa-trabajo-Servicio-Salud-Aconcagua-3.jpg?resize=228%2C150&amp;ssl=1 228w, https:\/\/i0.wp.com\/eltrabajo.cl\/portal\/wp-content\/uploads\/2015\/10\/Mesa-trabajo-Servicio-Salud-Aconcagua-3.jpg?resize=400%2C263&amp;ssl=1 400w, https:\/\/i0.wp.com\/eltrabajo.cl\/portal\/wp-content\/uploads\/2015\/10\/Mesa-trabajo-Servicio-Salud-Aconcagua-3.jpg?w=530&amp;ssl=1 530w\" sizes=\"auto, (max-width: 300px) 100vw, 300px\" \/><\/a><figcaption id=\"caption-attachment-63246\" class=\"wp-caption-text\">Diversas autoridades junto a la Directora del Servicio de Salud Aconcagua, Dra. Vilma Olave, establecieron una mesa de trabajo para mejorar las coordinaciones en situaci\u00f3n de emergencia.<\/figcaption><\/figure>\n<ul>\n<li><strong>\u201cEste es un primer paso que damos junto al municipio, carabineros, bomberos y comunidad de Putaendo. Agradezco la disposici\u00f3n y el compromiso de cada uno de ellos con quienes seguiremos trabajando juntos para mejorar los servicios que entregamos\u201d, expres\u00f3 la Directora del Servicio de Salud Aconcagua, Dra. Vilma Olave.<\/strong><\/li>\n<\/ul>\n<p>La Directora del Servicio de Salud Aconcagua, Dra. Vilma Olave, atendiendo las solicitudes y propuestas de los padres y autoridades municipales expresadas a ra\u00edz del lamentable fallecimiento de una menor de tres a\u00f1os ocurrido recientemente en la ruta Putaendo-Cabildo, agradeci\u00f3 la participaci\u00f3n del alcalde Guillermo Reyes y el Concejo Municipal de Putaendo, bomberos, carabineros, vialidad y representantes sociales, por integrarse a una mesa de trabajo para mejorar el trabajo que brindan estos organismos a la comunidad.<br \/>\nEn la oportunidad, se expresaron diferentes puntos de vistas y los roles que tienen los organismos que intervienen en una emergencia, acord\u00e1ndose una agenda de trabajo conjunta tanto en la prevenci\u00f3n de accidentes como en un \u00f3ptimo manejo, una vez ocurrido el evento.<br \/>\n\u201cPara el Servicio de Salud Aconcagua es de mucha importancia resolver sus temas con quienes corresponde. Por eso, quiero destacar y agradecer la participaci\u00f3n en este primer encuentro del alcalde Guillermo Reyes y el Concejo Municipal, de vialidad, bomberos, carabineros y dirigentes sociales de Putaendo. Hemos tenido un espacio de trabajo en la que, junto con expresar los distintos puntos de vistas que cada organismo tiene ante una situaci\u00f3n de emergencia, tambi\u00e9n avanzamos y nos comprometimos a desplegar una agenda de actividades con \u00e9nfasis en la prevenci\u00f3n del accidente y en optimizar el uso de la red cuando este ocurre.\u201d<br \/>\n\u201cPor el incremento de los accidentes, lamentablemente varios de ellos con consecuencias fatales, Vialidad dispuso mejorar la se\u00f1al\u00e9tica y otros elementos de seguridad. Por su parte, el alcalde Guillermo Reyes reiter\u00f3 que el Subsecretario de Telecomunicaciones, Subtel, se hab\u00eda comprometido a hacer gestiones para que se instale una antena repetidora que capte se\u00f1ales de celulares.\u201d<br \/>\n\u201cRespecto a optimizar el uso de la red cuando ha ocurrido el accidente, acordamos dejar un m\u00f3vil de emergencia en forma permanente apoy\u00e1ndonos desde la base Samu San Felipe para realizar traslados secundarios. Por su parte, el municipio tambi\u00e9n evaluar\u00e1 la posibilidad de asistir estos traslados secundarios con un veh\u00edculo del Centro de Salud Familiar. A su vez, evaluaremos la posibilidad de cubrir algunos otros turnos extraordinarios y de extender hasta las cero horas la segunda ambulancia.\u201d<br \/>\n\u201cUna agenda de trabajo que iremos evaluando sus resultados, porque nuestro inter\u00e9s es mantener esta instancia para que efectivamente podamos mejorar las coordinaciones y optimicemos los servicios que entregamos los distintos organismos ante una situaci\u00f3n de emergencia\u201d, concluy\u00f3 la Dra. Vilma Olave, Directora del Servicio de Salud Aconcagua.<br \/>\nFinalmente, el alcalde Guillermo Reyes expres\u00f3 su satisfacci\u00f3n se\u00f1alando que \u201ccuando se quiere avanzar y resolver los obst\u00e1culos, se puede. Esta convocatoria lo confirma. En esta primera reuni\u00f3n, el Servicio de Salud de Aconcagua ha presentado alternativas que en lo inmediato mitigar\u00e1n los riesgos y en un mediano plazo podr\u00edamos tener una soluci\u00f3n m\u00e1s permanente y m\u00e1s adecuada a las necesidades actuales. Seguiremos trabajando hasta que logremos entregar y garantizar las seguridades que la gente de nuestra comuna y la que nos visita se merece.\u201d<\/p>\n","protected":false},"excerpt":{"rendered":"<p>\u201cEste es un primer paso que damos junto al municipio, carabineros, bomberos y comunidad de Putaendo. Agradezco la disposici\u00f3n y el compromiso de cada uno de ellos con quienes seguiremos trabajando juntos&#8230;<\/p>\n","protected":false},"author":482,"featured_media":63246,"comment_status":"open","ping_status":"open","sticky":false,"template":"","format":"standard","meta":{"advanced_seo_description":"","jetpack_seo_html_title":"","jetpack_seo_noindex":false,"_jetpack_memberships_contains_paid_content":false,"footnotes":""},"categories":[1],"tags":[],"class_list":["post-63245","post","type-post","status-publish","format-standard","has-post-thumbnail","hentry","category-cronica"],"jetpack_featured_media_url":"https:\/\/i0.wp.com\/eltrabajo.cl\/portal\/wp-content\/uploads\/2015\/10\/Mesa-trabajo-Servicio-Salud-Aconcagua-3.jpg?fit=530%2C349&ssl=1","jetpack_sharing_enabled":true,"jetpack_likes_enabled":true,"jetpack-related-posts":[],"_links":{"self":[{"href":"https:\/\/eltrabajo.cl\/portal\/wp-json\/wp\/v2\/posts\/63245","targetHints":{"allow":["GET"]}}],"collection":[{"href":"https:\/\/eltrabajo.cl\/portal\/wp-json\/wp\/v2\/posts"}],"about":[{"href":"https:\/\/eltrabajo.cl\/portal\/wp-json\/wp\/v2\/types\/post"}],"author":[{"embeddable":true,"href":"https:\/\/eltrabajo.cl\/portal\/wp-json\/wp\/v2\/users\/482"}],"replies":[{"embeddable":true,"href":"https:\/\/eltrabajo.cl\/portal\/wp-json\/wp\/v2\/comments?post=63245"}],"version-history":[{"count":0,"href":"https:\/\/eltrabajo.cl\/portal\/wp-json\/wp\/v2\/posts\/63245\/revisions"}],"wp:featuredmedia":[{"embeddable":true,"href":"https:\/\/eltrabajo.cl\/portal\/wp-json\/wp\/v2\/media\/63246"}],"wp:attachment":[{"href":"https:\/\/eltrabajo.cl\/portal\/wp-json\/wp\/v2\/media?parent=63245"}],"wp:term":[{"taxonomy":"category","embeddable":true,"href":"https:\/\/eltrabajo.cl\/portal\/wp-json\/wp\/v2\/categories?post=63245"},{"taxonomy":"post_tag","embeddable":true,"href":"https:\/\/eltrabajo.cl\/portal\/wp-json\/wp\/v2\/tags?post=63245"}],"curies":[{"name":"wp","href":"https:\/\/api.w.org\/{rel}","templated":true}]}}