{"id":63248,"date":"2015-10-27T09:37:55","date_gmt":"2015-10-27T12:37:55","guid":{"rendered":"http:\/\/www.eltrabajo.cl\/portal\/?p=63248"},"modified":"2015-10-27T09:37:55","modified_gmt":"2015-10-27T12:37:55","slug":"masiva-asistencia-de-vecinos-a-gobernacion-por-tramites-en-registro-civil","status":"publish","type":"post","link":"https:\/\/eltrabajo.cl\/portal\/masiva-asistencia-de-vecinos-a-gobernacion-por-tramites-en-registro-civil\/","title":{"rendered":"Masiva asistencia de vecinos a Gobernaci\u00f3n por tr\u00e1mites en Registro Civil"},"content":{"rendered":"<figure id=\"attachment_63249\" aria-describedby=\"caption-attachment-63249\" style=\"width: 300px\" class=\"wp-caption alignleft\"><a href=\"https:\/\/i0.wp.com\/www.eltrabajo.cl\/portal\/wp-content\/uploads\/2015\/10\/Filas1.jpg\"><img data-recalc-dims=\"1\" loading=\"lazy\" decoding=\"async\" class=\"wp-image-63249 size-medium\" src=\"https:\/\/i0.wp.com\/www.eltrabajo.cl\/portal\/wp-content\/uploads\/2015\/10\/Filas1-300x198.jpg?resize=300%2C198\" alt=\"LARGAS FILAS.- Cientos de personas son atendidas en el segundo piso de Gobernaci\u00f3n de San Felipe, a ra\u00edz del paro nacional que tambi\u00e9n nos afecta en la comuna.\" width=\"300\" height=\"198\" srcset=\"https:\/\/i0.wp.com\/eltrabajo.cl\/portal\/wp-content\/uploads\/2015\/10\/Filas1.jpg?resize=300%2C198&amp;ssl=1 300w, https:\/\/i0.wp.com\/eltrabajo.cl\/portal\/wp-content\/uploads\/2015\/10\/Filas1.jpg?resize=200%2C132&amp;ssl=1 200w, https:\/\/i0.wp.com\/eltrabajo.cl\/portal\/wp-content\/uploads\/2015\/10\/Filas1.jpg?resize=227%2C150&amp;ssl=1 227w, https:\/\/i0.wp.com\/eltrabajo.cl\/portal\/wp-content\/uploads\/2015\/10\/Filas1.jpg?resize=400%2C264&amp;ssl=1 400w, https:\/\/i0.wp.com\/eltrabajo.cl\/portal\/wp-content\/uploads\/2015\/10\/Filas1.jpg?w=530&amp;ssl=1 530w\" sizes=\"auto, (max-width: 300px) 100vw, 300px\" \/><\/a><figcaption id=\"caption-attachment-63249\" class=\"wp-caption-text\">LARGAS FILAS.- Cientos de personas son atendidas en el segundo piso de Gobernaci\u00f3n de San Felipe, a ra\u00edz del paro nacional que tambi\u00e9n nos afecta en la comuna.<\/figcaption><\/figure>\n<p>Desde el 28 de septiembre el Registro Civil se encuentra en paro nacional, pero fue hasta el viernes pasado que la presidenta de la Asociaci\u00f3n Nacional de Funcionarios del Registro Civil, Nelly D\u00edaz, anunci\u00f3 que la paralizaci\u00f3n de labores ser\u00eda total a nivel de todo Chile, situaci\u00f3n que tambi\u00e9n afecta a los aconcag\u00fcinos que usamos los servicios de la oficina del Registro Civil en nuestra ciudad.<br \/>\nSeg\u00fan los funcionarios, la Ministra de Justicia, Javiera Blanco, no ha respondido hasta el d\u00eda de hoy por las demandas que los trabajadores del servicio plantean como parte del acuerdo de fin de conflicto tras el extenso paro de 2013, principalmente la normalizaci\u00f3n de la planta del organismo.<br \/>\nDiario El Trabajo monitore\u00f3 este lunes el accionar del Registro Civil, jornada que nos permiti\u00f3 confirmar el efecto \u2018rebote\u2019 sufrido por los usuarios que tocaban la puerta de vidrio tras una cortina met\u00e1lica a medio bajar.<\/p>\n<p><strong>EFECTO REBOTE<\/strong><br \/>\nDurante varios minutos debimos insistir en esa puerta, hasta que Horacio Huren Mu\u00f1oz, oficial civil de San Felipe, decidi\u00f3 por fin atendernos, permiti\u00e9ndonos pasar al mes\u00f3n principal.<br \/>\n\u00abLo que estamos solicitando es la entrega de un bono que a la fecha no se nos ha cumplido. Este bono tiene que ver con la producci\u00f3n, pues cada d\u00eda se nos va sumando m\u00e1s labores en nuestro trabajo, el Ministro nos prometi\u00f3 este bono en 2014 durante nuestro \u00faltimo aniversario, hubo cambio de ministros y no se nos cumpli\u00f3, creo que los protocolos igual deben cumplirse en este caso\u00bb, explic\u00f3 el funcionario.<br \/>\nSeg\u00fan Huren, algunos tr\u00e1mites s\u00ed se est\u00e1n realizando en el segundo piso de Gobernaci\u00f3n de San Felipe, ente de gobierno que s\u00ed est\u00e1 asumiendo un rol de inmediatez para al menos entregar c\u00e9dulas y tramitar algunas certificaciones a los usuarios, quienes hacen largas filas en la escalera principal de acceso.<br \/>\n\u00abDesde el viernes se nos llam\u00f3 a un paro total de actividades, igual estamos realizando los matrimonios y tr\u00e1mites de uniones civiles, los certificados los est\u00e1 emitiendo Gobernaci\u00f3n en el segundo piso, las c\u00e9dulas las entregar\u00e1 en Gobernaci\u00f3n a partir de este martes. El personal de Gobernaci\u00f3n ser\u00e1 el encargado de realizar estas labores, y ellos ser\u00e1n quienes informen al p\u00fablico de los servicios y en los horarios que atender\u00e1n\u00bb, agreg\u00f3 el encargado del Registro Civil a Diario El Trabajo.<br \/>\nNuestro medio insisti\u00f3 por horas en Gobernaci\u00f3n para que de forma oficial se nos confirmaran el horario y la clase de servicios que esta entidad est\u00e1 atendiendo, pero el gobernador Eduardo Le\u00f3n no se encontraba ayer en San Felipe, por lo que nadie quiso brindar declaraciones a fin de informar a la poblaci\u00f3n.<br \/>\nDe manera extraoficial Diario El Trabajo s\u00ed logr\u00f3 indagar algunos detalles de los servicios que en Gobernaci\u00f3n estar\u00edan atendiendo, el horario es desde 8:30 a 14:00 horas, para tr\u00e1mites de certificaciones y Clave \u00danica, as\u00ed como entrega de c\u00e9dulas.<\/p>\n<p><strong>ALVARADO DESCALIFICA\u00a0A LOS \u2018ROMPEHUELGAS\u2019<\/strong><br \/>\nLa Secretaria regional de funcionarios del Registro Civil, Sonia Alvarado, habl\u00f3 al cierre de nuestra edici\u00f3n v\u00eda telef\u00f3nica con Diario El Trabajo.<br \/>\n<strong>&#8211; \u00bfC\u00f3mo les ha ido en las reuniones de hoy (ayer) lunes a nivel regional?<\/strong><br \/>\n<strong>&#8211;<\/strong> Nos ha ido mal, muy mal. Todos los dirigentes del pa\u00eds hemos sido llamados para cerrar filas. Se acabaron los paros \u00e9ticos, o sea, que el mi\u00e9rcoles (ma\u00f1ana) estaremos haciendo una marcha en todas partes del pa\u00eds.<br \/>\n<strong>&#8211; \u00bfQu\u00e9 opina luego que Gobernaci\u00f3n asumiera las tareas del Registro Civil?<\/strong><br \/>\n<strong>&#8211;<\/strong> Estas son las pr\u00e1cticas antisindicales del Gobierno, de intentar apagar el fuego con bencina, pues los funcionarios que est\u00e1n atendiendo en Gobernaci\u00f3n no tienen el profesionalismo; el conocimiento ni la t\u00e9cnica para manejar una maleta tecnol\u00f3gica como ellos pretenden hacerlo, no entiendo c\u00f3mo el Gobierno est\u00e1 enga\u00f1ando a la gente con estas pr\u00e1cticas.<br \/>\n<strong>&#8211; \u00bfEst\u00e1 usted molesta con estas acciones?<\/strong><br \/>\n<strong>&#8211;<\/strong> No s\u00f3lo yo estoy molesta, todos estamos indignados, los m\u00e1s de 3.000 funcionarios estamos muy molestos, el Gobierno ya nos est\u00e1 amenazando con sumarios administrativos.<\/p>\n<p><strong>DATOS ADICIONALES PARA LOS USUARIOS<\/strong><br \/>\nLas intendencias y gobernaciones han dispuesto un n\u00famero de funcionarios para que puedan suplir la eventual carencia de oficiales titulares del Registro Civil, debido a la paralizaci\u00f3n ilegal que afecta al servicio; con el fin de poder celebrar en normalidad los matrimonios y Acuerdos de Uni\u00f3n Civil programados en estas fechas.<br \/>\nEstas medidas se suman a las adoptadas por el Gobierno desde el inicio de la paralizaci\u00f3n de los funcionarios del Registro Civil el 29 de septiembre pasado, entre las que destacan:<br \/>\nExtensi\u00f3n de la vigencia de las c\u00e9dulas de identidad hasta el 31 de diciembre de 2015; postergaci\u00f3n del alza del valor actual de los pasaportes hasta cinco d\u00edas h\u00e1biles despu\u00e9s de terminado el paro; habilitaci\u00f3n de locales a lo largo del pa\u00eds para la entrega de c\u00f3digo de activaci\u00f3n de la Clave \u00danica, que permite la obtenci\u00f3n de certificados en el sitio web de la repartici\u00f3n; medidas adicionales para extranjeros que a\u00fan no pueden acceder a su documentaci\u00f3n. En nuestra comuna: Gobernaci\u00f3n de San Felipe (Salinas 1231 piso 2, San Felipe) (34) 237 3023.<br \/>\n<strong>Roberto Gonz\u00e1lez Short<\/strong><br \/>\n<strong>rgonzalez@eltrabajo.cl<\/strong><\/p>\n<div class=\"tiled-gallery type-rectangular tiled-gallery-unresized\" data-original-width=\"640\" data-carousel-extra='null' itemscope itemtype=\"http:\/\/schema.org\/ImageGallery\" > <div class=\"gallery-row\" style=\"width: 640px; height: 282px;\" data-original-width=\"640\" data-original-height=\"282\" > <div class=\"gallery-group images-1\" style=\"width: 428px; height: 282px;\" data-original-width=\"428\" data-original-height=\"282\" > <div class=\"tiled-gallery-item tiled-gallery-item-large\" itemprop=\"associatedMedia\" itemscope itemtype=\"http:\/\/schema.org\/ImageObject\"> <a href=\"https:\/\/eltrabajo.cl\/portal\/masiva-asistencia-de-vecinos-a-gobernacion-por-tramites-en-registro-civil\/filas2\/\" border=\"0\" itemprop=\"url\"> <meta itemprop=\"width\" content=\"424\"> <meta itemprop=\"height\" content=\"278\"> <img decoding=\"async\" class=\"\" data-attachment-id=\"63251\" data-orig-file=\"https:\/\/eltrabajo.cl\/portal\/wp-content\/uploads\/2015\/10\/Filas2.jpg\" data-orig-size=\"530,348\" data-comments-opened=\"1\" data-image-meta=\"{&quot;aperture&quot;:&quot;0&quot;,&quot;credit&quot;:&quot;&quot;,&quot;camera&quot;:&quot;&quot;,&quot;caption&quot;:&quot;&quot;,&quot;created_timestamp&quot;:&quot;0&quot;,&quot;copyright&quot;:&quot;&quot;,&quot;focal_length&quot;:&quot;0&quot;,&quot;iso&quot;:&quot;0&quot;,&quot;shutter_speed&quot;:&quot;0&quot;,&quot;title&quot;:&quot;&quot;,&quot;orientation&quot;:&quot;0&quot;}\" data-image-title=\"Filas2\" data-image-description=\"&lt;p&gt;TR\u00c1MITES R\u00c1PIDOS.- Las c\u00e1maras de Diario El Trabajo tomaron registro este lunes del accionar de Gobernaci\u00f3n en torno a este paro del Registro Civil.&lt;\/p&gt; \" data-medium-file=\"https:\/\/i0.wp.com\/eltrabajo.cl\/portal\/wp-content\/uploads\/2015\/10\/Filas2.jpg?fit=300%2C197&#038;ssl=1\" data-large-file=\"https:\/\/i0.wp.com\/eltrabajo.cl\/portal\/wp-content\/uploads\/2015\/10\/Filas2.jpg?fit=530%2C348&#038;ssl=1\" src=\"https:\/\/i0.wp.com\/eltrabajo.cl\/portal\/wp-content\/uploads\/2015\/10\/Filas2.jpg?w=424&#038;h=278&#038;ssl=1\" srcset=\"https:\/\/i0.wp.com\/eltrabajo.cl\/portal\/wp-content\/uploads\/2015\/10\/Filas2.jpg?w=530&amp;ssl=1 530w, https:\/\/i0.wp.com\/eltrabajo.cl\/portal\/wp-content\/uploads\/2015\/10\/Filas2.jpg?resize=200%2C131&amp;ssl=1 200w, https:\/\/i0.wp.com\/eltrabajo.cl\/portal\/wp-content\/uploads\/2015\/10\/Filas2.jpg?resize=300%2C197&amp;ssl=1 300w, https:\/\/i0.wp.com\/eltrabajo.cl\/portal\/wp-content\/uploads\/2015\/10\/Filas2.jpg?resize=228%2C150&amp;ssl=1 228w, https:\/\/i0.wp.com\/eltrabajo.cl\/portal\/wp-content\/uploads\/2015\/10\/Filas2.jpg?resize=400%2C263&amp;ssl=1 400w\" width=\"424\" height=\"278\" loading=\"lazy\" data-original-width=\"424\" data-original-height=\"278\" itemprop=\"http:\/\/schema.org\/image\" title=\"Filas2\" alt=\"TR\u00c1MITES R\u00c1PIDOS.- Las c\u00e1maras de Diario El Trabajo tomaron registro este lunes del accionar de Gobernaci\u00f3n en torno a este paro del Registro Civil.\" style=\"width: 424px; height: 278px;\" \/> <\/a> <div class=\"tiled-gallery-caption\" itemprop=\"caption description\"> TR\u00c1MITES R\u00c1PIDOS.- Las c\u00e1maras de Diario El Trabajo tomaron registro este lunes del accionar de Gobernaci\u00f3n en torno a este paro del Registro Civil. <\/div> <\/div> <\/div> <!-- close group --> <div class=\"gallery-group images-2\" style=\"width: 212px; height: 282px;\" data-original-width=\"212\" data-original-height=\"282\" > <div class=\"tiled-gallery-item tiled-gallery-item-small\" itemprop=\"associatedMedia\" itemscope itemtype=\"http:\/\/schema.org\/ImageObject\"> <a href=\"https:\/\/eltrabajo.cl\/portal\/masiva-asistencia-de-vecinos-a-gobernacion-por-tramites-en-registro-civil\/espalda33\/\" border=\"0\" itemprop=\"url\"> <meta itemprop=\"width\" content=\"208\"> <meta itemprop=\"height\" content=\"137\"> <img decoding=\"async\" class=\"\" data-attachment-id=\"63250\" data-orig-file=\"https:\/\/eltrabajo.cl\/portal\/wp-content\/uploads\/2015\/10\/Espalda33.jpg\" data-orig-size=\"530,348\" data-comments-opened=\"1\" data-image-meta=\"{&quot;aperture&quot;:&quot;0&quot;,&quot;credit&quot;:&quot;&quot;,&quot;camera&quot;:&quot;&quot;,&quot;caption&quot;:&quot;&quot;,&quot;created_timestamp&quot;:&quot;0&quot;,&quot;copyright&quot;:&quot;&quot;,&quot;focal_length&quot;:&quot;0&quot;,&quot;iso&quot;:&quot;0&quot;,&quot;shutter_speed&quot;:&quot;0&quot;,&quot;title&quot;:&quot;&quot;,&quot;orientation&quot;:&quot;0&quot;}\" data-image-title=\"Espalda33\" data-image-description=\"&lt;p&gt;CERRADO.- Diario El Trabajo debi\u00f3 ayer insistir para poder hablar con funcionarios del Registro Civil.&lt;\/p&gt; \" data-medium-file=\"https:\/\/i0.wp.com\/eltrabajo.cl\/portal\/wp-content\/uploads\/2015\/10\/Espalda33.jpg?fit=300%2C197&#038;ssl=1\" data-large-file=\"https:\/\/i0.wp.com\/eltrabajo.cl\/portal\/wp-content\/uploads\/2015\/10\/Espalda33.jpg?fit=530%2C348&#038;ssl=1\" src=\"https:\/\/i0.wp.com\/eltrabajo.cl\/portal\/wp-content\/uploads\/2015\/10\/Espalda33.jpg?w=208&#038;h=137&#038;ssl=1\" srcset=\"https:\/\/i0.wp.com\/eltrabajo.cl\/portal\/wp-content\/uploads\/2015\/10\/Espalda33.jpg?w=530&amp;ssl=1 530w, https:\/\/i0.wp.com\/eltrabajo.cl\/portal\/wp-content\/uploads\/2015\/10\/Espalda33.jpg?resize=200%2C131&amp;ssl=1 200w, https:\/\/i0.wp.com\/eltrabajo.cl\/portal\/wp-content\/uploads\/2015\/10\/Espalda33.jpg?resize=300%2C197&amp;ssl=1 300w, https:\/\/i0.wp.com\/eltrabajo.cl\/portal\/wp-content\/uploads\/2015\/10\/Espalda33.jpg?resize=228%2C150&amp;ssl=1 228w, https:\/\/i0.wp.com\/eltrabajo.cl\/portal\/wp-content\/uploads\/2015\/10\/Espalda33.jpg?resize=400%2C263&amp;ssl=1 400w\" width=\"208\" height=\"137\" loading=\"lazy\" data-original-width=\"208\" data-original-height=\"137\" itemprop=\"http:\/\/schema.org\/image\" title=\"Espalda33\" alt=\"CERRADO.- Diario El Trabajo debi\u00f3 ayer insistir para poder hablar con funcionarios del Registro Civil.\" style=\"width: 208px; height: 137px;\" \/> <\/a> <div class=\"tiled-gallery-caption\" itemprop=\"caption description\"> CERRADO.- Diario El Trabajo debi\u00f3 ayer insistir para poder hablar con funcionarios del Registro Civil. <\/div> <\/div> <div class=\"tiled-gallery-item tiled-gallery-item-small\" itemprop=\"associatedMedia\" itemscope itemtype=\"http:\/\/schema.org\/ImageObject\"> <a href=\"https:\/\/eltrabajo.cl\/portal\/masiva-asistencia-de-vecinos-a-gobernacion-por-tramites-en-registro-civil\/horacio-huren-2\/\" border=\"0\" itemprop=\"url\"> <meta itemprop=\"width\" content=\"208\"> <meta itemprop=\"height\" content=\"137\"> <img decoding=\"async\" class=\"\" data-attachment-id=\"63252\" data-orig-file=\"https:\/\/eltrabajo.cl\/portal\/wp-content\/uploads\/2015\/10\/Horacio-Huren.jpg\" data-orig-size=\"530,350\" data-comments-opened=\"1\" data-image-meta=\"{&quot;aperture&quot;:&quot;0&quot;,&quot;credit&quot;:&quot;&quot;,&quot;camera&quot;:&quot;&quot;,&quot;caption&quot;:&quot;&quot;,&quot;created_timestamp&quot;:&quot;0&quot;,&quot;copyright&quot;:&quot;&quot;,&quot;focal_length&quot;:&quot;0&quot;,&quot;iso&quot;:&quot;0&quot;,&quot;shutter_speed&quot;:&quot;0&quot;,&quot;title&quot;:&quot;&quot;,&quot;orientation&quot;:&quot;0&quot;}\" data-image-title=\"Horacio Huren\" data-image-description=\"&lt;p&gt;Horacio Huren Mu\u00f1oz, oficial civil de San Felipe.&lt;\/p&gt; \" data-medium-file=\"https:\/\/i0.wp.com\/eltrabajo.cl\/portal\/wp-content\/uploads\/2015\/10\/Horacio-Huren.jpg?fit=300%2C198&#038;ssl=1\" data-large-file=\"https:\/\/i0.wp.com\/eltrabajo.cl\/portal\/wp-content\/uploads\/2015\/10\/Horacio-Huren.jpg?fit=530%2C350&#038;ssl=1\" src=\"https:\/\/i0.wp.com\/eltrabajo.cl\/portal\/wp-content\/uploads\/2015\/10\/Horacio-Huren.jpg?w=208&#038;h=137&#038;ssl=1\" srcset=\"https:\/\/i0.wp.com\/eltrabajo.cl\/portal\/wp-content\/uploads\/2015\/10\/Horacio-Huren.jpg?w=530&amp;ssl=1 530w, https:\/\/i0.wp.com\/eltrabajo.cl\/portal\/wp-content\/uploads\/2015\/10\/Horacio-Huren.jpg?resize=200%2C132&amp;ssl=1 200w, https:\/\/i0.wp.com\/eltrabajo.cl\/portal\/wp-content\/uploads\/2015\/10\/Horacio-Huren.jpg?resize=300%2C198&amp;ssl=1 300w, https:\/\/i0.wp.com\/eltrabajo.cl\/portal\/wp-content\/uploads\/2015\/10\/Horacio-Huren.jpg?resize=227%2C150&amp;ssl=1 227w, https:\/\/i0.wp.com\/eltrabajo.cl\/portal\/wp-content\/uploads\/2015\/10\/Horacio-Huren.jpg?resize=400%2C264&amp;ssl=1 400w\" width=\"208\" height=\"137\" loading=\"lazy\" data-original-width=\"208\" data-original-height=\"137\" itemprop=\"http:\/\/schema.org\/image\" title=\"Horacio Huren\" alt=\"Horacio Huren Mu\u00f1oz, oficial civil de San Felipe.\" style=\"width: 208px; height: 137px;\" \/> <\/a> <div class=\"tiled-gallery-caption\" itemprop=\"caption description\"> Horacio Huren Mu\u00f1oz, oficial civil de San Felipe. <\/div> <\/div> <\/div> <!-- close group --> <\/div> <!-- close row --> <div class=\"gallery-row\" style=\"width: 640px; height: 283px;\" data-original-width=\"640\" data-original-height=\"283\" > <div class=\"gallery-group images-2\" style=\"width: 213px; height: 283px;\" data-original-width=\"213\" data-original-height=\"283\" > <div class=\"tiled-gallery-item tiled-gallery-item-small\" itemprop=\"associatedMedia\" itemscope itemtype=\"http:\/\/schema.org\/ImageObject\"> <a href=\"https:\/\/eltrabajo.cl\/portal\/masiva-asistencia-de-vecinos-a-gobernacion-por-tramites-en-registro-civil\/mario-astudillo\/\" border=\"0\" itemprop=\"url\"> <meta itemprop=\"width\" content=\"209\"> <meta itemprop=\"height\" content=\"137\"> <img decoding=\"async\" class=\"\" data-attachment-id=\"63255\" data-orig-file=\"https:\/\/eltrabajo.cl\/portal\/wp-content\/uploads\/2015\/10\/Mario-Astudillo.jpg\" data-orig-size=\"530,348\" data-comments-opened=\"1\" data-image-meta=\"{&quot;aperture&quot;:&quot;0&quot;,&quot;credit&quot;:&quot;&quot;,&quot;camera&quot;:&quot;&quot;,&quot;caption&quot;:&quot;&quot;,&quot;created_timestamp&quot;:&quot;0&quot;,&quot;copyright&quot;:&quot;&quot;,&quot;focal_length&quot;:&quot;0&quot;,&quot;iso&quot;:&quot;0&quot;,&quot;shutter_speed&quot;:&quot;0&quot;,&quot;title&quot;:&quot;&quot;,&quot;orientation&quot;:&quot;0&quot;}\" data-image-title=\"Mario Astudillo\" data-image-description=\"&lt;p&gt;MARIO ASTUDILLO, SANFELIPE\u00d1O: Vine a realizar una consulta sobre veh\u00edculos hechizos, yo hace a\u00f1os fui dirigente municipal, y creo que las demandas de estos empleados aqu\u00ed est\u00e1n siendo postergadas, es v\u00e1lido que estos empleados protesten y pidan lo justo.&lt;\/p&gt; \" data-medium-file=\"https:\/\/i0.wp.com\/eltrabajo.cl\/portal\/wp-content\/uploads\/2015\/10\/Mario-Astudillo.jpg?fit=300%2C197&#038;ssl=1\" data-large-file=\"https:\/\/i0.wp.com\/eltrabajo.cl\/portal\/wp-content\/uploads\/2015\/10\/Mario-Astudillo.jpg?fit=530%2C348&#038;ssl=1\" src=\"https:\/\/i0.wp.com\/eltrabajo.cl\/portal\/wp-content\/uploads\/2015\/10\/Mario-Astudillo.jpg?w=209&#038;h=137&#038;ssl=1\" srcset=\"https:\/\/i0.wp.com\/eltrabajo.cl\/portal\/wp-content\/uploads\/2015\/10\/Mario-Astudillo.jpg?w=530&amp;ssl=1 530w, https:\/\/i0.wp.com\/eltrabajo.cl\/portal\/wp-content\/uploads\/2015\/10\/Mario-Astudillo.jpg?resize=200%2C131&amp;ssl=1 200w, https:\/\/i0.wp.com\/eltrabajo.cl\/portal\/wp-content\/uploads\/2015\/10\/Mario-Astudillo.jpg?resize=300%2C197&amp;ssl=1 300w, https:\/\/i0.wp.com\/eltrabajo.cl\/portal\/wp-content\/uploads\/2015\/10\/Mario-Astudillo.jpg?resize=228%2C150&amp;ssl=1 228w, https:\/\/i0.wp.com\/eltrabajo.cl\/portal\/wp-content\/uploads\/2015\/10\/Mario-Astudillo.jpg?resize=400%2C263&amp;ssl=1 400w\" width=\"209\" height=\"137\" loading=\"lazy\" data-original-width=\"209\" data-original-height=\"137\" itemprop=\"http:\/\/schema.org\/image\" title=\"Mario Astudillo\" alt=\"MARIO ASTUDILLO, SANFELIPE\u00d1O: Vine a realizar una consulta sobre veh\u00edculos hechizos, yo hace a\u00f1os fui dirigente municipal, y creo que las demandas de estos empleados aqu\u00ed est\u00e1n siendo postergadas, es v\u00e1lido que estos empleados protesten y pidan lo justo.\" style=\"width: 209px; height: 137px;\" \/> <\/a> <div class=\"tiled-gallery-caption\" itemprop=\"caption description\"> MARIO ASTUDILLO, SANFELIPE\u00d1O: Vine a realizar una consulta sobre veh\u00edculos hechizos, yo hace a\u00f1os fui dirigente municipal, y creo que las demandas de estos empleados aqu\u00ed est\u00e1n siendo postergadas, es v\u00e1lido que estos empleados protesten y pidan lo justo. <\/div> <\/div> <div class=\"tiled-gallery-item tiled-gallery-item-small\" itemprop=\"associatedMedia\" itemscope itemtype=\"http:\/\/schema.org\/ImageObject\"> <a href=\"https:\/\/eltrabajo.cl\/portal\/masiva-asistencia-de-vecinos-a-gobernacion-por-tramites-en-registro-civil\/manuel-lopez-2\/\" border=\"0\" itemprop=\"url\"> <meta itemprop=\"width\" content=\"209\"> <meta itemprop=\"height\" content=\"138\"> <img decoding=\"async\" class=\"\" data-attachment-id=\"63254\" data-orig-file=\"https:\/\/eltrabajo.cl\/portal\/wp-content\/uploads\/2015\/10\/Manuel-Lopez.jpg\" data-orig-size=\"530,350\" data-comments-opened=\"1\" data-image-meta=\"{&quot;aperture&quot;:&quot;0&quot;,&quot;credit&quot;:&quot;&quot;,&quot;camera&quot;:&quot;&quot;,&quot;caption&quot;:&quot;&quot;,&quot;created_timestamp&quot;:&quot;0&quot;,&quot;copyright&quot;:&quot;&quot;,&quot;focal_length&quot;:&quot;0&quot;,&quot;iso&quot;:&quot;0&quot;,&quot;shutter_speed&quot;:&quot;0&quot;,&quot;title&quot;:&quot;&quot;,&quot;orientation&quot;:&quot;0&quot;}\" data-image-title=\"Manuel Lopez\" data-image-description=\"&lt;p&gt;MANUEL L\u00d3PEZ, PARQU\u00cdMETROS: \u00abHa bajado mucho la clientela, no se ven ya tantos autos por el paro, son como 50 autos menos por d\u00eda desde que inici\u00f3 el paro\u00bb.&lt;\/p&gt; \" data-medium-file=\"https:\/\/i0.wp.com\/eltrabajo.cl\/portal\/wp-content\/uploads\/2015\/10\/Manuel-Lopez.jpg?fit=300%2C198&#038;ssl=1\" data-large-file=\"https:\/\/i0.wp.com\/eltrabajo.cl\/portal\/wp-content\/uploads\/2015\/10\/Manuel-Lopez.jpg?fit=530%2C350&#038;ssl=1\" src=\"https:\/\/i0.wp.com\/eltrabajo.cl\/portal\/wp-content\/uploads\/2015\/10\/Manuel-Lopez.jpg?w=209&#038;h=138&#038;ssl=1\" srcset=\"https:\/\/i0.wp.com\/eltrabajo.cl\/portal\/wp-content\/uploads\/2015\/10\/Manuel-Lopez.jpg?w=530&amp;ssl=1 530w, https:\/\/i0.wp.com\/eltrabajo.cl\/portal\/wp-content\/uploads\/2015\/10\/Manuel-Lopez.jpg?resize=200%2C132&amp;ssl=1 200w, https:\/\/i0.wp.com\/eltrabajo.cl\/portal\/wp-content\/uploads\/2015\/10\/Manuel-Lopez.jpg?resize=300%2C198&amp;ssl=1 300w, https:\/\/i0.wp.com\/eltrabajo.cl\/portal\/wp-content\/uploads\/2015\/10\/Manuel-Lopez.jpg?resize=227%2C150&amp;ssl=1 227w, https:\/\/i0.wp.com\/eltrabajo.cl\/portal\/wp-content\/uploads\/2015\/10\/Manuel-Lopez.jpg?resize=400%2C264&amp;ssl=1 400w\" width=\"209\" height=\"138\" loading=\"lazy\" data-original-width=\"209\" data-original-height=\"138\" itemprop=\"http:\/\/schema.org\/image\" title=\"Manuel Lopez\" alt=\"MANUEL L\u00d3PEZ, PARQU\u00cdMETROS: \u00abHa bajado mucho la clientela, no se ven ya tantos autos por el paro, son como 50 autos menos por d\u00eda desde que inici\u00f3 el paro\u00bb.\" style=\"width: 209px; height: 138px;\" \/> <\/a> <div class=\"tiled-gallery-caption\" itemprop=\"caption description\"> MANUEL L\u00d3PEZ, PARQU\u00cdMETROS: \u00abHa bajado mucho la clientela, no se ven ya tantos autos por el paro, son como 50 autos menos por d\u00eda desde que inici\u00f3 el paro\u00bb. <\/div> <\/div> <\/div> <!-- close group --> <div class=\"gallery-group images-1\" style=\"width: 427px; height: 283px;\" data-original-width=\"427\" data-original-height=\"283\" > <div class=\"tiled-gallery-item tiled-gallery-item-large\" itemprop=\"associatedMedia\" itemscope itemtype=\"http:\/\/schema.org\/ImageObject\"> <a href=\"https:\/\/eltrabajo.cl\/portal\/masiva-asistencia-de-vecinos-a-gobernacion-por-tramites-en-registro-civil\/luz-dalila-iglesias-orozco\/\" border=\"0\" itemprop=\"url\"> <meta itemprop=\"width\" content=\"423\"> <meta itemprop=\"height\" content=\"279\"> <img decoding=\"async\" class=\"\" data-attachment-id=\"63253\" data-orig-file=\"https:\/\/eltrabajo.cl\/portal\/wp-content\/uploads\/2015\/10\/Luz-Dalila-Iglesias-Orozco.jpg\" data-orig-size=\"530,350\" data-comments-opened=\"1\" data-image-meta=\"{&quot;aperture&quot;:&quot;0&quot;,&quot;credit&quot;:&quot;&quot;,&quot;camera&quot;:&quot;&quot;,&quot;caption&quot;:&quot;&quot;,&quot;created_timestamp&quot;:&quot;0&quot;,&quot;copyright&quot;:&quot;&quot;,&quot;focal_length&quot;:&quot;0&quot;,&quot;iso&quot;:&quot;0&quot;,&quot;shutter_speed&quot;:&quot;0&quot;,&quot;title&quot;:&quot;&quot;,&quot;orientation&quot;:&quot;0&quot;}\" data-image-title=\"Luz Dalila Iglesias Orozco\" data-image-description=\"&lt;p&gt;LUZ DALILA IGLESIAS OROZCO, COLOMBIANA: Este paro se ve\u00eda venir desde hace mucho tiempo, creo que es justo que los empleados luchen por sus derechos, el gobierno central debe pagar con justicia a estos funcionarios.&lt;\/p&gt; \" data-medium-file=\"https:\/\/i0.wp.com\/eltrabajo.cl\/portal\/wp-content\/uploads\/2015\/10\/Luz-Dalila-Iglesias-Orozco.jpg?fit=300%2C198&#038;ssl=1\" data-large-file=\"https:\/\/i0.wp.com\/eltrabajo.cl\/portal\/wp-content\/uploads\/2015\/10\/Luz-Dalila-Iglesias-Orozco.jpg?fit=530%2C350&#038;ssl=1\" src=\"https:\/\/i0.wp.com\/eltrabajo.cl\/portal\/wp-content\/uploads\/2015\/10\/Luz-Dalila-Iglesias-Orozco.jpg?w=423&#038;h=279&#038;ssl=1\" srcset=\"https:\/\/i0.wp.com\/eltrabajo.cl\/portal\/wp-content\/uploads\/2015\/10\/Luz-Dalila-Iglesias-Orozco.jpg?w=530&amp;ssl=1 530w, https:\/\/i0.wp.com\/eltrabajo.cl\/portal\/wp-content\/uploads\/2015\/10\/Luz-Dalila-Iglesias-Orozco.jpg?resize=200%2C132&amp;ssl=1 200w, https:\/\/i0.wp.com\/eltrabajo.cl\/portal\/wp-content\/uploads\/2015\/10\/Luz-Dalila-Iglesias-Orozco.jpg?resize=300%2C198&amp;ssl=1 300w, https:\/\/i0.wp.com\/eltrabajo.cl\/portal\/wp-content\/uploads\/2015\/10\/Luz-Dalila-Iglesias-Orozco.jpg?resize=227%2C150&amp;ssl=1 227w, https:\/\/i0.wp.com\/eltrabajo.cl\/portal\/wp-content\/uploads\/2015\/10\/Luz-Dalila-Iglesias-Orozco.jpg?resize=400%2C264&amp;ssl=1 400w\" width=\"423\" height=\"279\" loading=\"lazy\" data-original-width=\"423\" data-original-height=\"279\" itemprop=\"http:\/\/schema.org\/image\" title=\"Luz Dalila Iglesias Orozco\" alt=\"LUZ DALILA IGLESIAS OROZCO, COLOMBIANA: Este paro se ve\u00eda venir desde hace mucho tiempo, creo que es justo que los empleados luchen por sus derechos, el gobierno central debe pagar con justicia a estos funcionarios.\" style=\"width: 423px; height: 279px;\" \/> <\/a> <div class=\"tiled-gallery-caption\" itemprop=\"caption description\"> LUZ DALILA IGLESIAS OROZCO, COLOMBIANA: Este paro se ve\u00eda venir desde hace mucho tiempo, creo que es justo que los empleados luchen por sus derechos, el gobierno central debe pagar con justicia a estos funcionarios. <\/div> <\/div> <\/div> <!-- close group --> <\/div> <!-- close row --> <\/div>\n","protected":false},"excerpt":{"rendered":"<p>Desde el 28 de septiembre el Registro Civil se encuentra en paro nacional, pero fue hasta el viernes pasado que la presidenta de la Asociaci\u00f3n Nacional de Funcionarios del Registro Civil, Nelly&#8230;<\/p>\n","protected":false},"author":482,"featured_media":63249,"comment_status":"open","ping_status":"open","sticky":false,"template":"","format":"standard","meta":{"advanced_seo_description":"","jetpack_seo_html_title":"","jetpack_seo_noindex":false,"_jetpack_memberships_contains_paid_content":false,"footnotes":""},"categories":[1],"tags":[],"class_list":["post-63248","post","type-post","status-publish","format-standard","has-post-thumbnail","hentry","category-cronica"],"jetpack_featured_media_url":"https:\/\/i0.wp.com\/eltrabajo.cl\/portal\/wp-content\/uploads\/2015\/10\/Filas1.jpg?fit=530%2C350&ssl=1","jetpack_sharing_enabled":true,"jetpack_likes_enabled":true,"jetpack-related-posts":[],"_links":{"self":[{"href":"https:\/\/eltrabajo.cl\/portal\/wp-json\/wp\/v2\/posts\/63248","targetHints":{"allow":["GET"]}}],"collection":[{"href":"https:\/\/eltrabajo.cl\/portal\/wp-json\/wp\/v2\/posts"}],"about":[{"href":"https:\/\/eltrabajo.cl\/portal\/wp-json\/wp\/v2\/types\/post"}],"author":[{"embeddable":true,"href":"https:\/\/eltrabajo.cl\/portal\/wp-json\/wp\/v2\/users\/482"}],"replies":[{"embeddable":true,"href":"https:\/\/eltrabajo.cl\/portal\/wp-json\/wp\/v2\/comments?post=63248"}],"version-history":[{"count":0,"href":"https:\/\/eltrabajo.cl\/portal\/wp-json\/wp\/v2\/posts\/63248\/revisions"}],"wp:featuredmedia":[{"embeddable":true,"href":"https:\/\/eltrabajo.cl\/portal\/wp-json\/wp\/v2\/media\/63249"}],"wp:attachment":[{"href":"https:\/\/eltrabajo.cl\/portal\/wp-json\/wp\/v2\/media?parent=63248"}],"wp:term":[{"taxonomy":"category","embeddable":true,"href":"https:\/\/eltrabajo.cl\/portal\/wp-json\/wp\/v2\/categories?post=63248"},{"taxonomy":"post_tag","embeddable":true,"href":"https:\/\/eltrabajo.cl\/portal\/wp-json\/wp\/v2\/tags?post=63248"}],"curies":[{"name":"wp","href":"https:\/\/api.w.org\/{rel}","templated":true}]}}