{"id":63257,"date":"2015-10-27T09:43:31","date_gmt":"2015-10-27T12:43:31","guid":{"rendered":"http:\/\/www.eltrabajo.cl\/portal\/?p=63257"},"modified":"2015-10-27T09:43:31","modified_gmt":"2015-10-27T12:43:31","slug":"con-lesiones-leves-resulto-menor-de-edad-que-volco-en-automovil-en-san-esteban","status":"publish","type":"post","link":"https:\/\/eltrabajo.cl\/portal\/con-lesiones-leves-resulto-menor-de-edad-que-volco-en-automovil-en-san-esteban\/","title":{"rendered":"Con lesiones leves result\u00f3 menor de edad que volc\u00f3 en autom\u00f3vil en San Esteban"},"content":{"rendered":"<figure id=\"attachment_63258\" aria-describedby=\"caption-attachment-63258\" style=\"width: 300px\" class=\"wp-caption alignleft\"><a href=\"https:\/\/i0.wp.com\/www.eltrabajo.cl\/portal\/wp-content\/uploads\/2015\/10\/Volcamiento-menor-1.jpg\"><img data-recalc-dims=\"1\" loading=\"lazy\" decoding=\"async\" class=\"wp-image-63258 size-medium\" src=\"https:\/\/i0.wp.com\/www.eltrabajo.cl\/portal\/wp-content\/uploads\/2015\/10\/Volcamiento-menor-1-300x197.jpg?resize=300%2C197\" alt=\"Las dos menores que viajaban en el veh\u00edculo volcado resultaron con heridas leves. (Gentileza Cuerpo de Bomberos de San Esteban).\" width=\"300\" height=\"197\" srcset=\"https:\/\/i0.wp.com\/eltrabajo.cl\/portal\/wp-content\/uploads\/2015\/10\/Volcamiento-menor-1.jpg?resize=300%2C197&amp;ssl=1 300w, https:\/\/i0.wp.com\/eltrabajo.cl\/portal\/wp-content\/uploads\/2015\/10\/Volcamiento-menor-1.jpg?resize=200%2C131&amp;ssl=1 200w, https:\/\/i0.wp.com\/eltrabajo.cl\/portal\/wp-content\/uploads\/2015\/10\/Volcamiento-menor-1.jpg?resize=228%2C150&amp;ssl=1 228w, https:\/\/i0.wp.com\/eltrabajo.cl\/portal\/wp-content\/uploads\/2015\/10\/Volcamiento-menor-1.jpg?resize=400%2C263&amp;ssl=1 400w, https:\/\/i0.wp.com\/eltrabajo.cl\/portal\/wp-content\/uploads\/2015\/10\/Volcamiento-menor-1.jpg?w=530&amp;ssl=1 530w\" sizes=\"auto, (max-width: 300px) 100vw, 300px\" \/><\/a><figcaption id=\"caption-attachment-63258\" class=\"wp-caption-text\">Las dos menores que viajaban en el veh\u00edculo volcado resultaron con heridas leves. (Gentileza Cuerpo de Bomberos de San Esteban).<\/figcaption><\/figure>\n<ul>\n<li><strong>En otro accidente ocurrido en la misma comuna un motociclista qued\u00f3 con heridas de gravedad.<\/strong><\/li>\n<\/ul>\n<p><strong>SAN ESTEBAN<\/strong>.- Dos menores de edad resultaron con heridas afortunadamente leves, luego que el veh\u00edculo en que se desplazaban por la calle El Molino en la comuna de San Esteban volcara espectacularmente.<br \/>\nEl accidente ocurri\u00f3 a las 17 horas del domingo, cuando la adolescente de iniciales F.I.L., de 15 a\u00f1os, domiciliada en la poblaci\u00f3n Bellavista de Los Andes, guiaba el autom\u00f3vil Chevrolet Spark Lite, patente DF YP 61 por la mencionada arteria en direcci\u00f3n al sur y debido a los hoyos existentes en la calzada, sumado al exceso de velocidad, la hicieron perder el control y salirse hacia la berma donde se subi\u00f3 por el tensor de un poste del alumbrado p\u00fablico y volc\u00f3.<br \/>\nAfortunadamente y pese a la espectacularidad del accidente los j\u00f3venes resultaron solo con lesiones leves.<br \/>\n\u201cEstaban fuera del veh\u00edculo cuando llegamos, en la calzada a un lado del autom\u00f3vil. Las estabilizamos, realizamos evaluaci\u00f3n primaria y se fij\u00f3 el veh\u00edculo\u201d, declar\u00f3 el Teniente de Primero de Bomberos de San Esteban Rodrigo R\u00edos, quien acudi\u00f3 con la unidad de rescate a prestar apoyo al accidente.<br \/>\nLa conductora, quien no ten\u00eda licencia de conducir, fue derivada junto a su amiga en una ambulancia del Samu hasta el Servicio de Urgencia del Hospital San Juan de Dios para su evaluaci\u00f3n.<\/p>\n<p><strong>MOTOCICLISTA FRACTURADO<\/strong><br \/>\nPosteriormente a eso de las 21:30 horas del mismo domingo, un motociclista identificado como Bryan Contreras Collao, de 22 a\u00f1os, result\u00f3 con heridas de gravedad al perder el control y caer a un canal.<br \/>\nEl joven guiaba el veh\u00edculo por calle Lo Camus en direcci\u00f3n al norte y al tratar de esquivar una piedra perdi\u00f3 el control, choc\u00f3 con una barrera de contenci\u00f3n y sali\u00f3 eyectado para caer dentro de un canal.<br \/>\nProducto de ello result\u00f3 con una fractura de f\u00e9mur izquierdo, herida en muslo izquierdo, ambas lesiones catalogadas como graves.<br \/>\nEl Teniente R\u00edos inform\u00f3 que a esta emergencia tambi\u00e9n debi\u00f3 acudir la unidad de rescate para prestar apoyo al Samu.<br \/>\n\u201cAl llegar nos percatamos que ten\u00eda laceraciones en ambas piernas y fractura, estaba al interior del canal, tuvimos que trabajar en conjunto con el Samu ya que tuvieron que inyectarlo por el tema del dolor, porque aparte de la fractura de f\u00e9mur la pierna tuvo una rotaci\u00f3n\u201d, explic\u00f3 el oficial<\/p>\n","protected":false},"excerpt":{"rendered":"<p>En otro accidente ocurrido en la misma comuna un motociclista qued\u00f3 con heridas de gravedad. SAN ESTEBAN.- Dos menores de edad resultaron con heridas afortunadamente leves, luego que el veh\u00edculo en que&#8230;<\/p>\n","protected":false},"author":482,"featured_media":63258,"comment_status":"open","ping_status":"open","sticky":false,"template":"","format":"standard","meta":{"advanced_seo_description":"","jetpack_seo_html_title":"","jetpack_seo_noindex":false,"_jetpack_memberships_contains_paid_content":false,"footnotes":""},"categories":[21],"tags":[],"class_list":["post-63257","post","type-post","status-publish","format-standard","has-post-thumbnail","hentry","category-policial"],"jetpack_featured_media_url":"https:\/\/i0.wp.com\/eltrabajo.cl\/portal\/wp-content\/uploads\/2015\/10\/Volcamiento-menor-1.jpg?fit=530%2C348&ssl=1","jetpack_sharing_enabled":true,"jetpack_likes_enabled":true,"jetpack-related-posts":[],"_links":{"self":[{"href":"https:\/\/eltrabajo.cl\/portal\/wp-json\/wp\/v2\/posts\/63257","targetHints":{"allow":["GET"]}}],"collection":[{"href":"https:\/\/eltrabajo.cl\/portal\/wp-json\/wp\/v2\/posts"}],"about":[{"href":"https:\/\/eltrabajo.cl\/portal\/wp-json\/wp\/v2\/types\/post"}],"author":[{"embeddable":true,"href":"https:\/\/eltrabajo.cl\/portal\/wp-json\/wp\/v2\/users\/482"}],"replies":[{"embeddable":true,"href":"https:\/\/eltrabajo.cl\/portal\/wp-json\/wp\/v2\/comments?post=63257"}],"version-history":[{"count":0,"href":"https:\/\/eltrabajo.cl\/portal\/wp-json\/wp\/v2\/posts\/63257\/revisions"}],"wp:featuredmedia":[{"embeddable":true,"href":"https:\/\/eltrabajo.cl\/portal\/wp-json\/wp\/v2\/media\/63258"}],"wp:attachment":[{"href":"https:\/\/eltrabajo.cl\/portal\/wp-json\/wp\/v2\/media?parent=63257"}],"wp:term":[{"taxonomy":"category","embeddable":true,"href":"https:\/\/eltrabajo.cl\/portal\/wp-json\/wp\/v2\/categories?post=63257"},{"taxonomy":"post_tag","embeddable":true,"href":"https:\/\/eltrabajo.cl\/portal\/wp-json\/wp\/v2\/tags?post=63257"}],"curies":[{"name":"wp","href":"https:\/\/api.w.org\/{rel}","templated":true}]}}