{"id":63263,"date":"2015-10-27T09:47:23","date_gmt":"2015-10-27T12:47:23","guid":{"rendered":"http:\/\/www.eltrabajo.cl\/portal\/?p=63263"},"modified":"2015-10-27T11:49:12","modified_gmt":"2015-10-27T14:49:12","slug":"acusaron-de-ladron-a-sujeto-que-presuntamente-intentaba-robar","status":"publish","type":"post","link":"https:\/\/eltrabajo.cl\/portal\/acusaron-de-ladron-a-sujeto-que-presuntamente-intentaba-robar\/","title":{"rendered":"Acusaron de \u2018ladr\u00f3n\u2019 a sujeto que presuntamente intentaba robar"},"content":{"rendered":"<figure id=\"attachment_63264\" aria-describedby=\"caption-attachment-63264\" style=\"width: 300px\" class=\"wp-caption alignleft\"><a href=\"https:\/\/i0.wp.com\/www.eltrabajo.cl\/portal\/wp-content\/uploads\/2015\/10\/DETENCION-CIUDADANA-DOS-111-copia.jpg\"><img data-recalc-dims=\"1\" loading=\"lazy\" decoding=\"async\" class=\"wp-image-63264 size-medium\" src=\"https:\/\/i0.wp.com\/www.eltrabajo.cl\/portal\/wp-content\/uploads\/2015\/10\/DETENCION-CIUDADANA-DOS-111-copia-300x198.jpg?resize=300%2C198\" alt=\"Las im\u00e1genes registran los momentos en que el supuesto delincuente fue reducido por transe\u00fantes que aseguraban que el joven intentaba robar el celular de una v\u00edctima en las afueras de un supermercado de calle Portus de San Felipe, la ma\u00f1ana de este lunes.\" width=\"300\" height=\"198\" srcset=\"https:\/\/i0.wp.com\/eltrabajo.cl\/portal\/wp-content\/uploads\/2015\/10\/DETENCION-CIUDADANA-DOS-111-copia.jpg?resize=300%2C198&amp;ssl=1 300w, https:\/\/i0.wp.com\/eltrabajo.cl\/portal\/wp-content\/uploads\/2015\/10\/DETENCION-CIUDADANA-DOS-111-copia.jpg?resize=200%2C132&amp;ssl=1 200w, https:\/\/i0.wp.com\/eltrabajo.cl\/portal\/wp-content\/uploads\/2015\/10\/DETENCION-CIUDADANA-DOS-111-copia.jpg?resize=227%2C150&amp;ssl=1 227w, https:\/\/i0.wp.com\/eltrabajo.cl\/portal\/wp-content\/uploads\/2015\/10\/DETENCION-CIUDADANA-DOS-111-copia.jpg?resize=400%2C264&amp;ssl=1 400w, https:\/\/i0.wp.com\/eltrabajo.cl\/portal\/wp-content\/uploads\/2015\/10\/DETENCION-CIUDADANA-DOS-111-copia.jpg?w=530&amp;ssl=1 530w\" sizes=\"auto, (max-width: 300px) 100vw, 300px\" \/><\/a><figcaption id=\"caption-attachment-63264\" class=\"wp-caption-text\">Las im\u00e1genes registran los momentos en que el supuesto delincuente fue reducido por transe\u00fantes que aseguraban que el joven intentaba robar el celular de una v\u00edctima en las afueras de un supermercado de calle Portus de San Felipe, la ma\u00f1ana de este lunes.<\/figcaption><\/figure>\n<p>Cada d\u00eda hemos sido testigos del aumento de las detenciones ciudadanas, tanto a nivel local como nacional, debido al incremento de hechos delictuales a vista de los vecinos, los que han decidido tomar la justicia por sus manos. Tal como ocurri\u00f3 la ma\u00f1ana de este lunes en calle Portus de San Felipe, cuando un grupo de transe\u00fantes redujeron a un individuo que fue acusado de intentar robar el celular de una v\u00edctima.<br \/>\nLa situaci\u00f3n registrada en un video que comenz\u00f3 a viralizarse por las redes sociales, plasma los momentos en que un joven estaba completamente inmovilizado en el pavimento por los ciudadanos, repeliendo la aparente acci\u00f3n delictiva que pretend\u00eda cometer el acusado.<br \/>\nCarabineros se entrevist\u00f3 con la presunta v\u00edctima, quien esclareci\u00f3 el hecho donde intervinieron otros vecinos que habr\u00edan golpeado al joven. Sin embargo al no registrarse un delito, el acusado no fue detenido por los funcionarios policiales, acogiendo una denuncia por parte de la persona que fue individualizada como v\u00edctima, liberando al retenido.<br \/>\nDesde Carabineros se hizo un llamado a los vecinos a que este tipo de retenciones ciudadanas podr\u00edan incurrir en un delito cuando se efect\u00faan agresiones en contra de una persona que sin bien podr\u00eda ser imputado de un delito, en este caso espec\u00edfico no se configur\u00f3 un episodio delictual, por lo cual no se concret\u00f3 la imputaci\u00f3n de cargos del sindicado de este hecho.<br \/>\n<strong>Pablo Salinas Sald\u00edas<\/strong><\/p>\n<p><iframe loading=\"lazy\" src=\"https:\/\/www.youtube.com\/embed\/KC_hn7Fg2n0\" width=\"530\" height=\"298\" frameborder=\"0\" allowfullscreen=\"allowfullscreen\"><\/iframe><\/p>\n","protected":false},"excerpt":{"rendered":"<p>Cada d\u00eda hemos sido testigos del aumento de las detenciones ciudadanas, tanto a nivel local como nacional, debido al incremento de hechos delictuales a vista de los vecinos, los que han decidido&#8230;<\/p>\n","protected":false},"author":482,"featured_media":63264,"comment_status":"open","ping_status":"open","sticky":false,"template":"","format":"standard","meta":{"advanced_seo_description":"","jetpack_seo_html_title":"","jetpack_seo_noindex":false,"_jetpack_memberships_contains_paid_content":false,"footnotes":""},"categories":[21],"tags":[],"class_list":["post-63263","post","type-post","status-publish","format-standard","has-post-thumbnail","hentry","category-policial"],"jetpack_featured_media_url":"https:\/\/i0.wp.com\/eltrabajo.cl\/portal\/wp-content\/uploads\/2015\/10\/DETENCION-CIUDADANA-DOS-111-copia.jpg?fit=530%2C350&ssl=1","jetpack_sharing_enabled":true,"jetpack_likes_enabled":true,"jetpack-related-posts":[],"_links":{"self":[{"href":"https:\/\/eltrabajo.cl\/portal\/wp-json\/wp\/v2\/posts\/63263","targetHints":{"allow":["GET"]}}],"collection":[{"href":"https:\/\/eltrabajo.cl\/portal\/wp-json\/wp\/v2\/posts"}],"about":[{"href":"https:\/\/eltrabajo.cl\/portal\/wp-json\/wp\/v2\/types\/post"}],"author":[{"embeddable":true,"href":"https:\/\/eltrabajo.cl\/portal\/wp-json\/wp\/v2\/users\/482"}],"replies":[{"embeddable":true,"href":"https:\/\/eltrabajo.cl\/portal\/wp-json\/wp\/v2\/comments?post=63263"}],"version-history":[{"count":0,"href":"https:\/\/eltrabajo.cl\/portal\/wp-json\/wp\/v2\/posts\/63263\/revisions"}],"wp:featuredmedia":[{"embeddable":true,"href":"https:\/\/eltrabajo.cl\/portal\/wp-json\/wp\/v2\/media\/63264"}],"wp:attachment":[{"href":"https:\/\/eltrabajo.cl\/portal\/wp-json\/wp\/v2\/media?parent=63263"}],"wp:term":[{"taxonomy":"category","embeddable":true,"href":"https:\/\/eltrabajo.cl\/portal\/wp-json\/wp\/v2\/categories?post=63263"},{"taxonomy":"post_tag","embeddable":true,"href":"https:\/\/eltrabajo.cl\/portal\/wp-json\/wp\/v2\/tags?post=63263"}],"curies":[{"name":"wp","href":"https:\/\/api.w.org\/{rel}","templated":true}]}}