{"id":63266,"date":"2015-10-27T09:58:32","date_gmt":"2015-10-27T12:58:32","guid":{"rendered":"http:\/\/www.eltrabajo.cl\/portal\/?p=63266"},"modified":"2015-10-27T09:58:32","modified_gmt":"2015-10-27T12:58:32","slug":"roban-mas-de-5-millones-en-especies-desde-talleres-femeninos-de-san-felipe","status":"publish","type":"post","link":"https:\/\/eltrabajo.cl\/portal\/roban-mas-de-5-millones-en-especies-desde-talleres-femeninos-de-san-felipe\/","title":{"rendered":"Roban m\u00e1s de 5 millones en especies desde Talleres Femeninos de San Felipe"},"content":{"rendered":"<figure id=\"attachment_63267\" aria-describedby=\"caption-attachment-63267\" style=\"width: 300px\" class=\"wp-caption alignleft\"><a href=\"https:\/\/i0.wp.com\/www.eltrabajo.cl\/portal\/wp-content\/uploads\/2015\/10\/Frostis-Taller-Femeninos.jpg\"><img data-recalc-dims=\"1\" loading=\"lazy\" decoding=\"async\" class=\"wp-image-63267 size-medium\" src=\"https:\/\/i0.wp.com\/www.eltrabajo.cl\/portal\/wp-content\/uploads\/2015\/10\/Frostis-Taller-Femeninos-300x198.jpg?resize=300%2C198\" alt=\"Talleres Femeninos se ubican en calle San Mart\u00edn 72, lugar que fue afectado por la delincuencia tras la comisi\u00f3n de un millonario robo.\" width=\"300\" height=\"198\" srcset=\"https:\/\/i0.wp.com\/eltrabajo.cl\/portal\/wp-content\/uploads\/2015\/10\/Frostis-Taller-Femeninos.jpg?resize=300%2C198&amp;ssl=1 300w, https:\/\/i0.wp.com\/eltrabajo.cl\/portal\/wp-content\/uploads\/2015\/10\/Frostis-Taller-Femeninos.jpg?resize=200%2C132&amp;ssl=1 200w, https:\/\/i0.wp.com\/eltrabajo.cl\/portal\/wp-content\/uploads\/2015\/10\/Frostis-Taller-Femeninos.jpg?resize=228%2C150&amp;ssl=1 228w, https:\/\/i0.wp.com\/eltrabajo.cl\/portal\/wp-content\/uploads\/2015\/10\/Frostis-Taller-Femeninos.jpg?resize=400%2C263&amp;ssl=1 400w, https:\/\/i0.wp.com\/eltrabajo.cl\/portal\/wp-content\/uploads\/2015\/10\/Frostis-Taller-Femeninos.jpg?w=530&amp;ssl=1 530w\" sizes=\"auto, (max-width: 300px) 100vw, 300px\" \/><\/a><figcaption id=\"caption-attachment-63267\" class=\"wp-caption-text\">Talleres Femeninos se ubican en calle San Mart\u00edn 72, lugar que fue afectado por la delincuencia tras la comisi\u00f3n de un millonario robo.<\/figcaption><\/figure>\n<ul>\n<li><strong>Los sujetos irrumpieron en horas de la madrugada de este lunes, cortando los candados de ingreso a las dependencias de los Talleres Femeninos ubicados en calle San Mart\u00edn 72 de San Felipe, apoder\u00e1ndose de maquinarias, mercader\u00edas y enseres que utilizaban las vecinas que a diario concurren hasta estos talleres para la confecci\u00f3n de manualidades.<\/strong><\/li>\n<\/ul>\n<p>M\u00e1s de cinco millones en especies fueron las p\u00e9rdidas registradas por la Uni\u00f3n Comunal de Talleres Femeninos de San Felipe, tras el robo registrado en horas de la madrugada de este lunes. Los delincuentes cortaron los candados para robar gran cantidad de electrodom\u00e9sticos, mercader\u00edas, tecnolog\u00eda y hasta algunas de las manualidades confeccionadas por las vecinas, que de lunes a viernes asisten a estos talleres dictados en calle San Mart\u00edn 72.<br \/>\nDe acuerdo al inventario confeccionado la tarde de este lunes por la Presidenta de la Uni\u00f3n Comunal de Grupos Femeninos, Delia Poza Ibarra, les quitaron una gran cantidad de herramientas de trabajo y utensilios que beneficiaban a m\u00e1s de un centenar de mujeres que utilizaban estas dependencias para la confecci\u00f3n de diversas manualidades, hace ya nueve a\u00f1os.<br \/>\nLa dirigente se\u00f1al\u00f3 a Diario El Trabajo, que el robo qued\u00f3 al descubierto durante la ma\u00f1ana de ayer lunes cuando encontraron cortadas las cadenas de los candados, incluso se percataron que las puertas se encontraban marcadas con un s\u00edmbolo con spray, lo que podr\u00eda significar que los delincuentes realizaron su cometido habiendo estudiado el lugar y utilizando un veh\u00edculo para trasladar las especies.<br \/>\nEn entrevista con Delia Poza nos expresa su molestia e indignaci\u00f3n por estos hechos cometidos, hechos que en definitiva perjudican a la comunidad femenina, que con gran esfuerzo y sacrificio elaboran sus trabajos para ofertarlos a los vecinos y obtener ingresos.<br \/>\n<strong>&#8211; \u00bfCu\u00e1ndo se percataron de los hechos?<\/strong><br \/>\n<strong>&#8211;<\/strong> Nos percatamos esta ma\u00f1ana (ayer), cuando se abre el taller. Accedieron por la puerta principal, tuvieron la estupidez de poner despu\u00e9s un candado que ten\u00edamos dentro de las oficinas para hacer creer que ten\u00edamos tres candados. Nos cortaron la cadena que ten\u00edamos con los candados, dejaron abierto yo creo que fue de madrugada.<br \/>\n<strong>&#8211; \u00bfQu\u00e9 fue lo que robaron? <\/strong><br \/>\n<strong>&#8211;<\/strong> Una cocina embalada, m\u00e1quinas de coser, jugueras, lozas, utensilios de cocina, hervidores, un proyector, c\u00e1mara fotogr\u00e1fica, mercader\u00edas; tenemos una lista que estamos confeccionando y nos suman $ 5.139.000 en p\u00e9rdidas. A m\u00ed lo que me duele es m\u00e1s que nada la gente que viene a trabajar aqu\u00ed, a aprender porque son proyectos del Gobierno. Esto significa que perjudican a una comunidad, las vecinas por ejemplo hacen croch\u00e9 y despu\u00e9s las venden y con esto les cortan las horas de trabajo.<br \/>\n<strong>&#8211; \u00bfCu\u00e1ntas vecinas son las que asisten? <\/strong><br \/>\n<strong>&#8211;<\/strong> En la semana circulan m\u00e1s de cien vecinas porque vienen incluso de otras comunas, hoy d\u00edas las ni\u00f1as me dec\u00edan: \u2018Yo vengo de Catemu a ocupar esta sede\u2019 o de Santa Mar\u00eda vienen, todas son bienvenidas, no cobramos un peso porque esta casa la arrienda el Alcalde.<br \/>\n<strong>&#8211; \u00bfQu\u00e9 piensan hacer ahora?<\/strong><br \/>\n<strong>&#8211;<\/strong> Queremos ver si obtenemos apoyo de las autoridades de Gobierno, como el Fosis, la Gobernaci\u00f3n, el Alcalde, yo conf\u00edo en ellos. Nunca nos hab\u00eda pasado esto de los nueve a\u00f1os que llevamos aqu\u00ed. Mucha gente dice \u2018aqu\u00ed no hay delincuencia\u2019, me duele m\u00e1s que hubiesen robado en una casa, esto es en beneficio de muchas mujeres de escasos recursos, eso nos duele m\u00e1s.<br \/>\n<strong>&#8211; Por cantidad de especies sustra\u00eddas \u00bfpresume que andaban movilizados?<\/strong><br \/>\n<strong>&#8211;<\/strong> Por supuesto, deben haber usado una camioneta, porque para sacar una cocina, los fogones, cuatro m\u00e1quinas de coser, y todos fueron gracias a proyectos obtenidos, entonces nos cuesta ganarlos. Esto no es f\u00e1cil, llegar e ir al gobierno a pedir plata, vamos a tener fuerzas y vamos a salir adelante con mucha pena eso s\u00ed.<br \/>\n<strong>&#8211; \u00bfHicieron denuncia a Carabineros?<\/strong><br \/>\n<strong>&#8211;<\/strong> S\u00ed la efectuamos, yo no voy a bajar los brazos, me voy a seguir moviendo; tambi\u00e9n fui a la PDI y me dijeron que deb\u00edamos esperar la citaci\u00f3n de la Fiscal\u00eda. Me gustar\u00eda decirles a las mam\u00e1s de estos delincuentes, porque no se les puede decir otra cosa, que les digan que lo robado eran especies de ellas mismas, de sus propias familias a lo mejor, porque puede ser que hab\u00eda alguna t\u00eda o prima de estos tipos que nos vinieron a robar, porque yo creo que son antisociales de ac\u00e1.<br \/>\n<strong>Pablo Salinas Sald\u00edas<\/strong><\/p>\n<div class=\"tiled-gallery type-rectangular tiled-gallery-unresized\" data-original-width=\"640\" data-carousel-extra='null' itemscope itemtype=\"http:\/\/schema.org\/ImageGallery\" > <div class=\"gallery-row\" style=\"width: 640px; height: 212px;\" data-original-width=\"640\" data-original-height=\"212\" > <div class=\"gallery-group images-1\" style=\"width: 322px; height: 212px;\" data-original-width=\"322\" data-original-height=\"212\" > <div class=\"tiled-gallery-item tiled-gallery-item-large\" itemprop=\"associatedMedia\" itemscope itemtype=\"http:\/\/schema.org\/ImageObject\"> <a href=\"https:\/\/eltrabajo.cl\/portal\/roban-mas-de-5-millones-en-especies-desde-talleres-femeninos-de-san-felipe\/delia-poza-ibarra\/\" border=\"0\" itemprop=\"url\"> <meta itemprop=\"width\" content=\"318\"> <meta itemprop=\"height\" content=\"208\"> <img decoding=\"async\" class=\"\" data-attachment-id=\"63269\" data-orig-file=\"https:\/\/eltrabajo.cl\/portal\/wp-content\/uploads\/2015\/10\/Delia-Poza-Ibarra.jpg\" data-orig-size=\"530,348\" data-comments-opened=\"1\" data-image-meta=\"{&quot;aperture&quot;:&quot;0&quot;,&quot;credit&quot;:&quot;&quot;,&quot;camera&quot;:&quot;&quot;,&quot;caption&quot;:&quot;&quot;,&quot;created_timestamp&quot;:&quot;0&quot;,&quot;copyright&quot;:&quot;&quot;,&quot;focal_length&quot;:&quot;0&quot;,&quot;iso&quot;:&quot;0&quot;,&quot;shutter_speed&quot;:&quot;0&quot;,&quot;title&quot;:&quot;&quot;,&quot;orientation&quot;:&quot;0&quot;}\" data-image-title=\"Delia Poza Ibarra\" data-image-description=\"&lt;p&gt;La Presidenta de la Uni\u00f3n Comunal de Grupos Femeninos de San Felipe, Delia Poza Ibarra.&lt;\/p&gt; \" data-medium-file=\"https:\/\/i0.wp.com\/eltrabajo.cl\/portal\/wp-content\/uploads\/2015\/10\/Delia-Poza-Ibarra.jpg?fit=300%2C197&#038;ssl=1\" data-large-file=\"https:\/\/i0.wp.com\/eltrabajo.cl\/portal\/wp-content\/uploads\/2015\/10\/Delia-Poza-Ibarra.jpg?fit=530%2C348&#038;ssl=1\" src=\"https:\/\/i0.wp.com\/eltrabajo.cl\/portal\/wp-content\/uploads\/2015\/10\/Delia-Poza-Ibarra.jpg?w=318&#038;h=208&#038;ssl=1\" srcset=\"https:\/\/i0.wp.com\/eltrabajo.cl\/portal\/wp-content\/uploads\/2015\/10\/Delia-Poza-Ibarra.jpg?w=530&amp;ssl=1 530w, https:\/\/i0.wp.com\/eltrabajo.cl\/portal\/wp-content\/uploads\/2015\/10\/Delia-Poza-Ibarra.jpg?resize=200%2C131&amp;ssl=1 200w, https:\/\/i0.wp.com\/eltrabajo.cl\/portal\/wp-content\/uploads\/2015\/10\/Delia-Poza-Ibarra.jpg?resize=300%2C197&amp;ssl=1 300w, https:\/\/i0.wp.com\/eltrabajo.cl\/portal\/wp-content\/uploads\/2015\/10\/Delia-Poza-Ibarra.jpg?resize=228%2C150&amp;ssl=1 228w, https:\/\/i0.wp.com\/eltrabajo.cl\/portal\/wp-content\/uploads\/2015\/10\/Delia-Poza-Ibarra.jpg?resize=400%2C263&amp;ssl=1 400w\" width=\"318\" height=\"208\" loading=\"lazy\" data-original-width=\"318\" data-original-height=\"208\" itemprop=\"http:\/\/schema.org\/image\" title=\"Delia Poza Ibarra\" alt=\"La Presidenta de la Uni\u00f3n Comunal de Grupos Femeninos de San Felipe, Delia Poza Ibarra.\" style=\"width: 318px; height: 208px;\" \/> <\/a> <div class=\"tiled-gallery-caption\" itemprop=\"caption description\"> La Presidenta de la Uni\u00f3n Comunal de Grupos Femeninos de San Felipe, Delia Poza Ibarra. <\/div> <\/div> <\/div> <!-- close group --> <div class=\"gallery-group images-1\" style=\"width: 318px; height: 212px;\" data-original-width=\"318\" data-original-height=\"212\" > <div class=\"tiled-gallery-item tiled-gallery-item-large\" itemprop=\"associatedMedia\" itemscope itemtype=\"http:\/\/schema.org\/ImageObject\"> <a href=\"https:\/\/eltrabajo.cl\/portal\/roban-mas-de-5-millones-en-especies-desde-talleres-femeninos-de-san-felipe\/candado\/\" border=\"0\" itemprop=\"url\"> <meta itemprop=\"width\" content=\"314\"> <meta itemprop=\"height\" content=\"208\"> <img decoding=\"async\" class=\"\" data-attachment-id=\"63268\" data-orig-file=\"https:\/\/eltrabajo.cl\/portal\/wp-content\/uploads\/2015\/10\/Candado.jpg\" data-orig-size=\"528,350\" data-comments-opened=\"1\" data-image-meta=\"{&quot;aperture&quot;:&quot;0&quot;,&quot;credit&quot;:&quot;&quot;,&quot;camera&quot;:&quot;&quot;,&quot;caption&quot;:&quot;&quot;,&quot;created_timestamp&quot;:&quot;0&quot;,&quot;copyright&quot;:&quot;&quot;,&quot;focal_length&quot;:&quot;0&quot;,&quot;iso&quot;:&quot;0&quot;,&quot;shutter_speed&quot;:&quot;0&quot;,&quot;title&quot;:&quot;&quot;,&quot;orientation&quot;:&quot;0&quot;}\" data-image-title=\"Candado\" data-image-description=\"&lt;p&gt;Los sujetos cortaron los candados de cierre de la puerta principal de los talleres femeninos.&lt;\/p&gt; \" data-medium-file=\"https:\/\/i0.wp.com\/eltrabajo.cl\/portal\/wp-content\/uploads\/2015\/10\/Candado.jpg?fit=300%2C199&#038;ssl=1\" data-large-file=\"https:\/\/i0.wp.com\/eltrabajo.cl\/portal\/wp-content\/uploads\/2015\/10\/Candado.jpg?fit=528%2C350&#038;ssl=1\" src=\"https:\/\/i0.wp.com\/eltrabajo.cl\/portal\/wp-content\/uploads\/2015\/10\/Candado.jpg?w=314&#038;h=208&#038;ssl=1\" srcset=\"https:\/\/i0.wp.com\/eltrabajo.cl\/portal\/wp-content\/uploads\/2015\/10\/Candado.jpg?w=528&amp;ssl=1 528w, https:\/\/i0.wp.com\/eltrabajo.cl\/portal\/wp-content\/uploads\/2015\/10\/Candado.jpg?resize=200%2C133&amp;ssl=1 200w, https:\/\/i0.wp.com\/eltrabajo.cl\/portal\/wp-content\/uploads\/2015\/10\/Candado.jpg?resize=300%2C199&amp;ssl=1 300w, https:\/\/i0.wp.com\/eltrabajo.cl\/portal\/wp-content\/uploads\/2015\/10\/Candado.jpg?resize=226%2C150&amp;ssl=1 226w, https:\/\/i0.wp.com\/eltrabajo.cl\/portal\/wp-content\/uploads\/2015\/10\/Candado.jpg?resize=400%2C265&amp;ssl=1 400w\" width=\"314\" height=\"208\" loading=\"lazy\" data-original-width=\"314\" data-original-height=\"208\" itemprop=\"http:\/\/schema.org\/image\" title=\"Candado\" alt=\"Los sujetos cortaron los candados de cierre de la puerta principal de los talleres femeninos.\" style=\"width: 314px; height: 208px;\" \/> <\/a> <div class=\"tiled-gallery-caption\" itemprop=\"caption description\"> Los sujetos cortaron los candados de cierre de la puerta principal de los talleres femeninos. <\/div> <\/div> <\/div> <!-- close group --> <\/div> <!-- close row --> <\/div>\n","protected":false},"excerpt":{"rendered":"<p>Los sujetos irrumpieron en horas de la madrugada de este lunes, cortando los candados de ingreso a las dependencias de los Talleres Femeninos ubicados en calle San Mart\u00edn 72 de San Felipe,&#8230;<\/p>\n","protected":false},"author":482,"featured_media":63267,"comment_status":"open","ping_status":"open","sticky":false,"template":"","format":"standard","meta":{"advanced_seo_description":"","jetpack_seo_html_title":"","jetpack_seo_noindex":false,"_jetpack_memberships_contains_paid_content":false,"footnotes":""},"categories":[21],"tags":[],"class_list":["post-63266","post","type-post","status-publish","format-standard","has-post-thumbnail","hentry","category-policial"],"jetpack_featured_media_url":"https:\/\/i0.wp.com\/eltrabajo.cl\/portal\/wp-content\/uploads\/2015\/10\/Frostis-Taller-Femeninos.jpg?fit=530%2C349&ssl=1","jetpack_sharing_enabled":true,"jetpack_likes_enabled":true,"jetpack-related-posts":[],"_links":{"self":[{"href":"https:\/\/eltrabajo.cl\/portal\/wp-json\/wp\/v2\/posts\/63266","targetHints":{"allow":["GET"]}}],"collection":[{"href":"https:\/\/eltrabajo.cl\/portal\/wp-json\/wp\/v2\/posts"}],"about":[{"href":"https:\/\/eltrabajo.cl\/portal\/wp-json\/wp\/v2\/types\/post"}],"author":[{"embeddable":true,"href":"https:\/\/eltrabajo.cl\/portal\/wp-json\/wp\/v2\/users\/482"}],"replies":[{"embeddable":true,"href":"https:\/\/eltrabajo.cl\/portal\/wp-json\/wp\/v2\/comments?post=63266"}],"version-history":[{"count":0,"href":"https:\/\/eltrabajo.cl\/portal\/wp-json\/wp\/v2\/posts\/63266\/revisions"}],"wp:featuredmedia":[{"embeddable":true,"href":"https:\/\/eltrabajo.cl\/portal\/wp-json\/wp\/v2\/media\/63267"}],"wp:attachment":[{"href":"https:\/\/eltrabajo.cl\/portal\/wp-json\/wp\/v2\/media?parent=63266"}],"wp:term":[{"taxonomy":"category","embeddable":true,"href":"https:\/\/eltrabajo.cl\/portal\/wp-json\/wp\/v2\/categories?post=63266"},{"taxonomy":"post_tag","embeddable":true,"href":"https:\/\/eltrabajo.cl\/portal\/wp-json\/wp\/v2\/tags?post=63266"}],"curies":[{"name":"wp","href":"https:\/\/api.w.org\/{rel}","templated":true}]}}