{"id":63281,"date":"2015-10-28T09:15:44","date_gmt":"2015-10-28T12:15:44","guid":{"rendered":"http:\/\/www.eltrabajo.cl\/portal\/?p=63281"},"modified":"2015-10-28T09:15:44","modified_gmt":"2015-10-28T12:15:44","slug":"alcalde-de-putaendo-buscan-instalar-farmacia-municipal","status":"publish","type":"post","link":"https:\/\/eltrabajo.cl\/portal\/alcalde-de-putaendo-buscan-instalar-farmacia-municipal\/","title":{"rendered":"Alcalde de Putaendo buscan instalar Farmacia Municipal"},"content":{"rendered":"<figure id=\"attachment_63282\" aria-describedby=\"caption-attachment-63282\" style=\"width: 300px\" class=\"wp-caption alignleft\"><a href=\"https:\/\/i0.wp.com\/www.eltrabajo.cl\/portal\/wp-content\/uploads\/2015\/10\/Alcalde-Reyes.jpg\"><img data-recalc-dims=\"1\" loading=\"lazy\" decoding=\"async\" class=\"wp-image-63282 size-medium\" src=\"https:\/\/i0.wp.com\/www.eltrabajo.cl\/portal\/wp-content\/uploads\/2015\/10\/Alcalde-Reyes-300x196.jpg?resize=300%2C196\" alt=\"Guillermo Reyes, alcalde de Putaendo.\" width=\"300\" height=\"196\" srcset=\"https:\/\/i0.wp.com\/eltrabajo.cl\/portal\/wp-content\/uploads\/2015\/10\/Alcalde-Reyes.jpg?resize=300%2C196&amp;ssl=1 300w, https:\/\/i0.wp.com\/eltrabajo.cl\/portal\/wp-content\/uploads\/2015\/10\/Alcalde-Reyes.jpg?resize=200%2C131&amp;ssl=1 200w, https:\/\/i0.wp.com\/eltrabajo.cl\/portal\/wp-content\/uploads\/2015\/10\/Alcalde-Reyes.jpg?resize=229%2C150&amp;ssl=1 229w, https:\/\/i0.wp.com\/eltrabajo.cl\/portal\/wp-content\/uploads\/2015\/10\/Alcalde-Reyes.jpg?resize=400%2C262&amp;ssl=1 400w, https:\/\/i0.wp.com\/eltrabajo.cl\/portal\/wp-content\/uploads\/2015\/10\/Alcalde-Reyes.jpg?w=530&amp;ssl=1 530w\" sizes=\"auto, (max-width: 300px) 100vw, 300px\" \/><\/a><figcaption id=\"caption-attachment-63282\" class=\"wp-caption-text\">Guillermo Reyes, alcalde de Putaendo.<\/figcaption><\/figure>\n<ul>\n<li><strong>El edil ya envi\u00f3 un oficio al Presidente de la Asociaci\u00f3n de Municipalidades de la Quinta Regi\u00f3n Cordillera, Boris Luksic, para evaluar la opci\u00f3n en la zona, incrementar la oferta de medicamentos y terminar con la \u2018sinverg\u00fcenzura\u2019 de las farmacias.<\/strong><\/li>\n<\/ul>\n<p><strong>PUTAENDO<\/strong>.- Este \u00faltimo tiempo la idea de instalar farmacias municipales ha tomado gran fuerza entre las comunas del pa\u00eds. En ese contexto, el alcalde Guillermo Reyes pretende incentivar a todos municipios del Valle de Aconcagua para que repliquen esta iniciativa, con el objetivo de entregarle a la ciudadan\u00eda la opci\u00f3n de adquirir remedios pr\u00e1cticamente a precio de costo.<br \/>\nEn esta misma l\u00ednea, el alcalde putaendino emiti\u00f3 un oficio al alcalde Boris Luksic, Presidente de la Asociaci\u00f3n de Municipalidad de la Quinta Regi\u00f3n Cordillera, para convocar a una reuni\u00f3n extraordinaria y analizar la opci\u00f3n en conjunto. A su vez, manifest\u00f3 su intenci\u00f3n de instalar una farmacia en Putaendo.<br \/>\n\u201cSi hay municipios que en Santiago lo hicieron, no veo ninguna raz\u00f3n para que nosotros no nos involucremos, porque en el fondo esto va en beneficio de las personas m\u00e1s humildes, de las personas que tienen sintomatolog\u00eda cr\u00f3nica y que terminan gastando sus bajas pensiones, sus bajos sueldos. La sinverg\u00fcenzura de los precios de los remedios, se certifica con la gran cantidad de personas que tienen que ir a Mendoza a comprarlos a mitad de precio de lo que valen ac\u00e1 en Chile\u201d, explic\u00f3 la m\u00e1xima autoridad comunal putaendina.<br \/>\n\u201cLos alcaldes tenemos que ponernos el overol, dialogar y ver la opci\u00f3n de que podamos vender remedios m\u00e1s baratos por la v\u00eda de la compra masiva, a bajo costo e, incluso importar remedios de, por ejemplo, Argentina\u201d, agreg\u00f3 Reyes.<br \/>\nAdem\u00e1s, hizo un llamado a los parlamentarios para que eliminen el IVA a este tipo de necesidades.<br \/>\n\u201cYo creo que el Estado, nuestros parlamentarios, debieran quitarle arancel a la importaci\u00f3n de medicamentos. Deber\u00edamos quitarle el IVA. \u00bfC\u00f3mo t\u00fa le puedes cobrar un 19% a un se\u00f1or que tiene c\u00e1ncer, que se va a morir?\u201d<br \/>\nEl alcalde cree que la mejor manera de bajar los precios es aumentando la oferta. En este caso, tambi\u00e9n se mostr\u00f3 a favor de que lleguen m\u00e9dicos especialistas extranjeros al pa\u00eds, porque algunas consultas particulares en Chile son muy caras. \u201cEst\u00e1n cobrando 30 mil pesos por una atenci\u00f3n de cinco minutos\u201d.<br \/>\nVolviendo al tema de los medicamentos, cree que los municipios deben hacer los esfuerzos por las personas m\u00e1s pobres. \u201cEsperamos que el alcalde Luksic pueda evaluar esta petici\u00f3n y podamos hacer una reuni\u00f3n para ver los pro y los contras, aprender de otros municipios. Yo creo que nuestra gente se lo merece\u201d, concluy\u00f3.<\/p>\n","protected":false},"excerpt":{"rendered":"<p>El edil ya envi\u00f3 un oficio al Presidente de la Asociaci\u00f3n de Municipalidades de la Quinta Regi\u00f3n Cordillera, Boris Luksic, para evaluar la opci\u00f3n en la zona, incrementar la oferta de medicamentos&#8230;<\/p>\n","protected":false},"author":482,"featured_media":63282,"comment_status":"open","ping_status":"open","sticky":false,"template":"","format":"standard","meta":{"advanced_seo_description":"","jetpack_seo_html_title":"","jetpack_seo_noindex":false,"_jetpack_memberships_contains_paid_content":false,"footnotes":""},"categories":[1],"tags":[],"class_list":["post-63281","post","type-post","status-publish","format-standard","has-post-thumbnail","hentry","category-cronica"],"jetpack_featured_media_url":"https:\/\/i0.wp.com\/eltrabajo.cl\/portal\/wp-content\/uploads\/2015\/10\/Alcalde-Reyes.jpg?fit=530%2C347&ssl=1","jetpack_sharing_enabled":true,"jetpack_likes_enabled":true,"jetpack-related-posts":[],"_links":{"self":[{"href":"https:\/\/eltrabajo.cl\/portal\/wp-json\/wp\/v2\/posts\/63281","targetHints":{"allow":["GET"]}}],"collection":[{"href":"https:\/\/eltrabajo.cl\/portal\/wp-json\/wp\/v2\/posts"}],"about":[{"href":"https:\/\/eltrabajo.cl\/portal\/wp-json\/wp\/v2\/types\/post"}],"author":[{"embeddable":true,"href":"https:\/\/eltrabajo.cl\/portal\/wp-json\/wp\/v2\/users\/482"}],"replies":[{"embeddable":true,"href":"https:\/\/eltrabajo.cl\/portal\/wp-json\/wp\/v2\/comments?post=63281"}],"version-history":[{"count":0,"href":"https:\/\/eltrabajo.cl\/portal\/wp-json\/wp\/v2\/posts\/63281\/revisions"}],"wp:featuredmedia":[{"embeddable":true,"href":"https:\/\/eltrabajo.cl\/portal\/wp-json\/wp\/v2\/media\/63282"}],"wp:attachment":[{"href":"https:\/\/eltrabajo.cl\/portal\/wp-json\/wp\/v2\/media?parent=63281"}],"wp:term":[{"taxonomy":"category","embeddable":true,"href":"https:\/\/eltrabajo.cl\/portal\/wp-json\/wp\/v2\/categories?post=63281"},{"taxonomy":"post_tag","embeddable":true,"href":"https:\/\/eltrabajo.cl\/portal\/wp-json\/wp\/v2\/tags?post=63281"}],"curies":[{"name":"wp","href":"https:\/\/api.w.org\/{rel}","templated":true}]}}