{"id":63284,"date":"2015-10-28T09:17:39","date_gmt":"2015-10-28T12:17:39","guid":{"rendered":"http:\/\/www.eltrabajo.cl\/portal\/?p=63284"},"modified":"2015-10-28T09:17:39","modified_gmt":"2015-10-28T12:17:39","slug":"inician-postulaciones-a-fondos-concursables-2015-para-provincia-de-san-felipe","status":"publish","type":"post","link":"https:\/\/eltrabajo.cl\/portal\/inician-postulaciones-a-fondos-concursables-2015-para-provincia-de-san-felipe\/","title":{"rendered":"Inician postulaciones a Fondos Concursables 2015 para Provincia de San Felipe"},"content":{"rendered":"<figure id=\"attachment_63285\" aria-describedby=\"caption-attachment-63285\" style=\"width: 300px\" class=\"wp-caption alignleft\"><a href=\"https:\/\/i0.wp.com\/www.eltrabajo.cl\/portal\/wp-content\/uploads\/2015\/10\/Fondo-concursable-Codelco.jpg\"><img data-recalc-dims=\"1\" loading=\"lazy\" decoding=\"async\" class=\"wp-image-63285 size-medium\" src=\"https:\/\/i0.wp.com\/www.eltrabajo.cl\/portal\/wp-content\/uploads\/2015\/10\/Fondo-concursable-Codelco-300x198.jpg?resize=300%2C198\" alt=\"Representantes de la Divisi\u00f3n Andina y el gobernador Eduardo Le\u00f3n, se reunieron para dar inicio a las postulaciones de fondos concursables en la Provincia de San Felipe.\" width=\"300\" height=\"198\" srcset=\"https:\/\/i0.wp.com\/eltrabajo.cl\/portal\/wp-content\/uploads\/2015\/10\/Fondo-concursable-Codelco.jpg?resize=300%2C198&amp;ssl=1 300w, https:\/\/i0.wp.com\/eltrabajo.cl\/portal\/wp-content\/uploads\/2015\/10\/Fondo-concursable-Codelco.jpg?resize=200%2C132&amp;ssl=1 200w, https:\/\/i0.wp.com\/eltrabajo.cl\/portal\/wp-content\/uploads\/2015\/10\/Fondo-concursable-Codelco.jpg?resize=228%2C150&amp;ssl=1 228w, https:\/\/i0.wp.com\/eltrabajo.cl\/portal\/wp-content\/uploads\/2015\/10\/Fondo-concursable-Codelco.jpg?resize=400%2C263&amp;ssl=1 400w, https:\/\/i0.wp.com\/eltrabajo.cl\/portal\/wp-content\/uploads\/2015\/10\/Fondo-concursable-Codelco.jpg?w=530&amp;ssl=1 530w\" sizes=\"auto, (max-width: 300px) 100vw, 300px\" \/><\/a><figcaption id=\"caption-attachment-63285\" class=\"wp-caption-text\">Representantes de la Divisi\u00f3n Andina y el gobernador Eduardo Le\u00f3n, se reunieron para dar inicio a las postulaciones de fondos concursables en la Provincia de San Felipe.<\/figcaption><\/figure>\n<ul>\n<li><strong>En esta oportunidad ser\u00e1n las organizaciones sociales de San Felipe las que tendr\u00e1n la posibilidad de materializar proyectos de mejoramiento gracias a esta herramienta de desarrollo.<\/strong><\/li>\n<\/ul>\n<p>La Divisi\u00f3n Andina, junto a la Gobernaci\u00f3n de San Felipe y las uniones comunales de juntas de vecinos de la provincia, lanzaron el Fondo Concursable 2015 para los sectores de Santa Mar\u00eda, Putaendo, Panquehue, Catemu y Llay Llay.<br \/>\nLa iniciativa busca potenciar el desarrollo comunitario de las localidades, fortalecer actividades productivas y fomentar actividades culturales y de rescate patrimonial, as\u00ed como proyectos de gesti\u00f3n socioambiental. Para ello, las organizaciones sociales, territoriales y funcionales con personalidad jur\u00eddica vigente pueden presentar sus proyectos y, luego de un proceso de evaluaci\u00f3n y selecci\u00f3n, obtener el financiamiento para su ejecuci\u00f3n.<br \/>\n\u201cEsperamos que los proyectos beneficiados sean los que generen mayor impacto social y beneficio econ\u00f3mico para los vecinos\u201d, expres\u00f3 el gobernador de San Felipe, Eduardo Le\u00f3n.<br \/>\nEn tanto, el gerente de Sustentabilidad y Asuntos Externos de Divisi\u00f3n Andina, Jorge Sanhueza, se\u00f1al\u00f3 que este tipo de iniciativas responden al compromiso de la empresa con las comunidades aleda\u00f1as a sus faenas. \u201cComo Andina queremos hacer una miner\u00eda que sea responsable y sustentable y lo hacemos de la mano con las localidades que est\u00e1n cerca. La idea es mejorar la calidad de vida y generar un impacto positivo en el desarrollo de los vecinos\u201d.<br \/>\nLos dirigentessociales y vecinales tambi\u00e9n valoraron esta oportunidad e hicieron un llamado a postular a los vecinos. \u201cLos fondos nos ayudan mucho como organizaci\u00f3n. Es muy relevante poder ver a los vecinos desarrollarse a trav\u00e9s de estos proyectos. Esperamos que este a\u00f1o sean todo un \u00e9xito en postulaciones\u201d, dijo la presidenta de la Uni\u00f3n Comunal de Juntas de Vecinos de Putaendo, Mar\u00eda Salinas.<\/p>\n<p><strong>DATOS PARA \u00a0POSTULAR<\/strong><br \/>\nLas bases se entregar\u00e1n desde el 26 de octubre hasta el 6 de noviembre, en la Gobernaci\u00f3n de San Felipe, Uniones Comunales de Juntas de Vecinos de la provincia y Edificio Institucional de Divisi\u00f3n Andina en Los Andes.<br \/>\nLa postulaci\u00f3n de proyectos ser\u00e1 desde el 9 hasta el 20 de noviembre. Los proyectos ser\u00e1n recibidos en la Gobernaci\u00f3n Provincial de San Felipe el 19 y 20 de noviembre, de 10:00 a 14:00 horas y de 15:00 a 18:00 horas.<br \/>\nLos resultados de los proyectos ser\u00e1n informados entre el 7 y el 11 de diciembre a trav\u00e9s de los medios de comunicaci\u00f3n locales.<\/p>\n","protected":false},"excerpt":{"rendered":"<p>En esta oportunidad ser\u00e1n las organizaciones sociales de San Felipe las que tendr\u00e1n la posibilidad de materializar proyectos de mejoramiento gracias a esta herramienta de desarrollo. La Divisi\u00f3n Andina, junto a la&#8230;<\/p>\n","protected":false},"author":482,"featured_media":63285,"comment_status":"open","ping_status":"open","sticky":false,"template":"","format":"standard","meta":{"advanced_seo_description":"","jetpack_seo_html_title":"","jetpack_seo_noindex":false,"_jetpack_memberships_contains_paid_content":false,"footnotes":""},"categories":[1],"tags":[],"class_list":["post-63284","post","type-post","status-publish","format-standard","has-post-thumbnail","hentry","category-cronica"],"jetpack_featured_media_url":"https:\/\/i0.wp.com\/eltrabajo.cl\/portal\/wp-content\/uploads\/2015\/10\/Fondo-concursable-Codelco.jpg?fit=530%2C349&ssl=1","jetpack_sharing_enabled":true,"jetpack_likes_enabled":true,"jetpack-related-posts":[],"_links":{"self":[{"href":"https:\/\/eltrabajo.cl\/portal\/wp-json\/wp\/v2\/posts\/63284","targetHints":{"allow":["GET"]}}],"collection":[{"href":"https:\/\/eltrabajo.cl\/portal\/wp-json\/wp\/v2\/posts"}],"about":[{"href":"https:\/\/eltrabajo.cl\/portal\/wp-json\/wp\/v2\/types\/post"}],"author":[{"embeddable":true,"href":"https:\/\/eltrabajo.cl\/portal\/wp-json\/wp\/v2\/users\/482"}],"replies":[{"embeddable":true,"href":"https:\/\/eltrabajo.cl\/portal\/wp-json\/wp\/v2\/comments?post=63284"}],"version-history":[{"count":0,"href":"https:\/\/eltrabajo.cl\/portal\/wp-json\/wp\/v2\/posts\/63284\/revisions"}],"wp:featuredmedia":[{"embeddable":true,"href":"https:\/\/eltrabajo.cl\/portal\/wp-json\/wp\/v2\/media\/63285"}],"wp:attachment":[{"href":"https:\/\/eltrabajo.cl\/portal\/wp-json\/wp\/v2\/media?parent=63284"}],"wp:term":[{"taxonomy":"category","embeddable":true,"href":"https:\/\/eltrabajo.cl\/portal\/wp-json\/wp\/v2\/categories?post=63284"},{"taxonomy":"post_tag","embeddable":true,"href":"https:\/\/eltrabajo.cl\/portal\/wp-json\/wp\/v2\/tags?post=63284"}],"curies":[{"name":"wp","href":"https:\/\/api.w.org\/{rel}","templated":true}]}}