{"id":63287,"date":"2015-10-28T09:19:13","date_gmt":"2015-10-28T12:19:13","guid":{"rendered":"http:\/\/www.eltrabajo.cl\/portal\/?p=63287"},"modified":"2015-10-28T09:19:13","modified_gmt":"2015-10-28T12:19:13","slug":"carabineros-de-aconcagua-presento-analisis-criminal-del-valle-de-aconcagua","status":"publish","type":"post","link":"https:\/\/eltrabajo.cl\/portal\/carabineros-de-aconcagua-presento-analisis-criminal-del-valle-de-aconcagua\/","title":{"rendered":"Carabineros de Aconcagua present\u00f3 an\u00e1lisis criminal del Valle de Aconcagua"},"content":{"rendered":"<figure id=\"attachment_63288\" aria-describedby=\"caption-attachment-63288\" style=\"width: 300px\" class=\"wp-caption alignleft\"><a href=\"https:\/\/i0.wp.com\/www.eltrabajo.cl\/portal\/wp-content\/uploads\/2015\/10\/PACIC-2015.jpg\"><img data-recalc-dims=\"1\" loading=\"lazy\" decoding=\"async\" class=\"wp-image-63288 size-medium\" src=\"https:\/\/i0.wp.com\/www.eltrabajo.cl\/portal\/wp-content\/uploads\/2015\/10\/PACIC-2015-300x198.jpg?resize=300%2C198\" alt=\"La Prefectura de Aconcagua present\u00f3 a diversas autoridades las estrategias para combatir delitos que se producen con mayor frecuencia en las provincias de San Felipe, Los Andes y Petorca.\" width=\"300\" height=\"198\" srcset=\"https:\/\/i0.wp.com\/eltrabajo.cl\/portal\/wp-content\/uploads\/2015\/10\/PACIC-2015.jpg?resize=300%2C198&amp;ssl=1 300w, https:\/\/i0.wp.com\/eltrabajo.cl\/portal\/wp-content\/uploads\/2015\/10\/PACIC-2015.jpg?resize=200%2C132&amp;ssl=1 200w, https:\/\/i0.wp.com\/eltrabajo.cl\/portal\/wp-content\/uploads\/2015\/10\/PACIC-2015.jpg?resize=227%2C150&amp;ssl=1 227w, https:\/\/i0.wp.com\/eltrabajo.cl\/portal\/wp-content\/uploads\/2015\/10\/PACIC-2015.jpg?resize=400%2C264&amp;ssl=1 400w, https:\/\/i0.wp.com\/eltrabajo.cl\/portal\/wp-content\/uploads\/2015\/10\/PACIC-2015.jpg?w=530&amp;ssl=1 530w\" sizes=\"auto, (max-width: 300px) 100vw, 300px\" \/><\/a><figcaption id=\"caption-attachment-63288\" class=\"wp-caption-text\">La Prefectura de Aconcagua present\u00f3 a diversas autoridades las estrategias para combatir delitos que se producen con mayor frecuencia en las provincias de San Felipe, Los Andes y Petorca.<\/figcaption><\/figure>\n<p>Carabineros de la Prefectura Aconcagua, present\u00f3 las estrategias con las que est\u00e1 combatiendo los delitos que se producen con mayor frecuencia en las provincias de San Felipe, Los Andes y Petorca.<br \/>\nLa exposici\u00f3n, que en lenguaje policial recibe el nombre de \u2018Plataforma de An\u00e1lisis Criminal Integrado de Carabineros\u2019 -Pacic-, cont\u00f3 con la presencia de los gobernadores, alcaldes y encargados de seguridad de las tres provincias que incluye este an\u00e1lisis.<br \/>\nEn tanto, el prefecto subrogante de la Prefectura de Carabineros Aconcagua, Teniente Coronel Marcelo Arancibia, destac\u00f3 la numerosa presencia de autoridades civiles, calificando \u201cde suma importancia su asistencia\u201d.<br \/>\n\u201cHemos convocado a la totalidad de gobernadores de las provincias de Petorca, San Felipe y Los Andes, con sus respectivos alcaldes, con la finalidad de efectuar un trabajo mancomunado de an\u00e1lisis de los delitos con mayor connotaci\u00f3n social que est\u00e1n ocurriendo en estas tres provincias\u201d.<br \/>\n\u201cLa idea es darles a conocer estos delitos que nos afectan a todos y en forma colaborativa poder atacarlos. Lo fundamental es la cooperaci\u00f3n entre Carabineros, las gobernaciones y las municipalidades\u201d, asegur\u00f3 el oficial jefe.<br \/>\nFinalmente, respecto los resultados de las estrategias policiales aplicadas contra los delitos m\u00e1s frecuentes, Arancibia manifest\u00f3 que \u201clos antecedentes y -sobre todo los n\u00fameros-, nos avalan. El trabajo mancomunado entre Carabineros de Chile y la ciudadan\u00eda, nos dejan en muy buen pie a nivel de la V Regi\u00f3n\u201d.<\/p>\n","protected":false},"excerpt":{"rendered":"<p>Carabineros de la Prefectura Aconcagua, present\u00f3 las estrategias con las que est\u00e1 combatiendo los delitos que se producen con mayor frecuencia en las provincias de San Felipe, Los Andes y Petorca. La&#8230;<\/p>\n","protected":false},"author":482,"featured_media":63288,"comment_status":"open","ping_status":"open","sticky":false,"template":"","format":"standard","meta":{"advanced_seo_description":"","jetpack_seo_html_title":"","jetpack_seo_noindex":false,"_jetpack_memberships_contains_paid_content":false,"footnotes":""},"categories":[1],"tags":[],"class_list":["post-63287","post","type-post","status-publish","format-standard","has-post-thumbnail","hentry","category-cronica"],"jetpack_featured_media_url":"https:\/\/i0.wp.com\/eltrabajo.cl\/portal\/wp-content\/uploads\/2015\/10\/PACIC-2015.jpg?fit=530%2C350&ssl=1","jetpack_sharing_enabled":true,"jetpack_likes_enabled":true,"jetpack-related-posts":[],"_links":{"self":[{"href":"https:\/\/eltrabajo.cl\/portal\/wp-json\/wp\/v2\/posts\/63287","targetHints":{"allow":["GET"]}}],"collection":[{"href":"https:\/\/eltrabajo.cl\/portal\/wp-json\/wp\/v2\/posts"}],"about":[{"href":"https:\/\/eltrabajo.cl\/portal\/wp-json\/wp\/v2\/types\/post"}],"author":[{"embeddable":true,"href":"https:\/\/eltrabajo.cl\/portal\/wp-json\/wp\/v2\/users\/482"}],"replies":[{"embeddable":true,"href":"https:\/\/eltrabajo.cl\/portal\/wp-json\/wp\/v2\/comments?post=63287"}],"version-history":[{"count":0,"href":"https:\/\/eltrabajo.cl\/portal\/wp-json\/wp\/v2\/posts\/63287\/revisions"}],"wp:featuredmedia":[{"embeddable":true,"href":"https:\/\/eltrabajo.cl\/portal\/wp-json\/wp\/v2\/media\/63288"}],"wp:attachment":[{"href":"https:\/\/eltrabajo.cl\/portal\/wp-json\/wp\/v2\/media?parent=63287"}],"wp:term":[{"taxonomy":"category","embeddable":true,"href":"https:\/\/eltrabajo.cl\/portal\/wp-json\/wp\/v2\/categories?post=63287"},{"taxonomy":"post_tag","embeddable":true,"href":"https:\/\/eltrabajo.cl\/portal\/wp-json\/wp\/v2\/tags?post=63287"}],"curies":[{"name":"wp","href":"https:\/\/api.w.org\/{rel}","templated":true}]}}