{"id":63290,"date":"2015-10-28T09:20:51","date_gmt":"2015-10-28T12:20:51","guid":{"rendered":"http:\/\/www.eltrabajo.cl\/portal\/?p=63290"},"modified":"2015-10-28T09:20:51","modified_gmt":"2015-10-28T12:20:51","slug":"departamento-de-cultura-finaliza-octubre-con-danza-y-teatro-en-el-municipal-sanfelipeno","status":"publish","type":"post","link":"https:\/\/eltrabajo.cl\/portal\/departamento-de-cultura-finaliza-octubre-con-danza-y-teatro-en-el-municipal-sanfelipeno\/","title":{"rendered":"Departamento de cultura finaliza octubre con danza y teatro en el municipal sanfelipe\u00f1o"},"content":{"rendered":"<figure id=\"attachment_63291\" aria-describedby=\"caption-attachment-63291\" style=\"width: 300px\" class=\"wp-caption alignleft\"><a href=\"https:\/\/i0.wp.com\/www.eltrabajo.cl\/portal\/wp-content\/uploads\/2015\/10\/ricardo-ruiz.jpg\"><img data-recalc-dims=\"1\" loading=\"lazy\" decoding=\"async\" class=\"wp-image-63291 size-medium\" src=\"https:\/\/i0.wp.com\/www.eltrabajo.cl\/portal\/wp-content\/uploads\/2015\/10\/ricardo-ruiz-300x197.jpg?resize=300%2C197\" alt=\"Ricardo Ruiz Herrera, coordinador comunal de cultura de la Municipalidad de San Felipe.\" width=\"300\" height=\"197\" srcset=\"https:\/\/i0.wp.com\/eltrabajo.cl\/portal\/wp-content\/uploads\/2015\/10\/ricardo-ruiz.jpg?resize=300%2C197&amp;ssl=1 300w, https:\/\/i0.wp.com\/eltrabajo.cl\/portal\/wp-content\/uploads\/2015\/10\/ricardo-ruiz.jpg?resize=200%2C131&amp;ssl=1 200w, https:\/\/i0.wp.com\/eltrabajo.cl\/portal\/wp-content\/uploads\/2015\/10\/ricardo-ruiz.jpg?resize=228%2C150&amp;ssl=1 228w, https:\/\/i0.wp.com\/eltrabajo.cl\/portal\/wp-content\/uploads\/2015\/10\/ricardo-ruiz.jpg?resize=400%2C263&amp;ssl=1 400w, https:\/\/i0.wp.com\/eltrabajo.cl\/portal\/wp-content\/uploads\/2015\/10\/ricardo-ruiz.jpg?w=530&amp;ssl=1 530w\" sizes=\"auto, (max-width: 300px) 100vw, 300px\" \/><\/a><figcaption id=\"caption-attachment-63291\" class=\"wp-caption-text\">Ricardo Ruiz Herrera, coordinador comunal de cultura de la Municipalidad de San Felipe.<\/figcaption><\/figure>\n<ul>\n<li><strong>El coordinador invit\u00f3 a participar y disfrutar de las presentaciones que est\u00e1n contempladas para el jueves, viernes y el s\u00e1bado.<\/strong><\/li>\n<\/ul>\n<p>Una invitaci\u00f3n abierta a toda la comunidad sanfelipe\u00f1a y del Valle de Aconcagua, formul\u00f3 el coordinador comunal de cultura de la municipalidad, Ricardo Ruiz Herrera, para que asista a las presentaciones que tiene en cartelera, cerrando ya este mes de octubre.<br \/>\nEste jueves, a contar de las 19 horas, est\u00e1 contemplada la presentaci\u00f3n de la Gala de danza del taller que dirige Luc\u00eda Hern\u00e1ndez, quien ha preparado un atractivo espect\u00e1culo que da cuenta del avance que han registrado las alumnas que participan de esta instancia art\u00edstica que funciona al alero del departamento de Cultura de la Municipalidad de San Felipe.<br \/>\nEl d\u00eda viernes en tanto, a las 20 horas, est\u00e1 considerada la puesta en escena de la obra teatral \u2018Tacos, Fuck me cabr\u00f3n\u2019, de la compa\u00f1\u00eda \u2018Descalzas\u2019, una comedia ir\u00f3nica guiada por el estilo del stand up comedy, que pone en rid\u00edculo las malas costumbres a la hora de enfrentarnos al amor, rompiendo las convenciones establecidas por medio de tres personajes femeninos que muestran al p\u00fablico sus propios defectos y debilidades.<br \/>\n\u201cTacos critica lo pat\u00e9ticos que podemos llegar a ser por amor, aunando en la atm\u00f3sfera musical y escenogr\u00e1fica de los culebrones mexicanos, exacerbando este ambiente con cantantes como Chavela Vargas y Paquita la del Barrio\u201d, se\u00f1ala la rese\u00f1a elaborada por la propia compa\u00f1\u00eda de teatro Descalzas.<br \/>\nPosteriormente y como es una tradici\u00f3n cada \u00faltimo s\u00e1bado del mes, figura en cartelera, a las 12 horas, la presentaci\u00f3n de la obra de teatro infantil \u2018El Pr\u00edncipe feliz\u2019 de la compa\u00f1\u00eda \u2018Alma Zen\u2019, obra que est\u00e1 dirigida no s\u00f3lo a los ni\u00f1os, sino que a toda la familia.<br \/>\nRicardo Ruiz Herrera extendi\u00f3 la invitaci\u00f3n a todas y todos los amantes del arte y la cultura para que asistan y disfruten las actividades preparadas por el departamento de Cultura, subrayando que durante el mes de noviembre nuevamente habr\u00e1 numerosas actividades para todos los gustos, cumpliendo as\u00ed con la pol\u00edtica definida por el alcalde Patricio Freire, en cuanto a generar una oferta cultural variada, que permita satisfacer las exigencias de todos los p\u00fablicos.<\/p>\n","protected":false},"excerpt":{"rendered":"<p>El coordinador invit\u00f3 a participar y disfrutar de las presentaciones que est\u00e1n contempladas para el jueves, viernes y el s\u00e1bado. Una invitaci\u00f3n abierta a toda la comunidad sanfelipe\u00f1a y del Valle de&#8230;<\/p>\n","protected":false},"author":482,"featured_media":63291,"comment_status":"open","ping_status":"open","sticky":false,"template":"","format":"standard","meta":{"advanced_seo_description":"","jetpack_seo_html_title":"","jetpack_seo_noindex":false,"_jetpack_memberships_contains_paid_content":false,"footnotes":""},"categories":[15],"tags":[],"class_list":["post-63290","post","type-post","status-publish","format-standard","has-post-thumbnail","hentry","category-comunidad"],"jetpack_featured_media_url":"https:\/\/i0.wp.com\/eltrabajo.cl\/portal\/wp-content\/uploads\/2015\/10\/ricardo-ruiz.jpg?fit=530%2C348&ssl=1","jetpack_sharing_enabled":true,"jetpack_likes_enabled":true,"jetpack-related-posts":[],"_links":{"self":[{"href":"https:\/\/eltrabajo.cl\/portal\/wp-json\/wp\/v2\/posts\/63290","targetHints":{"allow":["GET"]}}],"collection":[{"href":"https:\/\/eltrabajo.cl\/portal\/wp-json\/wp\/v2\/posts"}],"about":[{"href":"https:\/\/eltrabajo.cl\/portal\/wp-json\/wp\/v2\/types\/post"}],"author":[{"embeddable":true,"href":"https:\/\/eltrabajo.cl\/portal\/wp-json\/wp\/v2\/users\/482"}],"replies":[{"embeddable":true,"href":"https:\/\/eltrabajo.cl\/portal\/wp-json\/wp\/v2\/comments?post=63290"}],"version-history":[{"count":0,"href":"https:\/\/eltrabajo.cl\/portal\/wp-json\/wp\/v2\/posts\/63290\/revisions"}],"wp:featuredmedia":[{"embeddable":true,"href":"https:\/\/eltrabajo.cl\/portal\/wp-json\/wp\/v2\/media\/63291"}],"wp:attachment":[{"href":"https:\/\/eltrabajo.cl\/portal\/wp-json\/wp\/v2\/media?parent=63290"}],"wp:term":[{"taxonomy":"category","embeddable":true,"href":"https:\/\/eltrabajo.cl\/portal\/wp-json\/wp\/v2\/categories?post=63290"},{"taxonomy":"post_tag","embeddable":true,"href":"https:\/\/eltrabajo.cl\/portal\/wp-json\/wp\/v2\/tags?post=63290"}],"curies":[{"name":"wp","href":"https:\/\/api.w.org\/{rel}","templated":true}]}}