{"id":63293,"date":"2015-10-28T09:23:38","date_gmt":"2015-10-28T12:23:38","guid":{"rendered":"http:\/\/www.eltrabajo.cl\/portal\/?p=63293"},"modified":"2015-10-28T09:23:38","modified_gmt":"2015-10-28T12:23:38","slug":"siil-demanda-a-division-andina-por-supuestamente-arriesgar-la-vida-e-integridad-de-sus-trabajadores","status":"publish","type":"post","link":"https:\/\/eltrabajo.cl\/portal\/siil-demanda-a-division-andina-por-supuestamente-arriesgar-la-vida-e-integridad-de-sus-trabajadores\/","title":{"rendered":"SIIL demanda a Divisi\u00f3n Andina por supuestamente arriesgar la vida e integridad de sus trabajadores"},"content":{"rendered":"<figure id=\"attachment_63294\" aria-describedby=\"caption-attachment-63294\" style=\"width: 300px\" class=\"wp-caption alignleft\"><a href=\"https:\/\/i0.wp.com\/www.eltrabajo.cl\/portal\/wp-content\/uploads\/2015\/10\/Demanda-SIIL.jpg\"><img data-recalc-dims=\"1\" loading=\"lazy\" decoding=\"async\" class=\"wp-image-63294 size-medium\" src=\"https:\/\/i0.wp.com\/www.eltrabajo.cl\/portal\/wp-content\/uploads\/2015\/10\/Demanda-SIIL-300x198.jpg?resize=300%2C198\" alt=\"Representantes del Sindicato Industrial de Integraci\u00f3n interpusieron una demanda en contra de Codelco por vulnerar la seguridad de sus trabajadores.\" width=\"300\" height=\"198\" srcset=\"https:\/\/i0.wp.com\/eltrabajo.cl\/portal\/wp-content\/uploads\/2015\/10\/Demanda-SIIL.jpg?resize=300%2C198&amp;ssl=1 300w, https:\/\/i0.wp.com\/eltrabajo.cl\/portal\/wp-content\/uploads\/2015\/10\/Demanda-SIIL.jpg?resize=200%2C132&amp;ssl=1 200w, https:\/\/i0.wp.com\/eltrabajo.cl\/portal\/wp-content\/uploads\/2015\/10\/Demanda-SIIL.jpg?resize=227%2C150&amp;ssl=1 227w, https:\/\/i0.wp.com\/eltrabajo.cl\/portal\/wp-content\/uploads\/2015\/10\/Demanda-SIIL.jpg?resize=400%2C264&amp;ssl=1 400w, https:\/\/i0.wp.com\/eltrabajo.cl\/portal\/wp-content\/uploads\/2015\/10\/Demanda-SIIL.jpg?w=530&amp;ssl=1 530w\" sizes=\"auto, (max-width: 300px) 100vw, 300px\" \/><\/a><figcaption id=\"caption-attachment-63294\" class=\"wp-caption-text\">Representantes del Sindicato Industrial de Integraci\u00f3n interpusieron una demanda en contra de Codelco por vulnerar la seguridad de sus trabajadores.<\/figcaption><\/figure>\n<p><strong>LOS ANDES.<\/strong>&#8211; En el primer juzgado de letras de Los Andes, el Sindicato Industrial de Integraci\u00f3n Laboral, SIIL de Codelco, interpuso una demanda contra la Divisi\u00f3n Andina, ya que se considera que se ha puesto en peligro la vida e integridad de sus asociados, al no cumplir con las disposiciones acordadas en el convenio colectivo y sobrepasando los reglamentos propios para el trabajo en las condiciones de riesgo que considera el invierno en la alta cordillera donde se encuentran las faenas.<br \/>\nEn este sentido, la organizaci\u00f3n sindical considera que se ha expuesto innecesariamente a peligros de parte de la administraci\u00f3n a sus trabajadores, al no extender el periodo de invierno el cual fue solicitado abiertamente por la directiva sindical y se hizo caso omiso, pudiendo esto incluso haber pasado a mayores por los riesgos que existen en las zonas altas como avalanchas y situaciones derivadas de las temperaturas.<br \/>\nAdem\u00e1s, resulta inconcebible para esta organizaci\u00f3n sindical, que por un lado en conjunto con la Federaci\u00f3n de Trabajadores del Cobre y la divisi\u00f3n Andina se trabaje en la firma de un pacto estrat\u00e9gico y por otro lado se vulnere la vida e integridad de los trabajadores.<br \/>\nAl respecto, el presidente del Sindicato Industrial de Integraci\u00f3n Laboral SIIL de Codelco Divisi\u00f3n Andina, Manuel Manr\u00edquez sostiene que \u00abesta situaci\u00f3n se puso en conocimiento de la administraci\u00f3n y como organizaci\u00f3n sindical estaremos siempre velando por la seguridad de los trabajadores\u00bb.<br \/>\nAsimismo, Nelson C\u00e1ceres, Secretario del Sindicato SIIL manifest\u00f3 que \u00abla divisi\u00f3n Andina no ha tomado los resguardos para garantizar el cumplimiento de los descansos de los trabajadores para todos quienes est\u00e1n en las faenas de manera unilateral y eso no es posible. Adem\u00e1s hace poco firmamos un acuerdo donde se establece la forma de trabajo con el mundo sindical y de parte de la empresa esto no se ha cumplido, afectando a los empleados propios y contratistas\u00bb.<br \/>\nPor su parte el abogado del Sindicato SIIL, Edgardo Lepe explica que \u00abesta acci\u00f3n de tutela interpuesta busca que los tribunales laborales sancionen a la divisi\u00f3n Andina por exponer imprudentemente a sus trabajadores a riesgos asociados al trabajo de monta\u00f1a en condiciones adversas, arriesgando a sus trabajadores. Adem\u00e1s se pretende que la divisi\u00f3n haga uso de las herramientas que posee como es la ampliaci\u00f3n del periodo de invierno a lo menos a los meses de octubre y eventualmente noviembre de manera de proteger a sus trabajadores\u00bb.<br \/>\nCabe mencionar, que existe un reglamento de operaciones de invierno vigente que se aplica durante todo este periodo y que contempla la ampliaci\u00f3n de este por las condiciones clim\u00e1ticas que se den, al cual se hizo caso omiso y se expuso a estas condiciones a los trabajadores, a pesar que se plantearon en varias ocasiones los riesgos que implicaba esto en las operaciones de la divisi\u00f3n.<br \/>\nCon esta demanda se hace hincapi\u00e9 que esto no implica una compensaci\u00f3n econ\u00f3mica, sino que va directamente apuntada a la seguridad de los trabajadores.<br \/>\nLa organizaci\u00f3n sindical de seguir con estas pr\u00e1cticas de parte de la administraci\u00f3n no descarta tomar otro tipo de medidas de manera de garantizar la seguridad e integridad de todos los asociados, de manera que se cumplan los reglamentos internos en las faenas de trabajo.<\/p>\n<p><strong>Andina se refiere a demanda del SIIL<\/strong><br \/>\nEn relaci\u00f3n a la declaraci\u00f3n p\u00fablica emitida por uno de sus tres sindicatos, en que se cuestiona la gesti\u00f3n de seguridad de la empresa, Codelco Divisi\u00f3n Andina desea ratificar lo siguiente:<br \/>\n\u00b7 La seguridad y la salud de las personas es y seguir\u00e1 siendo la m\u00e1xima preocupaci\u00f3n de Divisi\u00f3n Andina. Prueba de ello son las estrictas medidas de seguridad e implementaci\u00f3n de avanzada tecnolog\u00eda aplicada en la alta cordillera, obteniendo resultados en los indicadores de seguridad laboral.<br \/>\n\u00b7 Tenemos m\u00e1s de 40 a\u00f1os de experiencia en el conocimiento y manejo de condiciones extremas propias de nuestra cordillera, con equipos expertos y reconocidos a nivel nacional, lo que nos constituye en un referente en la industria minera.<br \/>\nFinalmente, Divisi\u00f3n Andina reitera que la salud y la seguridad de las personas es nuestra primera prioridad, por ello, gestionamos la seguridad con la convicci\u00f3n de que m\u00e1s all\u00e1 de cumplir la legislaci\u00f3n vigente y los acuerdos con nuestros trabajadores, tenemos el deber moral y \u00e9tico de crear las condiciones adecuadas para que las personas lleguen sanas y salvas a sus casas junto a sus seres queridos.<\/p>\n<p>Direcci\u00f3n de Comunicaciones<br \/>\nCodelco Divisi\u00f3n Andina<\/p>\n","protected":false},"excerpt":{"rendered":"<p>LOS ANDES.&#8211; En el primer juzgado de letras de Los Andes, el Sindicato Industrial de Integraci\u00f3n Laboral, SIIL de Codelco, interpuso una demanda contra la Divisi\u00f3n Andina, ya que se considera que&#8230;<\/p>\n","protected":false},"author":482,"featured_media":63294,"comment_status":"open","ping_status":"open","sticky":false,"template":"","format":"standard","meta":{"advanced_seo_description":"","jetpack_seo_html_title":"","jetpack_seo_noindex":false,"_jetpack_memberships_contains_paid_content":false,"footnotes":""},"categories":[1],"tags":[],"class_list":["post-63293","post","type-post","status-publish","format-standard","has-post-thumbnail","hentry","category-cronica"],"jetpack_featured_media_url":"https:\/\/i0.wp.com\/eltrabajo.cl\/portal\/wp-content\/uploads\/2015\/10\/Demanda-SIIL.jpg?fit=530%2C350&ssl=1","jetpack_sharing_enabled":true,"jetpack_likes_enabled":true,"jetpack-related-posts":[],"_links":{"self":[{"href":"https:\/\/eltrabajo.cl\/portal\/wp-json\/wp\/v2\/posts\/63293","targetHints":{"allow":["GET"]}}],"collection":[{"href":"https:\/\/eltrabajo.cl\/portal\/wp-json\/wp\/v2\/posts"}],"about":[{"href":"https:\/\/eltrabajo.cl\/portal\/wp-json\/wp\/v2\/types\/post"}],"author":[{"embeddable":true,"href":"https:\/\/eltrabajo.cl\/portal\/wp-json\/wp\/v2\/users\/482"}],"replies":[{"embeddable":true,"href":"https:\/\/eltrabajo.cl\/portal\/wp-json\/wp\/v2\/comments?post=63293"}],"version-history":[{"count":0,"href":"https:\/\/eltrabajo.cl\/portal\/wp-json\/wp\/v2\/posts\/63293\/revisions"}],"wp:featuredmedia":[{"embeddable":true,"href":"https:\/\/eltrabajo.cl\/portal\/wp-json\/wp\/v2\/media\/63294"}],"wp:attachment":[{"href":"https:\/\/eltrabajo.cl\/portal\/wp-json\/wp\/v2\/media?parent=63293"}],"wp:term":[{"taxonomy":"category","embeddable":true,"href":"https:\/\/eltrabajo.cl\/portal\/wp-json\/wp\/v2\/categories?post=63293"},{"taxonomy":"post_tag","embeddable":true,"href":"https:\/\/eltrabajo.cl\/portal\/wp-json\/wp\/v2\/tags?post=63293"}],"curies":[{"name":"wp","href":"https:\/\/api.w.org\/{rel}","templated":true}]}}