{"id":63296,"date":"2015-10-28T09:25:32","date_gmt":"2015-10-28T12:25:32","guid":{"rendered":"http:\/\/www.eltrabajo.cl\/portal\/?p=63296"},"modified":"2015-10-28T09:25:32","modified_gmt":"2015-10-28T12:25:32","slug":"gobernacion-esta-tramitando-cedulas-de-identidad-y-pasaportes-por-paro","status":"publish","type":"post","link":"https:\/\/eltrabajo.cl\/portal\/gobernacion-esta-tramitando-cedulas-de-identidad-y-pasaportes-por-paro\/","title":{"rendered":"Gobernaci\u00f3n est\u00e1 tramitando c\u00e9dulas de identidad y pasaportes por paro"},"content":{"rendered":"<figure id=\"attachment_63297\" aria-describedby=\"caption-attachment-63297\" style=\"width: 300px\" class=\"wp-caption alignleft\"><a href=\"https:\/\/i0.wp.com\/www.eltrabajo.cl\/portal\/wp-content\/uploads\/2015\/10\/cedulas-en-gobernacion.jpg\"><img data-recalc-dims=\"1\" loading=\"lazy\" decoding=\"async\" class=\"wp-image-63297 size-medium\" src=\"https:\/\/i0.wp.com\/www.eltrabajo.cl\/portal\/wp-content\/uploads\/2015\/10\/cedulas-en-gobernacion-300x198.jpg?resize=300%2C198\" alt=\"Junto con la entrega de la Clave \u00danica, personal de Gobernaci\u00f3n comenz\u00f3 a gestionar tr\u00e1mites m\u00e1s complejos como c\u00e9dulas de identidad y pasaportes, en caso de emergencias.\" width=\"300\" height=\"198\" srcset=\"https:\/\/i0.wp.com\/eltrabajo.cl\/portal\/wp-content\/uploads\/2015\/10\/cedulas-en-gobernacion.jpg?resize=300%2C198&amp;ssl=1 300w, https:\/\/i0.wp.com\/eltrabajo.cl\/portal\/wp-content\/uploads\/2015\/10\/cedulas-en-gobernacion.jpg?resize=200%2C132&amp;ssl=1 200w, https:\/\/i0.wp.com\/eltrabajo.cl\/portal\/wp-content\/uploads\/2015\/10\/cedulas-en-gobernacion.jpg?resize=227%2C150&amp;ssl=1 227w, https:\/\/i0.wp.com\/eltrabajo.cl\/portal\/wp-content\/uploads\/2015\/10\/cedulas-en-gobernacion.jpg?resize=400%2C264&amp;ssl=1 400w, https:\/\/i0.wp.com\/eltrabajo.cl\/portal\/wp-content\/uploads\/2015\/10\/cedulas-en-gobernacion.jpg?w=530&amp;ssl=1 530w\" sizes=\"auto, (max-width: 300px) 100vw, 300px\" \/><\/a><figcaption id=\"caption-attachment-63297\" class=\"wp-caption-text\">Junto con la entrega de la Clave \u00danica, personal de Gobernaci\u00f3n comenz\u00f3 a gestionar tr\u00e1mites m\u00e1s complejos como c\u00e9dulas de identidad y pasaportes, en caso de emergencias.<\/figcaption><\/figure>\n<p>Diversas medidas de contingencia para enfrentar el ya prolongado paro del Registro Civil, est\u00e1n desarrollando la Direcci\u00f3n Nacional de ese Servicio junto al Ministerio de Justicia, con el objetivo de reforzar los canales de atenci\u00f3n v\u00eda telef\u00f3nica y web y as\u00ed aminorar los efectos negativos que tiene esta paralizaci\u00f3n para la ciudadan\u00eda.<br \/>\nEs por ello que la Gobernaci\u00f3n de San Felipe se une al plan de contingencia para atender a la ciudadan\u00eda. A la entrega de la \u2018Clave \u00danica\u2019 se suma la tramitaci\u00f3n de c\u00e9dulas de identidad y pasaportes en caso de hurto o extrav\u00edo, as\u00ed como la realizaci\u00f3n de Matrimonios y Acuerdos de Uni\u00f3n Civil ya programados.<br \/>\nEn el caso del Carn\u00e9 de Identidad y del Pasaporte, s\u00f3lo en caso de urgencia, por ejemplo, por robo o extrav\u00edo de alguno de estos documentos, se podr\u00e1 realizar el tr\u00e1mite en la Gobernaci\u00f3n Provincial, entregando el certificado que acredita el carn\u00e9 o el pasaporte en tr\u00e1mite, ya que en la sede central del Registro Civil, en calle Catedral 1772, Santiago, se estar\u00e1n entregando dichos documentos.<br \/>\nSon cerca de 35 atenciones diarias que se han realizado, donde hasta este martes cifraban en 11 solicitudes de C.I., 20 de pasaportes y 50 certificados.<br \/>\nHay que destacar que para estos efectos se han desplegado a nivel pa\u00eds una serie de m\u00f3dulos port\u00e1tiles que permiten realizar el tr\u00e1mite de renovaci\u00f3n de c\u00e9dula de identidad y pasaporte, y que justamente la Gobernaci\u00f3n Provincial ya cuenta con dicho aparato tecnol\u00f3gico.<br \/>\nEl Registro Civil continuar\u00e1 llevando a cabo los Matrimonios y Acuerdos de Uni\u00f3n Civil ya programados con anterioridad, agregando que por el momento no se agendar\u00e1n nuevas ceremonias.<br \/>\nUn tr\u00e1mite importante que no se realizar\u00e1 en la Gobernaci\u00f3n es la inscripci\u00f3n de nacimientos y defunciones; en el caso de los nacimientos y sus tr\u00e1mites asociados se ha autorizado la realizaci\u00f3n con el \u00abComprobante de Atenci\u00f3n de Parto\u00bb, para presentarlo ante el Compin y Fonasa. En el caso de los fallecimientos, se dispuso que las aseguradoras privadas acepten el Certificado M\u00e9dico de Defunci\u00f3n.<br \/>\nAdem\u00e1s del aumento de Centros de atenci\u00f3n de Claves \u00fanicas a nivel nacional (en San Felipe se entregan en el edificio de la Gobernaci\u00f3n y en el IPS), tambi\u00e9n se redise\u00f1\u00f3 el proceso de entrega de c\u00e9dulas de identidad y pasaportes, de manera de aumentar la cantidad de usuarios que se atender\u00e1n y disminuir los tiempos de atenci\u00f3n.<\/p>\n<p><strong>Obtenci\u00f3n certificados v\u00eda p\u00e1gina web<\/strong><br \/>\n<strong>Certificados gratuitos:<\/strong><br \/>\n&#8211; Certificado de nacimiento para asignaci\u00f3n familiar<br \/>\n&#8211; Certificado de nacimiento para matr\u00edcula<br \/>\n&#8211; Certificado de matrimonio para asignaci\u00f3n familiar<br \/>\n&#8211; Certificado de defunci\u00f3n para asignaci\u00f3n familiar<br \/>\n&#8211; Certificado de cese de convivencia<\/p>\n<p><strong>Certificados pagados:<\/strong><br \/>\n&#8211; Matrimonio<br \/>\n&#8211; Veh\u00edculos (anotaciones, multas, hoja de vida)<br \/>\n&#8211; Antecedentes (requiere clave \u00fanica)<br \/>\n&#8211; Discapacidad (requiere clave \u00fanica)<br \/>\n&#8211; Nacimiento<br \/>\n&#8211; Defunci\u00f3n<br \/>\n&#8211; Certificados profesionales<br \/>\n&#8211; Certificados de prendas<\/p>\n<p><strong>Vigencia de c\u00e9dula de identidad<\/strong><br \/>\nSe decret\u00f3 la extensi\u00f3n de la vigencia de aquellas c\u00e9dulas de identidad que hayan caducado o est\u00e9n por caducar, hasta el 31 de diciembre de 2015.<br \/>\nSuspensi\u00f3n del alza en valor de pasaportes y c\u00e9dulas de identidad; es decir, el carn\u00e9 de identidad tiene un costo de $3.600, mientras que los pasaportes de 42 p\u00e1ginas $48.900 y de 64 hojas $60.720.<br \/>\nSe ha decretado la extensi\u00f3n de la vigencia del valor actual de los pasaportes y c\u00e9dulas de identidad hasta 5 d\u00edas h\u00e1biles despu\u00e9s de retomado el normal funcionamiento del Registro Civil.<br \/>\nEl horario de atenci\u00f3n va desde las 9:00 a 14:00 y de 15:00 a 17:30, en el segundo piso del edificio ubicado en Salinas 1231.<\/p>\n","protected":false},"excerpt":{"rendered":"<p>Diversas medidas de contingencia para enfrentar el ya prolongado paro del Registro Civil, est\u00e1n desarrollando la Direcci\u00f3n Nacional de ese Servicio junto al Ministerio de Justicia, con el objetivo de reforzar los&#8230;<\/p>\n","protected":false},"author":482,"featured_media":63297,"comment_status":"open","ping_status":"open","sticky":false,"template":"","format":"standard","meta":{"advanced_seo_description":"","jetpack_seo_html_title":"","jetpack_seo_noindex":false,"_jetpack_memberships_contains_paid_content":false,"footnotes":""},"categories":[1],"tags":[],"class_list":["post-63296","post","type-post","status-publish","format-standard","has-post-thumbnail","hentry","category-cronica"],"jetpack_featured_media_url":"https:\/\/i0.wp.com\/eltrabajo.cl\/portal\/wp-content\/uploads\/2015\/10\/cedulas-en-gobernacion.jpg?fit=530%2C350&ssl=1","jetpack_sharing_enabled":true,"jetpack_likes_enabled":true,"jetpack-related-posts":[],"_links":{"self":[{"href":"https:\/\/eltrabajo.cl\/portal\/wp-json\/wp\/v2\/posts\/63296","targetHints":{"allow":["GET"]}}],"collection":[{"href":"https:\/\/eltrabajo.cl\/portal\/wp-json\/wp\/v2\/posts"}],"about":[{"href":"https:\/\/eltrabajo.cl\/portal\/wp-json\/wp\/v2\/types\/post"}],"author":[{"embeddable":true,"href":"https:\/\/eltrabajo.cl\/portal\/wp-json\/wp\/v2\/users\/482"}],"replies":[{"embeddable":true,"href":"https:\/\/eltrabajo.cl\/portal\/wp-json\/wp\/v2\/comments?post=63296"}],"version-history":[{"count":0,"href":"https:\/\/eltrabajo.cl\/portal\/wp-json\/wp\/v2\/posts\/63296\/revisions"}],"wp:featuredmedia":[{"embeddable":true,"href":"https:\/\/eltrabajo.cl\/portal\/wp-json\/wp\/v2\/media\/63297"}],"wp:attachment":[{"href":"https:\/\/eltrabajo.cl\/portal\/wp-json\/wp\/v2\/media?parent=63296"}],"wp:term":[{"taxonomy":"category","embeddable":true,"href":"https:\/\/eltrabajo.cl\/portal\/wp-json\/wp\/v2\/categories?post=63296"},{"taxonomy":"post_tag","embeddable":true,"href":"https:\/\/eltrabajo.cl\/portal\/wp-json\/wp\/v2\/tags?post=63296"}],"curies":[{"name":"wp","href":"https:\/\/api.w.org\/{rel}","templated":true}]}}