{"id":63299,"date":"2015-10-28T09:27:31","date_gmt":"2015-10-28T12:27:31","guid":{"rendered":"http:\/\/www.eltrabajo.cl\/portal\/?p=63299"},"modified":"2015-10-28T09:27:31","modified_gmt":"2015-10-28T12:27:31","slug":"herido-de-consideracion-resulta-vecino-impactado-por-bala-loca","status":"publish","type":"post","link":"https:\/\/eltrabajo.cl\/portal\/herido-de-consideracion-resulta-vecino-impactado-por-bala-loca\/","title":{"rendered":"Herido de consideraci\u00f3n resulta vecino impactado por \u2018Bala loca\u2019"},"content":{"rendered":"<figure id=\"attachment_63300\" aria-describedby=\"caption-attachment-63300\" style=\"width: 300px\" class=\"wp-caption alignleft\"><a href=\"https:\/\/i0.wp.com\/www.eltrabajo.cl\/portal\/wp-content\/uploads\/2015\/10\/samu11.jpg\"><img data-recalc-dims=\"1\" loading=\"lazy\" decoding=\"async\" class=\"wp-image-63300 size-medium\" src=\"https:\/\/i0.wp.com\/www.eltrabajo.cl\/portal\/wp-content\/uploads\/2015\/10\/samu11-300x197.jpg?resize=300%2C197\" alt=\"   La v\u00edctima qued\u00f3 sin riesgo vital y permanece en el hospital San Juan de Dios donde permanece internado.\" width=\"300\" height=\"197\" srcset=\"https:\/\/i0.wp.com\/eltrabajo.cl\/portal\/wp-content\/uploads\/2015\/10\/samu11.jpg?resize=300%2C197&amp;ssl=1 300w, https:\/\/i0.wp.com\/eltrabajo.cl\/portal\/wp-content\/uploads\/2015\/10\/samu11.jpg?resize=200%2C131&amp;ssl=1 200w, https:\/\/i0.wp.com\/eltrabajo.cl\/portal\/wp-content\/uploads\/2015\/10\/samu11.jpg?resize=228%2C150&amp;ssl=1 228w, https:\/\/i0.wp.com\/eltrabajo.cl\/portal\/wp-content\/uploads\/2015\/10\/samu11.jpg?resize=400%2C263&amp;ssl=1 400w, https:\/\/i0.wp.com\/eltrabajo.cl\/portal\/wp-content\/uploads\/2015\/10\/samu11.jpg?w=530&amp;ssl=1 530w\" sizes=\"auto, (max-width: 300px) 100vw, 300px\" \/><\/a><figcaption id=\"caption-attachment-63300\" class=\"wp-caption-text\"><br \/> La v\u00edctima qued\u00f3 sin riesgo vital y permanece en el hospital San Juan de Dios donde permanece internado.<\/figcaption><\/figure>\n<ul>\n<li><strong>Desconocidos efectuaron disparos en contra de un grupo de j\u00f3venes que jugaban baby f\u00fatbol en la cancha de la poblaci\u00f3n Bellavista.<\/strong><\/li>\n<\/ul>\n<p><strong>LOS ANDES.<\/strong>&#8211; Un vecino de la poblaci\u00f3n Bellavista result\u00f3 herido de consideraci\u00f3n al recibir un impacto de bala disparado por desconocidos la noche del lunes.<br \/>\nConforme a los primeros antecedentes recogidos por nuestro medio, el hecho se produjo cerca de las 23 horas, cuando un grupo de j\u00f3venes que participaba de un partido de baby f\u00fatbol en la multicancha del sector ubicada en calle Oscar Granadino, sinti\u00f3 al menos dos disparos provenientes del sector de la autopista Los Andes.<br \/>\nEn esos instantes, en una casa cercana a la cancha, un vecino identificado con las iniciales L.C.V., de 35 a\u00f1os, que se encontraba abriendo el port\u00f3n para ingresar su auto, recibi\u00f3 uno de estos impactos de bala en su abdomen.<br \/>\nFamiliares y vecinos que le brindaron auxilio y llamaron a una ambulancia del Samu que lo traslad\u00f3 hasta el hospital San Juan de Dios donde qued\u00f3 internado sin riesgo vital.<br \/>\nInformado de la situaci\u00f3n, Carabineros realiz\u00f3 diversos operativos por el sector tratando de ubicar a los autores de los disparos, diligencias que resultaron infructuosas.<\/p>\n","protected":false},"excerpt":{"rendered":"<p>Desconocidos efectuaron disparos en contra de un grupo de j\u00f3venes que jugaban baby f\u00fatbol en la cancha de la poblaci\u00f3n Bellavista. LOS ANDES.&#8211; Un vecino de la poblaci\u00f3n Bellavista result\u00f3 herido de&#8230;<\/p>\n","protected":false},"author":482,"featured_media":63300,"comment_status":"open","ping_status":"open","sticky":false,"template":"","format":"standard","meta":{"advanced_seo_description":"","jetpack_seo_html_title":"","jetpack_seo_noindex":false,"_jetpack_memberships_contains_paid_content":false,"footnotes":""},"categories":[21],"tags":[],"class_list":["post-63299","post","type-post","status-publish","format-standard","has-post-thumbnail","hentry","category-policial"],"jetpack_featured_media_url":"https:\/\/i0.wp.com\/eltrabajo.cl\/portal\/wp-content\/uploads\/2015\/10\/samu11.jpg?fit=530%2C348&ssl=1","jetpack_sharing_enabled":true,"jetpack_likes_enabled":true,"jetpack-related-posts":[],"_links":{"self":[{"href":"https:\/\/eltrabajo.cl\/portal\/wp-json\/wp\/v2\/posts\/63299","targetHints":{"allow":["GET"]}}],"collection":[{"href":"https:\/\/eltrabajo.cl\/portal\/wp-json\/wp\/v2\/posts"}],"about":[{"href":"https:\/\/eltrabajo.cl\/portal\/wp-json\/wp\/v2\/types\/post"}],"author":[{"embeddable":true,"href":"https:\/\/eltrabajo.cl\/portal\/wp-json\/wp\/v2\/users\/482"}],"replies":[{"embeddable":true,"href":"https:\/\/eltrabajo.cl\/portal\/wp-json\/wp\/v2\/comments?post=63299"}],"version-history":[{"count":0,"href":"https:\/\/eltrabajo.cl\/portal\/wp-json\/wp\/v2\/posts\/63299\/revisions"}],"wp:featuredmedia":[{"embeddable":true,"href":"https:\/\/eltrabajo.cl\/portal\/wp-json\/wp\/v2\/media\/63300"}],"wp:attachment":[{"href":"https:\/\/eltrabajo.cl\/portal\/wp-json\/wp\/v2\/media?parent=63299"}],"wp:term":[{"taxonomy":"category","embeddable":true,"href":"https:\/\/eltrabajo.cl\/portal\/wp-json\/wp\/v2\/categories?post=63299"},{"taxonomy":"post_tag","embeddable":true,"href":"https:\/\/eltrabajo.cl\/portal\/wp-json\/wp\/v2\/tags?post=63299"}],"curies":[{"name":"wp","href":"https:\/\/api.w.org\/{rel}","templated":true}]}}