{"id":63306,"date":"2015-10-28T09:35:48","date_gmt":"2015-10-28T12:35:48","guid":{"rendered":"http:\/\/www.eltrabajo.cl\/portal\/?p=63306"},"modified":"2015-10-28T09:35:48","modified_gmt":"2015-10-28T12:35:48","slug":"detienen-por-receptacion-a-agricultor-rinconadino-que-compro-sacos-de-urea-robados","status":"publish","type":"post","link":"https:\/\/eltrabajo.cl\/portal\/detienen-por-receptacion-a-agricultor-rinconadino-que-compro-sacos-de-urea-robados\/","title":{"rendered":"Detienen por receptaci\u00f3n a agricultor rinconadino que compr\u00f3 sacos de \u00farea robados"},"content":{"rendered":"<figure id=\"attachment_63307\" aria-describedby=\"caption-attachment-63307\" style=\"width: 300px\" class=\"wp-caption alignleft\"><a href=\"https:\/\/i0.wp.com\/www.eltrabajo.cl\/portal\/wp-content\/uploads\/2015\/10\/urea1.jpg\"><img data-recalc-dims=\"1\" loading=\"lazy\" decoding=\"async\" class=\"wp-image-63307 size-medium\" src=\"https:\/\/i0.wp.com\/www.eltrabajo.cl\/portal\/wp-content\/uploads\/2015\/10\/urea1-300x198.jpg?resize=300%2C198\" alt=\"Los siete sacos de urea robados por estos tres sujetos, fueron devueltos a su due\u00f1o.\" width=\"300\" height=\"198\" srcset=\"https:\/\/i0.wp.com\/eltrabajo.cl\/portal\/wp-content\/uploads\/2015\/10\/urea1.jpg?resize=300%2C198&amp;ssl=1 300w, https:\/\/i0.wp.com\/eltrabajo.cl\/portal\/wp-content\/uploads\/2015\/10\/urea1.jpg?resize=200%2C132&amp;ssl=1 200w, https:\/\/i0.wp.com\/eltrabajo.cl\/portal\/wp-content\/uploads\/2015\/10\/urea1.jpg?resize=227%2C150&amp;ssl=1 227w, https:\/\/i0.wp.com\/eltrabajo.cl\/portal\/wp-content\/uploads\/2015\/10\/urea1.jpg?resize=400%2C264&amp;ssl=1 400w, https:\/\/i0.wp.com\/eltrabajo.cl\/portal\/wp-content\/uploads\/2015\/10\/urea1.jpg?w=530&amp;ssl=1 530w\" sizes=\"auto, (max-width: 300px) 100vw, 300px\" \/><\/a><figcaption id=\"caption-attachment-63307\" class=\"wp-caption-text\">Los siete sacos de urea robados por estos tres sujetos, fueron devueltos a su due\u00f1o.<\/figcaption><\/figure>\n<ul>\n<li><strong>Delincuentes ingresaron a una bodega a sustraer este producto, pero no se dieron cuenta que un saco estaba roto y dej\u00f3 una huella que fue seguida por Carabineros.<\/strong><\/li>\n<\/ul>\n<p><strong>RINCONADA.-<\/strong> Un peque\u00f1o agricultor de la comuna de Rinconada fue detenido por Carabineros de esa comuna tras haber adquirido sacos de urea que hab\u00edan sido robados desde la bodega de un fundo la noche del domingo.<br \/>\nSeg\u00fan inform\u00f3 Carabineros, desconocidos ingresaron hasta el fundo \u2018Cuarto y Quinto\u2019 ubicado en el sector de calle Nueva Araya desde donde sustrajeron ocho sacos de urea granulada.<br \/>\nLos antisociales cargaron a pie estos sacos sin percatarse que uno de ellos estaba roto, dejando una huella de todo el camino que recorrieron hasta llegar al sector de Mina Caracoles.<br \/>\nJustamente una vez recepcionada la denuncia del robo, personal de la Tenencia de Rinconada comenz\u00f3 a seguir la huella de urea llegando hasta un sendero donde fueron cargados en un veh\u00edculo.<br \/>\nLos polic\u00edas se entrevistaron con vecinos quienes se\u00f1alaron que sujetos hab\u00edan llegado con sacos al lugar y los cargaron en una camioneta marca Suzuki con determinadas caracter\u00edsticas.<br \/>\nLuego de ello y en un patrullaje por las inmediaciones lograron ubicar en calle G\u00e1lvez, frente al n\u00famero 192, la camioneta descrita por los testigos.<br \/>\nAl entrevistarse con el due\u00f1o que reside en un inmueble del sector, \u00e9ste reconoci\u00f3 haber comprado siete sacos de urea a tres sujetos a quienes identific\u00f3 como \u2018El Gallina Fi\u00e1\u2019 y los Hermanos Castillo, en una determinada suma de dinero.<br \/>\nPor instrucciones del fiscal de turno el comprador identificado como P.P.F.F., de 62 a\u00f1os, qued\u00f3 detenido por el delito de receptaci\u00f3n de especies y pas\u00f3 a disposici\u00f3n del Tribunal de Garant\u00eda de Los Andes.<br \/>\nEn tanto, los sacos recuperados fueron devueltos a su due\u00f1o.<\/p>\n","protected":false},"excerpt":{"rendered":"<p>Delincuentes ingresaron a una bodega a sustraer este producto, pero no se dieron cuenta que un saco estaba roto y dej\u00f3 una huella que fue seguida por Carabineros. RINCONADA.- Un peque\u00f1o agricultor&#8230;<\/p>\n","protected":false},"author":482,"featured_media":63307,"comment_status":"open","ping_status":"open","sticky":false,"template":"","format":"standard","meta":{"advanced_seo_description":"","jetpack_seo_html_title":"","jetpack_seo_noindex":false,"_jetpack_memberships_contains_paid_content":false,"footnotes":""},"categories":[21],"tags":[],"class_list":["post-63306","post","type-post","status-publish","format-standard","has-post-thumbnail","hentry","category-policial"],"jetpack_featured_media_url":"https:\/\/i0.wp.com\/eltrabajo.cl\/portal\/wp-content\/uploads\/2015\/10\/urea1.jpg?fit=530%2C350&ssl=1","jetpack_sharing_enabled":true,"jetpack_likes_enabled":true,"jetpack-related-posts":[],"_links":{"self":[{"href":"https:\/\/eltrabajo.cl\/portal\/wp-json\/wp\/v2\/posts\/63306","targetHints":{"allow":["GET"]}}],"collection":[{"href":"https:\/\/eltrabajo.cl\/portal\/wp-json\/wp\/v2\/posts"}],"about":[{"href":"https:\/\/eltrabajo.cl\/portal\/wp-json\/wp\/v2\/types\/post"}],"author":[{"embeddable":true,"href":"https:\/\/eltrabajo.cl\/portal\/wp-json\/wp\/v2\/users\/482"}],"replies":[{"embeddable":true,"href":"https:\/\/eltrabajo.cl\/portal\/wp-json\/wp\/v2\/comments?post=63306"}],"version-history":[{"count":0,"href":"https:\/\/eltrabajo.cl\/portal\/wp-json\/wp\/v2\/posts\/63306\/revisions"}],"wp:featuredmedia":[{"embeddable":true,"href":"https:\/\/eltrabajo.cl\/portal\/wp-json\/wp\/v2\/media\/63307"}],"wp:attachment":[{"href":"https:\/\/eltrabajo.cl\/portal\/wp-json\/wp\/v2\/media?parent=63306"}],"wp:term":[{"taxonomy":"category","embeddable":true,"href":"https:\/\/eltrabajo.cl\/portal\/wp-json\/wp\/v2\/categories?post=63306"},{"taxonomy":"post_tag","embeddable":true,"href":"https:\/\/eltrabajo.cl\/portal\/wp-json\/wp\/v2\/tags?post=63306"}],"curies":[{"name":"wp","href":"https:\/\/api.w.org\/{rel}","templated":true}]}}