{"id":63309,"date":"2015-10-28T09:38:24","date_gmt":"2015-10-28T12:38:24","guid":{"rendered":"http:\/\/www.eltrabajo.cl\/portal\/?p=63309"},"modified":"2015-10-28T09:38:24","modified_gmt":"2015-10-28T12:38:24","slug":"autoridades-descartan-creacion-de-cet-en-fundo-la-pena","status":"publish","type":"post","link":"https:\/\/eltrabajo.cl\/portal\/autoridades-descartan-creacion-de-cet-en-fundo-la-pena\/","title":{"rendered":"Autoridades descartan creaci\u00f3n de CET en Fundo La Pe\u00f1a"},"content":{"rendered":"<figure id=\"attachment_63310\" aria-describedby=\"caption-attachment-63310\" style=\"width: 300px\" class=\"wp-caption alignleft\"><a href=\"https:\/\/i0.wp.com\/www.eltrabajo.cl\/portal\/wp-content\/uploads\/2015\/10\/Reunion-CET-Curimon-1.jpg\"><img data-recalc-dims=\"1\" loading=\"lazy\" decoding=\"async\" class=\"wp-image-63310 size-medium\" src=\"https:\/\/i0.wp.com\/www.eltrabajo.cl\/portal\/wp-content\/uploads\/2015\/10\/Reunion-CET-Curimon-1-300x198.jpg?resize=300%2C198\" alt=\"A la reuni\u00f3n informativa asisti\u00f3 el alcalde Patricio Freire, el gobernador Eduardo Le\u00f3n y el presidente Junta de Adelanto de Curim\u00f3n, Ricardo Figueroa.\" width=\"300\" height=\"198\" srcset=\"https:\/\/i0.wp.com\/eltrabajo.cl\/portal\/wp-content\/uploads\/2015\/10\/Reunion-CET-Curimon-1.jpg?resize=300%2C198&amp;ssl=1 300w, https:\/\/i0.wp.com\/eltrabajo.cl\/portal\/wp-content\/uploads\/2015\/10\/Reunion-CET-Curimon-1.jpg?resize=200%2C132&amp;ssl=1 200w, https:\/\/i0.wp.com\/eltrabajo.cl\/portal\/wp-content\/uploads\/2015\/10\/Reunion-CET-Curimon-1.jpg?resize=228%2C150&amp;ssl=1 228w, https:\/\/i0.wp.com\/eltrabajo.cl\/portal\/wp-content\/uploads\/2015\/10\/Reunion-CET-Curimon-1.jpg?resize=400%2C263&amp;ssl=1 400w, https:\/\/i0.wp.com\/eltrabajo.cl\/portal\/wp-content\/uploads\/2015\/10\/Reunion-CET-Curimon-1.jpg?w=530&amp;ssl=1 530w\" sizes=\"auto, (max-width: 300px) 100vw, 300px\" \/><\/a><figcaption id=\"caption-attachment-63310\" class=\"wp-caption-text\">A la reuni\u00f3n informativa asisti\u00f3 el alcalde Patricio Freire, el gobernador Eduardo Le\u00f3n y el presidente Junta de Adelanto de Curim\u00f3n, Ricardo Figueroa.<\/figcaption><\/figure>\n<ul>\n<li><strong>La m\u00e1xima autoridad provincial destac\u00f3 que para el Gobierno de la Presidenta Bachelet siempre ha sido prioritario escuchar a los actores involucrados para tomar decisiones.<\/strong><\/li>\n<\/ul>\n<p>Durante la ma\u00f1ana de este martes, el gobernador Eduardo Le\u00f3n se reuni\u00f3 con el alcalde Patricio Freire, y el Presidente de la Junta de Adelanto de Curim\u00f3n, Ricardo Figueroa, para informarles que el Gobierno hab\u00eda descartado la propuesta de la instalaci\u00f3n del Centro de Estudios y Trabajo en el fundo La Pe\u00f1a, ya que la propuesta requer\u00eda la realizaci\u00f3n en conjunto.<br \/>\nJustamente fue la m\u00e1xima autoridad de la Provincia quien inform\u00f3 al Intendente Aldoney, que el Alcalde y el Concejo Municipal no compart\u00edan esta idea sumado al rechazo de los habitantes de Curim\u00f3n y las autoridades, demostrado el pasado s\u00e1bado luego de una extensa reuni\u00f3n que sostuvieron junto a la Seremi de Justicia, Paz Anastasiadis.<br \/>\nRaz\u00f3n por la que Aldoney descart\u00f3 la idea debido a que no concitaba el acuerdo necesario para que se realizara.<br \/>\nEn la ocasi\u00f3n, el Gobernador Le\u00f3n insisti\u00f3 en que se trataba s\u00f3lo de una propuesta y que no estaba considerado como proyecto ni pre proyecto, ni siquiera se encontraba en etapa de pre inversi\u00f3n. \u201cLa comunidad de San Felipe prefiere otro destino en el Fundo La Pe\u00f1a, nosotros como Gobierno no trabajaremos en contra de la comunidad, sino que lo que buscamos es realizarlo en conjunto. Por ello, retiramos la idea de hacer un CET Escuela Agr\u00edcola\u201d asever\u00f3.<br \/>\nAsimismo, la m\u00e1xima autoridad provincial invit\u00f3 a las autoridades comunales a generar un proyecto claro para esos terrenos pertenecientes a bienes nacionales. \u201cConvocamos al alcalde y a los vecinos de Curim\u00f3n a generar proyectos en este sector. Hoy la reuni\u00f3n fue enfocada en trabajar y darle un destino. Entre ellas, algunas ideas son traer instalaciones de Conaf con respecto a un vivero o jard\u00edn bot\u00e1nico, tambi\u00e9n la comunidad tiene planteamiento como los deportes tradicionales, por lo que es necesario generar proyectos que vayan de la mano de los requerimientos de la comunidad\u201d.<br \/>\nEn tanto, el alcalde Freire, destac\u00f3 que junto al Concejo Municipal, enviaron una carta al Intendente Gabriel Aldoney con la finalidad de informarle acerca de otros proyectos que se quieren levantar en ese terreno. \u201cHoy pensamos en un jard\u00edn bot\u00e1nico, un centro de la Conaf y tambi\u00e9n un centro deportivo y recreativo para las comunidades de San Felipe. Estamos trabajando con todos los organismos necesarios para darle un destino. El municipio y la comunidad organizada queremos otro proyecto en el Fundo la Pe\u00f1a\u201d dijo el jefe comunal.<br \/>\nFinalmente, Ricardo Figueroa, Presidente Junta de Adelanto de Curim\u00f3n, manifest\u00f3 su conformidad con respecto a la decisi\u00f3n del Gobierno. \u201cEsto nos deja muy tranquilo. Ahora nos queda trabajar en conjunto con la Municipalidad y Gobierno, para establecer qu\u00e9 es lo que se realizar\u00e1 en el Fundo y as\u00ed darle uso.\u201d puntualiz\u00f3 el dirigente.<\/p>\n","protected":false},"excerpt":{"rendered":"<p>La m\u00e1xima autoridad provincial destac\u00f3 que para el Gobierno de la Presidenta Bachelet siempre ha sido prioritario escuchar a los actores involucrados para tomar decisiones. Durante la ma\u00f1ana de este martes, el&#8230;<\/p>\n","protected":false},"author":482,"featured_media":63310,"comment_status":"open","ping_status":"open","sticky":false,"template":"","format":"standard","meta":{"advanced_seo_description":"","jetpack_seo_html_title":"","jetpack_seo_noindex":false,"_jetpack_memberships_contains_paid_content":false,"footnotes":""},"categories":[1],"tags":[],"class_list":["post-63309","post","type-post","status-publish","format-standard","has-post-thumbnail","hentry","category-cronica"],"jetpack_featured_media_url":"https:\/\/i0.wp.com\/eltrabajo.cl\/portal\/wp-content\/uploads\/2015\/10\/Reunion-CET-Curimon-1.jpg?fit=530%2C349&ssl=1","jetpack_sharing_enabled":true,"jetpack_likes_enabled":true,"jetpack-related-posts":[],"_links":{"self":[{"href":"https:\/\/eltrabajo.cl\/portal\/wp-json\/wp\/v2\/posts\/63309","targetHints":{"allow":["GET"]}}],"collection":[{"href":"https:\/\/eltrabajo.cl\/portal\/wp-json\/wp\/v2\/posts"}],"about":[{"href":"https:\/\/eltrabajo.cl\/portal\/wp-json\/wp\/v2\/types\/post"}],"author":[{"embeddable":true,"href":"https:\/\/eltrabajo.cl\/portal\/wp-json\/wp\/v2\/users\/482"}],"replies":[{"embeddable":true,"href":"https:\/\/eltrabajo.cl\/portal\/wp-json\/wp\/v2\/comments?post=63309"}],"version-history":[{"count":0,"href":"https:\/\/eltrabajo.cl\/portal\/wp-json\/wp\/v2\/posts\/63309\/revisions"}],"wp:featuredmedia":[{"embeddable":true,"href":"https:\/\/eltrabajo.cl\/portal\/wp-json\/wp\/v2\/media\/63310"}],"wp:attachment":[{"href":"https:\/\/eltrabajo.cl\/portal\/wp-json\/wp\/v2\/media?parent=63309"}],"wp:term":[{"taxonomy":"category","embeddable":true,"href":"https:\/\/eltrabajo.cl\/portal\/wp-json\/wp\/v2\/categories?post=63309"},{"taxonomy":"post_tag","embeddable":true,"href":"https:\/\/eltrabajo.cl\/portal\/wp-json\/wp\/v2\/tags?post=63309"}],"curies":[{"name":"wp","href":"https:\/\/api.w.org\/{rel}","templated":true}]}}