{"id":63318,"date":"2015-10-29T09:12:48","date_gmt":"2015-10-29T12:12:48","guid":{"rendered":"http:\/\/www.eltrabajo.cl\/portal\/?p=63318"},"modified":"2015-10-29T09:12:48","modified_gmt":"2015-10-29T12:12:48","slug":"katherine-garcia-quiere-reinar-la-fiesta-de-la-primavera","status":"publish","type":"post","link":"https:\/\/eltrabajo.cl\/portal\/katherine-garcia-quiere-reinar-la-fiesta-de-la-primavera\/","title":{"rendered":"Katherine Garc\u00eda quiere reinar la Fiesta de la Primavera"},"content":{"rendered":"<figure id=\"attachment_63319\" aria-describedby=\"caption-attachment-63319\" style=\"width: 300px\" class=\"wp-caption alignleft\"><a href=\"https:\/\/i0.wp.com\/www.eltrabajo.cl\/portal\/wp-content\/uploads\/2015\/10\/Katherine-Garcia.jpg\"><img data-recalc-dims=\"1\" loading=\"lazy\" decoding=\"async\" class=\"wp-image-63319 size-medium\" src=\"https:\/\/i0.wp.com\/www.eltrabajo.cl\/portal\/wp-content\/uploads\/2015\/10\/Katherine-Garcia-300x198.jpg?resize=300%2C198\" alt=\"DESPAMPANANTE.- Katherine Garc\u00eda Allende, joven sanfelipe\u00f1a que est\u00e1 participando como candidata a Reina de la Fiesta de la Primavera 2015.\" width=\"300\" height=\"198\" srcset=\"https:\/\/i0.wp.com\/eltrabajo.cl\/portal\/wp-content\/uploads\/2015\/10\/Katherine-Garcia.jpg?resize=300%2C198&amp;ssl=1 300w, https:\/\/i0.wp.com\/eltrabajo.cl\/portal\/wp-content\/uploads\/2015\/10\/Katherine-Garcia.jpg?resize=200%2C132&amp;ssl=1 200w, https:\/\/i0.wp.com\/eltrabajo.cl\/portal\/wp-content\/uploads\/2015\/10\/Katherine-Garcia.jpg?resize=227%2C150&amp;ssl=1 227w, https:\/\/i0.wp.com\/eltrabajo.cl\/portal\/wp-content\/uploads\/2015\/10\/Katherine-Garcia.jpg?resize=400%2C264&amp;ssl=1 400w, https:\/\/i0.wp.com\/eltrabajo.cl\/portal\/wp-content\/uploads\/2015\/10\/Katherine-Garcia.jpg?w=530&amp;ssl=1 530w\" sizes=\"auto, (max-width: 300px) 100vw, 300px\" \/><\/a><figcaption id=\"caption-attachment-63319\" class=\"wp-caption-text\">DESPAMPANANTE.- Katherine Garc\u00eda Allende, joven sanfelipe\u00f1a que est\u00e1 participando como candidata a Reina de la Fiesta de la Primavera 2015.<\/figcaption><\/figure>\n<p>Hoy en Diario El Trabajo te presentamos a otra de las despampanantes bellezas sanfelipe\u00f1as que adornan la parrilla de candidatas de la Fiesta de la Primavera 2015, una linda jovencita de apenas 20 a\u00f1os que participa en representaci\u00f3n de la Junta Vecinal de villa Portal Aconcagua.<\/p>\n<p><strong>BELLA CANDIDATA<\/strong><br \/>\nSe trata de la t\u00e9cnico en odontolog\u00eda Katherine Romina Garc\u00eda Allende, soltera y sin compromiso, es la menor de cuatro hermanos y tambi\u00e9n la madre de una peque\u00f1ita llamada Antonella Campos de cuatro a\u00f1itos.<br \/>\n\u00abEstoy participando en este tema de la Fiesta de la Primavera porque la junta vecinal me lo propuso, ya que seg\u00fan los directivos, les parezco simp\u00e1tica y con personalidad para este concurso\u00bb, explic\u00f3 la joven Katherine.<br \/>\nEsta sanfelipe\u00f1a labora actualmente en Restaurante Bien Hecho de nuestra ciudad, pues desea pronto poder trabajar en el sector de la Salud P\u00fablica.<br \/>\n\u00abSoy signo Acuario; mi color favorito es el rosado; mi artista preferido es Pablo Albor\u00e1n; adoro los dulces y me encanta hacer ciclismo, soy muy rom\u00e1ntica y espero tambi\u00e9n ganar la corona de esta fiesta tan especial\u00bb, agreg\u00f3 la bella candidata.<\/p>\n<p><strong>CARRO ALEG\u00d3RICO \u00a0SER\u00c1 DE PEL\u00cdCULA<\/strong><br \/>\nDiario El Trabajo visit\u00f3 su poblaci\u00f3n para hablar con las directivas de esta junta vecinal, en dicha sede fuimos atendidos por la presidente Yennifer Ortega, quien explic\u00f3 a nuestro medio que \u00abaunque nuestra directiva existe desde 2010, nosotras somos las nuevas integrantes de esta junta vecinal, es la primera vez que participamos en este festival, nuestro carro aleg\u00f3rico est\u00e1 inspirado en los personajes de la pel\u00edcula Frozen, as\u00ed que nuestros ni\u00f1os tendr\u00e1n la oportunidad de ser protagonistas en este desfile\u00bb.<br \/>\nEsta junta vecinal maneja los intereses de al menos unas 250 familias del sector, por lo que se espera la presentaci\u00f3n ser\u00e1 muy concurrida. La candidata ya hab\u00eda participado en reinados de simpat\u00eda, ganando el escolar del Alonso de Ercilla cuando ella estaba en 2\u00ba B\u00e1sico, tambi\u00e9n particip\u00f3 en otro concurso, en el Aiep.<br \/>\n<strong>Roberto Gonz\u00e1lez Short<\/strong><br \/>\n<strong>rgonzalez@eltrabajo.cl<\/strong><\/p>\n<div class=\"tiled-gallery type-rectangular tiled-gallery-unresized\" data-original-width=\"640\" data-carousel-extra='null' itemscope itemtype=\"http:\/\/schema.org\/ImageGallery\" > <div class=\"gallery-row\" style=\"width: 640px; height: 283px;\" data-original-width=\"640\" data-original-height=\"283\" > <div class=\"gallery-group images-1\" style=\"width: 427px; height: 283px;\" data-original-width=\"427\" data-original-height=\"283\" > <div class=\"tiled-gallery-item tiled-gallery-item-large\" itemprop=\"associatedMedia\" itemscope itemtype=\"http:\/\/schema.org\/ImageObject\"> <a href=\"https:\/\/eltrabajo.cl\/portal\/katherine-garcia-quiere-reinar-la-fiesta-de-la-primavera\/cuarteto33-copia\/\" border=\"0\" itemprop=\"url\"> <meta itemprop=\"width\" content=\"423\"> <meta itemprop=\"height\" content=\"279\"> <img decoding=\"async\" class=\"\" data-attachment-id=\"63320\" data-orig-file=\"https:\/\/eltrabajo.cl\/portal\/wp-content\/uploads\/2015\/10\/Cuarteto33-copia.jpg\" data-orig-size=\"530,350\" data-comments-opened=\"1\" data-image-meta=\"{&quot;aperture&quot;:&quot;0&quot;,&quot;credit&quot;:&quot;&quot;,&quot;camera&quot;:&quot;&quot;,&quot;caption&quot;:&quot;&quot;,&quot;created_timestamp&quot;:&quot;0&quot;,&quot;copyright&quot;:&quot;&quot;,&quot;focal_length&quot;:&quot;0&quot;,&quot;iso&quot;:&quot;0&quot;,&quot;shutter_speed&quot;:&quot;0&quot;,&quot;title&quot;:&quot;&quot;,&quot;orientation&quot;:&quot;0&quot;}\" data-image-title=\"Cuarteto33 &amp;#8211; copia\" data-image-description=\"&lt;p&gt;APOYO TOTAL.- Ellas son Ana Mar\u00faa Pe\u00f1alosa, Victoria Amigo y Yennifer Garc\u00eda en compa\u00f1\u00eda de nuestra bella candidata.&lt;\/p&gt; \" data-medium-file=\"https:\/\/i0.wp.com\/eltrabajo.cl\/portal\/wp-content\/uploads\/2015\/10\/Cuarteto33-copia.jpg?fit=300%2C198&#038;ssl=1\" data-large-file=\"https:\/\/i0.wp.com\/eltrabajo.cl\/portal\/wp-content\/uploads\/2015\/10\/Cuarteto33-copia.jpg?fit=530%2C350&#038;ssl=1\" src=\"https:\/\/i0.wp.com\/eltrabajo.cl\/portal\/wp-content\/uploads\/2015\/10\/Cuarteto33-copia.jpg?w=423&#038;h=279&#038;ssl=1\" srcset=\"https:\/\/i0.wp.com\/eltrabajo.cl\/portal\/wp-content\/uploads\/2015\/10\/Cuarteto33-copia.jpg?w=530&amp;ssl=1 530w, https:\/\/i0.wp.com\/eltrabajo.cl\/portal\/wp-content\/uploads\/2015\/10\/Cuarteto33-copia.jpg?resize=200%2C132&amp;ssl=1 200w, https:\/\/i0.wp.com\/eltrabajo.cl\/portal\/wp-content\/uploads\/2015\/10\/Cuarteto33-copia.jpg?resize=300%2C198&amp;ssl=1 300w, https:\/\/i0.wp.com\/eltrabajo.cl\/portal\/wp-content\/uploads\/2015\/10\/Cuarteto33-copia.jpg?resize=227%2C150&amp;ssl=1 227w, https:\/\/i0.wp.com\/eltrabajo.cl\/portal\/wp-content\/uploads\/2015\/10\/Cuarteto33-copia.jpg?resize=400%2C264&amp;ssl=1 400w\" width=\"423\" height=\"279\" loading=\"lazy\" data-original-width=\"423\" data-original-height=\"279\" itemprop=\"http:\/\/schema.org\/image\" title=\"Cuarteto33 - copia\" alt=\"APOYO TOTAL.- Ellas son Ana Mar\u00faa Pe\u00f1alosa, Victoria Amigo y Yennifer Garc\u00eda en compa\u00f1\u00eda de nuestra bella candidata.\" style=\"width: 423px; height: 279px;\" \/> <\/a> <div class=\"tiled-gallery-caption\" itemprop=\"caption description\"> APOYO TOTAL.- Ellas son Ana Mar\u00faa Pe\u00f1alosa, Victoria Amigo y Yennifer Garc\u00eda en compa\u00f1\u00eda de nuestra bella candidata. <\/div> <\/div> <\/div> <!-- close group --> <div class=\"gallery-group images-2\" style=\"width: 213px; height: 283px;\" data-original-width=\"213\" data-original-height=\"283\" > <div class=\"tiled-gallery-item tiled-gallery-item-small\" itemprop=\"associatedMedia\" itemscope itemtype=\"http:\/\/schema.org\/ImageObject\"> <a href=\"https:\/\/eltrabajo.cl\/portal\/katherine-garcia-quiere-reinar-la-fiesta-de-la-primavera\/madre33-copia\/\" border=\"0\" itemprop=\"url\"> <meta itemprop=\"width\" content=\"209\"> <meta itemprop=\"height\" content=\"138\"> <img decoding=\"async\" class=\"\" data-attachment-id=\"63321\" data-orig-file=\"https:\/\/eltrabajo.cl\/portal\/wp-content\/uploads\/2015\/10\/Madre33-copia.jpg\" data-orig-size=\"530,349\" data-comments-opened=\"1\" data-image-meta=\"{&quot;aperture&quot;:&quot;0&quot;,&quot;credit&quot;:&quot;&quot;,&quot;camera&quot;:&quot;&quot;,&quot;caption&quot;:&quot;&quot;,&quot;created_timestamp&quot;:&quot;0&quot;,&quot;copyright&quot;:&quot;&quot;,&quot;focal_length&quot;:&quot;0&quot;,&quot;iso&quot;:&quot;0&quot;,&quot;shutter_speed&quot;:&quot;0&quot;,&quot;title&quot;:&quot;&quot;,&quot;orientation&quot;:&quot;0&quot;}\" data-image-title=\"Madre33 &amp;#8211; copia\" data-image-description=\"&lt;p&gt;JOVEN MADRE.- Aqu\u00ed tenemos a Katherine con su peque\u00f1a Antonella, su hija de cuatro a\u00f1os.&lt;\/p&gt; \" data-medium-file=\"https:\/\/i0.wp.com\/eltrabajo.cl\/portal\/wp-content\/uploads\/2015\/10\/Madre33-copia.jpg?fit=300%2C198&#038;ssl=1\" data-large-file=\"https:\/\/i0.wp.com\/eltrabajo.cl\/portal\/wp-content\/uploads\/2015\/10\/Madre33-copia.jpg?fit=530%2C349&#038;ssl=1\" src=\"https:\/\/i0.wp.com\/eltrabajo.cl\/portal\/wp-content\/uploads\/2015\/10\/Madre33-copia.jpg?w=209&#038;h=138&#038;ssl=1\" srcset=\"https:\/\/i0.wp.com\/eltrabajo.cl\/portal\/wp-content\/uploads\/2015\/10\/Madre33-copia.jpg?w=530&amp;ssl=1 530w, https:\/\/i0.wp.com\/eltrabajo.cl\/portal\/wp-content\/uploads\/2015\/10\/Madre33-copia.jpg?resize=200%2C132&amp;ssl=1 200w, https:\/\/i0.wp.com\/eltrabajo.cl\/portal\/wp-content\/uploads\/2015\/10\/Madre33-copia.jpg?resize=300%2C198&amp;ssl=1 300w, https:\/\/i0.wp.com\/eltrabajo.cl\/portal\/wp-content\/uploads\/2015\/10\/Madre33-copia.jpg?resize=228%2C150&amp;ssl=1 228w, https:\/\/i0.wp.com\/eltrabajo.cl\/portal\/wp-content\/uploads\/2015\/10\/Madre33-copia.jpg?resize=400%2C263&amp;ssl=1 400w\" width=\"209\" height=\"138\" loading=\"lazy\" data-original-width=\"209\" data-original-height=\"138\" itemprop=\"http:\/\/schema.org\/image\" title=\"Madre33 - copia\" alt=\"JOVEN MADRE.- Aqu\u00ed tenemos a Katherine con su peque\u00f1a Antonella, su hija de cuatro a\u00f1os.\" style=\"width: 209px; height: 138px;\" \/> <\/a> <div class=\"tiled-gallery-caption\" itemprop=\"caption description\"> JOVEN MADRE.- Aqu\u00ed tenemos a Katherine con su peque\u00f1a Antonella, su hija de cuatro a\u00f1os. <\/div> <\/div> <div class=\"tiled-gallery-item tiled-gallery-item-small\" itemprop=\"associatedMedia\" itemscope itemtype=\"http:\/\/schema.org\/ImageObject\"> <a href=\"https:\/\/eltrabajo.cl\/portal\/katherine-garcia-quiere-reinar-la-fiesta-de-la-primavera\/yennifer-ortega\/\" border=\"0\" itemprop=\"url\"> <meta itemprop=\"width\" content=\"209\"> <meta itemprop=\"height\" content=\"137\"> <img decoding=\"async\" class=\"\" data-attachment-id=\"63322\" data-orig-file=\"https:\/\/eltrabajo.cl\/portal\/wp-content\/uploads\/2015\/10\/Yennifer-Ortega.jpg\" data-orig-size=\"530,348\" data-comments-opened=\"1\" data-image-meta=\"{&quot;aperture&quot;:&quot;0&quot;,&quot;credit&quot;:&quot;&quot;,&quot;camera&quot;:&quot;&quot;,&quot;caption&quot;:&quot;&quot;,&quot;created_timestamp&quot;:&quot;0&quot;,&quot;copyright&quot;:&quot;&quot;,&quot;focal_length&quot;:&quot;0&quot;,&quot;iso&quot;:&quot;0&quot;,&quot;shutter_speed&quot;:&quot;0&quot;,&quot;title&quot;:&quot;&quot;,&quot;orientation&quot;:&quot;0&quot;}\" data-image-title=\"Yennifer Ortega\" data-image-description=\"&lt;p&gt;Presidente de la Junta Vecinal de Villa Portal Aconcagua, Yennifer Ortega.&lt;\/p&gt; \" data-medium-file=\"https:\/\/i0.wp.com\/eltrabajo.cl\/portal\/wp-content\/uploads\/2015\/10\/Yennifer-Ortega.jpg?fit=300%2C197&#038;ssl=1\" data-large-file=\"https:\/\/i0.wp.com\/eltrabajo.cl\/portal\/wp-content\/uploads\/2015\/10\/Yennifer-Ortega.jpg?fit=530%2C348&#038;ssl=1\" src=\"https:\/\/i0.wp.com\/eltrabajo.cl\/portal\/wp-content\/uploads\/2015\/10\/Yennifer-Ortega.jpg?w=209&#038;h=137&#038;ssl=1\" srcset=\"https:\/\/i0.wp.com\/eltrabajo.cl\/portal\/wp-content\/uploads\/2015\/10\/Yennifer-Ortega.jpg?w=530&amp;ssl=1 530w, https:\/\/i0.wp.com\/eltrabajo.cl\/portal\/wp-content\/uploads\/2015\/10\/Yennifer-Ortega.jpg?resize=200%2C131&amp;ssl=1 200w, https:\/\/i0.wp.com\/eltrabajo.cl\/portal\/wp-content\/uploads\/2015\/10\/Yennifer-Ortega.jpg?resize=300%2C197&amp;ssl=1 300w, https:\/\/i0.wp.com\/eltrabajo.cl\/portal\/wp-content\/uploads\/2015\/10\/Yennifer-Ortega.jpg?resize=228%2C150&amp;ssl=1 228w, https:\/\/i0.wp.com\/eltrabajo.cl\/portal\/wp-content\/uploads\/2015\/10\/Yennifer-Ortega.jpg?resize=400%2C263&amp;ssl=1 400w\" width=\"209\" height=\"137\" loading=\"lazy\" data-original-width=\"209\" data-original-height=\"137\" itemprop=\"http:\/\/schema.org\/image\" title=\"Yennifer Ortega\" alt=\"Presidente de la Junta Vecinal de Villa Portal Aconcagua, Yennifer Ortega.\" style=\"width: 209px; height: 137px;\" \/> <\/a> <div class=\"tiled-gallery-caption\" itemprop=\"caption description\"> Presidente de la Junta Vecinal de Villa Portal Aconcagua, Yennifer Ortega. <\/div> <\/div> <\/div> <!-- close group --> <\/div> <!-- close row --> <\/div>\n","protected":false},"excerpt":{"rendered":"<p>Hoy en Diario El Trabajo te presentamos a otra de las despampanantes bellezas sanfelipe\u00f1as que adornan la parrilla de candidatas de la Fiesta de la Primavera 2015, una linda jovencita de apenas&#8230;<\/p>\n","protected":false},"author":482,"featured_media":63319,"comment_status":"open","ping_status":"open","sticky":false,"template":"","format":"standard","meta":{"advanced_seo_description":"","jetpack_seo_html_title":"","jetpack_seo_noindex":false,"_jetpack_memberships_contains_paid_content":false,"footnotes":""},"categories":[15],"tags":[],"class_list":["post-63318","post","type-post","status-publish","format-standard","has-post-thumbnail","hentry","category-comunidad"],"jetpack_featured_media_url":"https:\/\/i0.wp.com\/eltrabajo.cl\/portal\/wp-content\/uploads\/2015\/10\/Katherine-Garcia.jpg?fit=530%2C350&ssl=1","jetpack_sharing_enabled":true,"jetpack_likes_enabled":true,"jetpack-related-posts":[],"_links":{"self":[{"href":"https:\/\/eltrabajo.cl\/portal\/wp-json\/wp\/v2\/posts\/63318","targetHints":{"allow":["GET"]}}],"collection":[{"href":"https:\/\/eltrabajo.cl\/portal\/wp-json\/wp\/v2\/posts"}],"about":[{"href":"https:\/\/eltrabajo.cl\/portal\/wp-json\/wp\/v2\/types\/post"}],"author":[{"embeddable":true,"href":"https:\/\/eltrabajo.cl\/portal\/wp-json\/wp\/v2\/users\/482"}],"replies":[{"embeddable":true,"href":"https:\/\/eltrabajo.cl\/portal\/wp-json\/wp\/v2\/comments?post=63318"}],"version-history":[{"count":0,"href":"https:\/\/eltrabajo.cl\/portal\/wp-json\/wp\/v2\/posts\/63318\/revisions"}],"wp:featuredmedia":[{"embeddable":true,"href":"https:\/\/eltrabajo.cl\/portal\/wp-json\/wp\/v2\/media\/63319"}],"wp:attachment":[{"href":"https:\/\/eltrabajo.cl\/portal\/wp-json\/wp\/v2\/media?parent=63318"}],"wp:term":[{"taxonomy":"category","embeddable":true,"href":"https:\/\/eltrabajo.cl\/portal\/wp-json\/wp\/v2\/categories?post=63318"},{"taxonomy":"post_tag","embeddable":true,"href":"https:\/\/eltrabajo.cl\/portal\/wp-json\/wp\/v2\/tags?post=63318"}],"curies":[{"name":"wp","href":"https:\/\/api.w.org\/{rel}","templated":true}]}}