{"id":63324,"date":"2015-10-29T09:17:21","date_gmt":"2015-10-29T12:17:21","guid":{"rendered":"http:\/\/www.eltrabajo.cl\/portal\/?p=63324"},"modified":"2015-10-29T09:17:21","modified_gmt":"2015-10-29T12:17:21","slug":"septimos-municipalizados-reciben-396-notebooks-con-internet-gratis","status":"publish","type":"post","link":"https:\/\/eltrabajo.cl\/portal\/septimos-municipalizados-reciben-396-notebooks-con-internet-gratis\/","title":{"rendered":"S\u00e9ptimos municipalizados reciben 396 notebooks con Internet gratis"},"content":{"rendered":"<figure id=\"attachment_63325\" aria-describedby=\"caption-attachment-63325\" style=\"width: 300px\" class=\"wp-caption alignleft\"><a href=\"https:\/\/i0.wp.com\/www.eltrabajo.cl\/portal\/wp-content\/uploads\/2015\/10\/Computadoras2.jpg\"><img data-recalc-dims=\"1\" loading=\"lazy\" decoding=\"async\" class=\"wp-image-63325 size-medium\" src=\"https:\/\/i0.wp.com\/www.eltrabajo.cl\/portal\/wp-content\/uploads\/2015\/10\/Computadoras2-300x198.jpg?resize=300%2C198\" alt=\"CON INTERNET GRATIS.- Diario El Trabajo registra el momento en que Guido Arancibia, de la Escuela Art\u00edstica Rep. Argentina de El Tambo, recibe su flamante notebook.\" width=\"300\" height=\"198\" srcset=\"https:\/\/i0.wp.com\/eltrabajo.cl\/portal\/wp-content\/uploads\/2015\/10\/Computadoras2.jpg?resize=300%2C198&amp;ssl=1 300w, https:\/\/i0.wp.com\/eltrabajo.cl\/portal\/wp-content\/uploads\/2015\/10\/Computadoras2.jpg?resize=200%2C132&amp;ssl=1 200w, https:\/\/i0.wp.com\/eltrabajo.cl\/portal\/wp-content\/uploads\/2015\/10\/Computadoras2.jpg?resize=227%2C150&amp;ssl=1 227w, https:\/\/i0.wp.com\/eltrabajo.cl\/portal\/wp-content\/uploads\/2015\/10\/Computadoras2.jpg?resize=400%2C264&amp;ssl=1 400w, https:\/\/i0.wp.com\/eltrabajo.cl\/portal\/wp-content\/uploads\/2015\/10\/Computadoras2.jpg?w=530&amp;ssl=1 530w\" sizes=\"auto, (max-width: 300px) 100vw, 300px\" \/><\/a><figcaption id=\"caption-attachment-63325\" class=\"wp-caption-text\">CON INTERNET GRATIS.- Diario El Trabajo registra el momento en que Guido Arancibia, de la Escuela Art\u00edstica Rep. Argentina de El Tambo, recibe su flamante notebook.<\/figcaption><\/figure>\n<p>Fueron 396 computadoras port\u00e1tiles las que fueron entregadas a todos los estudiantes de s\u00e9ptimo b\u00e1sico de las escuelas municipalizadas de nuestra comuna, acci\u00f3n gestionada por Junaeb y su primera versi\u00f3n del programa Me conecto para aprender.<br \/>\nLa entrega de estas importantes herramientas de estudio y trabajo se realiz\u00f3 en el gimnasio del Liceo Roberto Humeres, durante la ma\u00f1ana de ayer mi\u00e9rcoles. A la actividad lleg\u00f3 el alcalde Patricio Freire; el gobernador Eduardo Le\u00f3n y Marcelo G\u00f3ngora de Junaeb.<br \/>\nSe trata de pr\u00e1cticas computadoras marca Acer, valoradas cada una en unos $250.000, incluyendo un resistente bolso para el notebook, as\u00ed como los cables de recarga el\u00e9ctrica y otros implementos.<br \/>\nEl monto de esta inversi\u00f3n es de $115.547.366, lo que representa un importante empuje para la digitalizaci\u00f3n de estos estudiantes, ya que cada computadora dispone de los recursos para conectarse a Internet.<br \/>\n\u00abEs una buena computadora, ya que tambi\u00e9n ahora podr\u00e9 conectarme a Internet y hacer mis tareas de mejor manera, ya que este notebook es m\u00e1s r\u00e1pida\u00bb, coment\u00f3 a Diario El Trabajo el estudiante de la Escuela Art\u00edstica Rep. Argentina de El Tambo, Guido Arancibia.<br \/>\nMe conecto para aprender es una iniciativa presidencial que tiene como motivo potenciar la calidad integral de la educaci\u00f3n y apoyar los aprendizajes de los estudiantes que asisten a la educaci\u00f3n p\u00fablica, a trav\u00e9s de la entrega de un computador port\u00e1til, banda ancha m\u00f3vil (BAM) por un a\u00f1o y recursos educativos digitales a cada estudiante que curse 7\u00b0 a\u00f1o de ense\u00f1anza b\u00e1sica, de todos los establecimientos p\u00fablicos del pa\u00eds.<\/p>\n<p><strong>ERA DIGITAL<\/strong><br \/>\nDe esta manera, el director regional de Junaeb, Marcelo G\u00f3ngora Carvajal, destac\u00f3 la importancia de este programa, se\u00f1alando que \u00abeste es un proceso que complementa el programa Yo elijo mi PC, se entrega hoy d\u00eda a todos los estudiantes de s\u00e9ptimo de establecimientos municipalizados de San Felipe, para la Junta Nacional de Auxilio Escolar y Becas esto sumamente significativo, hace 50 a\u00f1os nuestro rol era entregar l\u00e1pices y cuadernos, hoy los entregamos con las tecnolog\u00edas del siglo XXI, esto nos permite la disminuci\u00f3n de la brecha digital y el acceso a la informaci\u00f3n, a las comunicaciones y a la internet, como un derecho\u00bb.<br \/>\nEste 2015, el programa Me conecto Para Aprender entregar\u00e1 unas 74.299 notebooks, cifra a la que se le suman otros 57.234 que ya fueron entregados a alumnos de establecimientos p\u00fablicos a trav\u00e9s del programa Yo elijo mi PC durante el primer semestre de este a\u00f1o.<br \/>\nEl proyecto tiene como objetivo entregar m\u00e1s de 131.000 computadores a todos los estudiantes de s\u00e9ptimo b\u00e1sico de los establecimientos educacionales p\u00fablicos, a fin de este gobierno la meta es entregar el total de 300.000 computadores, con una inversi\u00f3n regional de $1.929.290.873.<br \/>\n<strong>Roberto Gonz\u00e1lez Short<\/strong><br \/>\n<strong>rgonzalez@eltrabajo.cl<\/strong><\/p>\n<div class=\"tiled-gallery type-rectangular tiled-gallery-unresized\" data-original-width=\"640\" data-carousel-extra='null' itemscope itemtype=\"http:\/\/schema.org\/ImageGallery\" > <div class=\"gallery-row\" style=\"width: 640px; height: 283px;\" data-original-width=\"640\" data-original-height=\"283\" > <div class=\"gallery-group images-1\" style=\"width: 427px; height: 283px;\" data-original-width=\"427\" data-original-height=\"283\" > <div class=\"tiled-gallery-item tiled-gallery-item-large\" itemprop=\"associatedMedia\" itemscope itemtype=\"http:\/\/schema.org\/ImageObject\"> <a href=\"https:\/\/eltrabajo.cl\/portal\/septimos-municipalizados-reciben-396-notebooks-con-internet-gratis\/francisco-chavez\/\" border=\"0\" itemprop=\"url\"> <meta itemprop=\"width\" content=\"423\"> <meta itemprop=\"height\" content=\"279\"> <img decoding=\"async\" class=\"\" data-attachment-id=\"63326\" data-orig-file=\"https:\/\/eltrabajo.cl\/portal\/wp-content\/uploads\/2015\/10\/Francisco-Chavez.jpg\" data-orig-size=\"530,350\" data-comments-opened=\"1\" data-image-meta=\"{&quot;aperture&quot;:&quot;0&quot;,&quot;credit&quot;:&quot;&quot;,&quot;camera&quot;:&quot;&quot;,&quot;caption&quot;:&quot;&quot;,&quot;created_timestamp&quot;:&quot;0&quot;,&quot;copyright&quot;:&quot;&quot;,&quot;focal_length&quot;:&quot;0&quot;,&quot;iso&quot;:&quot;0&quot;,&quot;shutter_speed&quot;:&quot;0&quot;,&quot;title&quot;:&quot;&quot;,&quot;orientation&quot;:&quot;0&quot;}\" data-image-title=\"Francisco Chavez\" data-image-description=\"&lt;p&gt;COMPU NUEVA.- Francisco Ch\u00e1vez es otro de los 396 estudiantes de 7\u00ba b\u00e1sico que recibi\u00f3 esta computadora port\u00e1til, \u00e9l estudia en la Escuela Jos\u00e9 de San Mart\u00edn.&lt;\/p&gt; \" data-medium-file=\"https:\/\/i0.wp.com\/eltrabajo.cl\/portal\/wp-content\/uploads\/2015\/10\/Francisco-Chavez.jpg?fit=300%2C198&#038;ssl=1\" data-large-file=\"https:\/\/i0.wp.com\/eltrabajo.cl\/portal\/wp-content\/uploads\/2015\/10\/Francisco-Chavez.jpg?fit=530%2C350&#038;ssl=1\" src=\"https:\/\/i0.wp.com\/eltrabajo.cl\/portal\/wp-content\/uploads\/2015\/10\/Francisco-Chavez.jpg?w=423&#038;h=279&#038;ssl=1\" srcset=\"https:\/\/i0.wp.com\/eltrabajo.cl\/portal\/wp-content\/uploads\/2015\/10\/Francisco-Chavez.jpg?w=530&amp;ssl=1 530w, https:\/\/i0.wp.com\/eltrabajo.cl\/portal\/wp-content\/uploads\/2015\/10\/Francisco-Chavez.jpg?resize=200%2C132&amp;ssl=1 200w, https:\/\/i0.wp.com\/eltrabajo.cl\/portal\/wp-content\/uploads\/2015\/10\/Francisco-Chavez.jpg?resize=300%2C198&amp;ssl=1 300w, https:\/\/i0.wp.com\/eltrabajo.cl\/portal\/wp-content\/uploads\/2015\/10\/Francisco-Chavez.jpg?resize=227%2C150&amp;ssl=1 227w, https:\/\/i0.wp.com\/eltrabajo.cl\/portal\/wp-content\/uploads\/2015\/10\/Francisco-Chavez.jpg?resize=400%2C264&amp;ssl=1 400w\" width=\"423\" height=\"279\" loading=\"lazy\" data-original-width=\"423\" data-original-height=\"279\" itemprop=\"http:\/\/schema.org\/image\" title=\"Francisco Chavez\" alt=\"COMPU NUEVA.- Francisco Ch\u00e1vez es otro de los 396 estudiantes de 7\u00ba b\u00e1sico que recibi\u00f3 esta computadora port\u00e1til, \u00e9l estudia en la Escuela Jos\u00e9 de San Mart\u00edn.\" style=\"width: 423px; height: 279px;\" \/> <\/a> <div class=\"tiled-gallery-caption\" itemprop=\"caption description\"> COMPU NUEVA.- Francisco Ch\u00e1vez es otro de los 396 estudiantes de 7\u00ba b\u00e1sico que recibi\u00f3 esta computadora port\u00e1til, \u00e9l estudia en la Escuela Jos\u00e9 de San Mart\u00edn. <\/div> <\/div> <\/div> <!-- close group --> <div class=\"gallery-group images-2\" style=\"width: 213px; height: 283px;\" data-original-width=\"213\" data-original-height=\"283\" > <div class=\"tiled-gallery-item tiled-gallery-item-small\" itemprop=\"associatedMedia\" itemscope itemtype=\"http:\/\/schema.org\/ImageObject\"> <a href=\"https:\/\/eltrabajo.cl\/portal\/septimos-municipalizados-reciben-396-notebooks-con-internet-gratis\/gongora33\/\" border=\"0\" itemprop=\"url\"> <meta itemprop=\"width\" content=\"209\"> <meta itemprop=\"height\" content=\"138\"> <img decoding=\"async\" class=\"\" data-attachment-id=\"63327\" data-orig-file=\"https:\/\/eltrabajo.cl\/portal\/wp-content\/uploads\/2015\/10\/Gongora33.jpg\" data-orig-size=\"530,350\" data-comments-opened=\"1\" data-image-meta=\"{&quot;aperture&quot;:&quot;0&quot;,&quot;credit&quot;:&quot;&quot;,&quot;camera&quot;:&quot;&quot;,&quot;caption&quot;:&quot;&quot;,&quot;created_timestamp&quot;:&quot;0&quot;,&quot;copyright&quot;:&quot;&quot;,&quot;focal_length&quot;:&quot;0&quot;,&quot;iso&quot;:&quot;0&quot;,&quot;shutter_speed&quot;:&quot;0&quot;,&quot;title&quot;:&quot;&quot;,&quot;orientation&quot;:&quot;0&quot;}\" data-image-title=\"Gongora33\" data-image-description=\"&lt;p&gt;Director regional de Junaeb, Marcelo G\u00f3ngora Carvajal.&lt;\/p&gt; \" data-medium-file=\"https:\/\/i0.wp.com\/eltrabajo.cl\/portal\/wp-content\/uploads\/2015\/10\/Gongora33.jpg?fit=300%2C198&#038;ssl=1\" data-large-file=\"https:\/\/i0.wp.com\/eltrabajo.cl\/portal\/wp-content\/uploads\/2015\/10\/Gongora33.jpg?fit=530%2C350&#038;ssl=1\" src=\"https:\/\/i0.wp.com\/eltrabajo.cl\/portal\/wp-content\/uploads\/2015\/10\/Gongora33.jpg?w=209&#038;h=138&#038;ssl=1\" srcset=\"https:\/\/i0.wp.com\/eltrabajo.cl\/portal\/wp-content\/uploads\/2015\/10\/Gongora33.jpg?w=530&amp;ssl=1 530w, https:\/\/i0.wp.com\/eltrabajo.cl\/portal\/wp-content\/uploads\/2015\/10\/Gongora33.jpg?resize=200%2C132&amp;ssl=1 200w, https:\/\/i0.wp.com\/eltrabajo.cl\/portal\/wp-content\/uploads\/2015\/10\/Gongora33.jpg?resize=300%2C198&amp;ssl=1 300w, https:\/\/i0.wp.com\/eltrabajo.cl\/portal\/wp-content\/uploads\/2015\/10\/Gongora33.jpg?resize=227%2C150&amp;ssl=1 227w, https:\/\/i0.wp.com\/eltrabajo.cl\/portal\/wp-content\/uploads\/2015\/10\/Gongora33.jpg?resize=400%2C264&amp;ssl=1 400w\" width=\"209\" height=\"138\" loading=\"lazy\" data-original-width=\"209\" data-original-height=\"138\" itemprop=\"http:\/\/schema.org\/image\" title=\"Gongora33\" alt=\"Director regional de Junaeb, Marcelo G\u00f3ngora Carvajal.\" style=\"width: 209px; height: 138px;\" \/> <\/a> <div class=\"tiled-gallery-caption\" itemprop=\"caption description\"> Director regional de Junaeb, Marcelo G\u00f3ngora Carvajal. <\/div> <\/div> <div class=\"tiled-gallery-item tiled-gallery-item-small\" itemprop=\"associatedMedia\" itemscope itemtype=\"http:\/\/schema.org\/ImageObject\"> <a href=\"https:\/\/eltrabajo.cl\/portal\/septimos-municipalizados-reciben-396-notebooks-con-internet-gratis\/guido-arancibia\/\" border=\"0\" itemprop=\"url\"> <meta itemprop=\"width\" content=\"209\"> <meta itemprop=\"height\" content=\"137\"> <img decoding=\"async\" class=\"\" data-attachment-id=\"63328\" data-orig-file=\"https:\/\/eltrabajo.cl\/portal\/wp-content\/uploads\/2015\/10\/Guido-Arancibia.jpg\" data-orig-size=\"530,348\" data-comments-opened=\"1\" data-image-meta=\"{&quot;aperture&quot;:&quot;0&quot;,&quot;credit&quot;:&quot;&quot;,&quot;camera&quot;:&quot;&quot;,&quot;caption&quot;:&quot;&quot;,&quot;created_timestamp&quot;:&quot;0&quot;,&quot;copyright&quot;:&quot;&quot;,&quot;focal_length&quot;:&quot;0&quot;,&quot;iso&quot;:&quot;0&quot;,&quot;shutter_speed&quot;:&quot;0&quot;,&quot;title&quot;:&quot;&quot;,&quot;orientation&quot;:&quot;0&quot;}\" data-image-title=\"Guido Arancibia\" data-image-description=\"&lt;p&gt;Guido Arancibia, de la Escuela Art\u00edstica Rep. Argentina de El Tambo.&lt;\/p&gt; \" data-medium-file=\"https:\/\/i0.wp.com\/eltrabajo.cl\/portal\/wp-content\/uploads\/2015\/10\/Guido-Arancibia.jpg?fit=300%2C197&#038;ssl=1\" data-large-file=\"https:\/\/i0.wp.com\/eltrabajo.cl\/portal\/wp-content\/uploads\/2015\/10\/Guido-Arancibia.jpg?fit=530%2C348&#038;ssl=1\" src=\"https:\/\/i0.wp.com\/eltrabajo.cl\/portal\/wp-content\/uploads\/2015\/10\/Guido-Arancibia.jpg?w=209&#038;h=137&#038;ssl=1\" srcset=\"https:\/\/i0.wp.com\/eltrabajo.cl\/portal\/wp-content\/uploads\/2015\/10\/Guido-Arancibia.jpg?w=530&amp;ssl=1 530w, https:\/\/i0.wp.com\/eltrabajo.cl\/portal\/wp-content\/uploads\/2015\/10\/Guido-Arancibia.jpg?resize=200%2C131&amp;ssl=1 200w, https:\/\/i0.wp.com\/eltrabajo.cl\/portal\/wp-content\/uploads\/2015\/10\/Guido-Arancibia.jpg?resize=300%2C197&amp;ssl=1 300w, https:\/\/i0.wp.com\/eltrabajo.cl\/portal\/wp-content\/uploads\/2015\/10\/Guido-Arancibia.jpg?resize=228%2C150&amp;ssl=1 228w, https:\/\/i0.wp.com\/eltrabajo.cl\/portal\/wp-content\/uploads\/2015\/10\/Guido-Arancibia.jpg?resize=400%2C263&amp;ssl=1 400w\" width=\"209\" height=\"137\" loading=\"lazy\" data-original-width=\"209\" data-original-height=\"137\" itemprop=\"http:\/\/schema.org\/image\" title=\"Guido Arancibia\" alt=\"Guido Arancibia, de la Escuela Art\u00edstica Rep. Argentina de El Tambo.\" style=\"width: 209px; height: 137px;\" \/> <\/a> <div class=\"tiled-gallery-caption\" itemprop=\"caption description\"> Guido Arancibia, de la Escuela Art\u00edstica Rep. Argentina de El Tambo. <\/div> <\/div> <\/div> <!-- close group --> <\/div> <!-- close row --> <\/div>\n","protected":false},"excerpt":{"rendered":"<p>Fueron 396 computadoras port\u00e1tiles las que fueron entregadas a todos los estudiantes de s\u00e9ptimo b\u00e1sico de las escuelas municipalizadas de nuestra comuna, acci\u00f3n gestionada por Junaeb y su primera versi\u00f3n del programa&#8230;<\/p>\n","protected":false},"author":482,"featured_media":63325,"comment_status":"open","ping_status":"open","sticky":false,"template":"","format":"standard","meta":{"advanced_seo_description":"","jetpack_seo_html_title":"","jetpack_seo_noindex":false,"_jetpack_memberships_contains_paid_content":false,"footnotes":""},"categories":[15],"tags":[],"class_list":["post-63324","post","type-post","status-publish","format-standard","has-post-thumbnail","hentry","category-comunidad"],"jetpack_featured_media_url":"https:\/\/i0.wp.com\/eltrabajo.cl\/portal\/wp-content\/uploads\/2015\/10\/Computadoras2.jpg?fit=530%2C350&ssl=1","jetpack_sharing_enabled":true,"jetpack_likes_enabled":true,"jetpack-related-posts":[],"_links":{"self":[{"href":"https:\/\/eltrabajo.cl\/portal\/wp-json\/wp\/v2\/posts\/63324","targetHints":{"allow":["GET"]}}],"collection":[{"href":"https:\/\/eltrabajo.cl\/portal\/wp-json\/wp\/v2\/posts"}],"about":[{"href":"https:\/\/eltrabajo.cl\/portal\/wp-json\/wp\/v2\/types\/post"}],"author":[{"embeddable":true,"href":"https:\/\/eltrabajo.cl\/portal\/wp-json\/wp\/v2\/users\/482"}],"replies":[{"embeddable":true,"href":"https:\/\/eltrabajo.cl\/portal\/wp-json\/wp\/v2\/comments?post=63324"}],"version-history":[{"count":0,"href":"https:\/\/eltrabajo.cl\/portal\/wp-json\/wp\/v2\/posts\/63324\/revisions"}],"wp:featuredmedia":[{"embeddable":true,"href":"https:\/\/eltrabajo.cl\/portal\/wp-json\/wp\/v2\/media\/63325"}],"wp:attachment":[{"href":"https:\/\/eltrabajo.cl\/portal\/wp-json\/wp\/v2\/media?parent=63324"}],"wp:term":[{"taxonomy":"category","embeddable":true,"href":"https:\/\/eltrabajo.cl\/portal\/wp-json\/wp\/v2\/categories?post=63324"},{"taxonomy":"post_tag","embeddable":true,"href":"https:\/\/eltrabajo.cl\/portal\/wp-json\/wp\/v2\/tags?post=63324"}],"curies":[{"name":"wp","href":"https:\/\/api.w.org\/{rel}","templated":true}]}}