{"id":63330,"date":"2015-10-29T09:18:47","date_gmt":"2015-10-29T12:18:47","guid":{"rendered":"http:\/\/www.eltrabajo.cl\/portal\/?p=63330"},"modified":"2015-10-29T09:18:47","modified_gmt":"2015-10-29T12:18:47","slug":"directora-de-salud-respaldara-iniciativas-que-impulsen-instalar-farmacias-populares-en-aconcagua","status":"publish","type":"post","link":"https:\/\/eltrabajo.cl\/portal\/directora-de-salud-respaldara-iniciativas-que-impulsen-instalar-farmacias-populares-en-aconcagua\/","title":{"rendered":"Directora de Salud respaldar\u00e1 iniciativas que impulsen instalar farmacias populares en Aconcagua"},"content":{"rendered":"<figure id=\"attachment_63331\" aria-describedby=\"caption-attachment-63331\" style=\"width: 300px\" class=\"wp-caption alignleft\"><a href=\"https:\/\/i0.wp.com\/www.eltrabajo.cl\/portal\/wp-content\/uploads\/2015\/10\/Servicio-Salud-Aconcagua-2.jpg\"><img data-recalc-dims=\"1\" loading=\"lazy\" decoding=\"async\" class=\"wp-image-63331 size-medium\" src=\"https:\/\/i0.wp.com\/www.eltrabajo.cl\/portal\/wp-content\/uploads\/2015\/10\/Servicio-Salud-Aconcagua-2-300x198.jpg?resize=300%2C198\" alt=\"Con representantes de San Felipe, Los Andes y Catemu, la Directora del Servicio de Salud Aconcagua, visit\u00f3 al alcalde de Recoleta, Daniel Jaude y valor\u00f3 la iniciativa de crear una farmacia municipal. \" width=\"300\" height=\"198\" srcset=\"https:\/\/i0.wp.com\/eltrabajo.cl\/portal\/wp-content\/uploads\/2015\/10\/Servicio-Salud-Aconcagua-2.jpg?resize=300%2C198&amp;ssl=1 300w, https:\/\/i0.wp.com\/eltrabajo.cl\/portal\/wp-content\/uploads\/2015\/10\/Servicio-Salud-Aconcagua-2.jpg?resize=200%2C132&amp;ssl=1 200w, https:\/\/i0.wp.com\/eltrabajo.cl\/portal\/wp-content\/uploads\/2015\/10\/Servicio-Salud-Aconcagua-2.jpg?resize=227%2C150&amp;ssl=1 227w, https:\/\/i0.wp.com\/eltrabajo.cl\/portal\/wp-content\/uploads\/2015\/10\/Servicio-Salud-Aconcagua-2.jpg?resize=400%2C264&amp;ssl=1 400w, https:\/\/i0.wp.com\/eltrabajo.cl\/portal\/wp-content\/uploads\/2015\/10\/Servicio-Salud-Aconcagua-2.jpg?w=530&amp;ssl=1 530w\" sizes=\"auto, (max-width: 300px) 100vw, 300px\" \/><\/a><figcaption id=\"caption-attachment-63331\" class=\"wp-caption-text\">Con representantes de San Felipe, Los Andes y Catemu, la Directora del Servicio de Salud Aconcagua, visit\u00f3 al alcalde de Recoleta, Daniel Jaude y valor\u00f3 la iniciativa de crear una farmacia municipal.<\/figcaption><\/figure>\n<ul>\n<li><strong>En visita a la comuna de Recoleta, la Dra. Vilma Olave, se\u00f1al\u00f3 que fue \u201cmuy valioso conocer esta experiencia, sobretodo, cuando en la zona muchas han sido las voces interesadas en implementar esta pol\u00edtica p\u00fablica, que como Servicio de Salud respaldaremos.\u201d<\/strong><\/li>\n<\/ul>\n<p>La Directora del Servicio de Salud Aconcagua, Dra. Vilma Olave, acompa\u00f1ada por la Gobernadora de Los Andes, Mar\u00eda Victoria Rodr\u00edguez, por el Jefe de la Oficina Provincial de la Seremi de Salud, Mario M\u00e9ndez, los Concejales Claudio N\u00fa\u00f1ez de Catemu y Ricardo Covarrubias de San Felipe y del director del Cesfam de Calle Larga V\u00edctor Chand\u00eda, destac\u00f3 la implementaci\u00f3n de la Farmacia Municipal de Recoleta, \u2018Ricardo Silva Soto\u2019, se\u00f1alando que es una iniciativa que merece ser conocida y posible de implementar en otras comunas del pa\u00eds.<br \/>\nJunto con agradecer la recepci\u00f3n del alcalde Daniel Jadue y del equipo de salud municipal, la profesional valor\u00f3 la iniciativa se\u00f1alando que era una forma innovadora para ir avanzando en la equidad sanitaria que aspira el gobierno y que demanda la poblaci\u00f3n.<br \/>\n\u201cLuego de haber conocido m\u00e1s detalles de la primera farmacia municipal, creo importante destacar la voluntad y el inter\u00e9s del alcalde de Recoleta, Daniel Jadue, y su equipo de salud por explorar formas innovadoras para garantizar el derecho a la salud y beneficiar a la poblaci\u00f3n, especialmente a quienes m\u00e1s lo necesitan.\u201d<br \/>\n\u201cApoyar el financiamiento de medicamentos, sean o no de alto costo, la gente lo aprecia. Una iniciativa sin fines de lucro que viene a resolver una deuda social pendiente. Estar junto a una delegaci\u00f3n de autoridades de Aconcagua, demuestra el inter\u00e9s que tenemos en nuestra zona por mejorar la gesti\u00f3n sanitaria. Ha sido muy importante conocer esta experiencia, sobretodo, cuando en Aconcagua hemos escuchado voces interesadas en implementar las farmacias populares y nosotros como Servicio de Salud respaldaremos dicha iniciativa\u201d, precis\u00f3 la Dra. Vilma Olave.<br \/>\nPor su parte, la Gobernadora de Los Andes, Mar\u00eda Victoria Rodr\u00edguez, junto con felicitar la iniciativa hizo hincapi\u00e9 en la importancia de su implementaci\u00f3n en el Valle de Aconcagua para disminuir los gastos en salud que incurre la gente, especialmente los adultos mayores que ocupan gran parte de sus pensiones en el financiamiento de medicamentos.<br \/>\nFinalmente, los Concejales Claudio N\u00fa\u00f1ez y Ricardo Covarrubias, comprometieron sus esfuerzos para lograr en el corto plazo implementar las farmacias populares en sus respectivas comunas, agregando que es una forma efectiva de mejorar la calidad de vida de la poblaci\u00f3n.<\/p>\n","protected":false},"excerpt":{"rendered":"<p>En visita a la comuna de Recoleta, la Dra. Vilma Olave, se\u00f1al\u00f3 que fue \u201cmuy valioso conocer esta experiencia, sobretodo, cuando en la zona muchas han sido las voces interesadas en implementar&#8230;<\/p>\n","protected":false},"author":482,"featured_media":63331,"comment_status":"open","ping_status":"open","sticky":false,"template":"","format":"standard","meta":{"advanced_seo_description":"","jetpack_seo_html_title":"","jetpack_seo_noindex":false,"_jetpack_memberships_contains_paid_content":false,"footnotes":""},"categories":[1],"tags":[],"class_list":["post-63330","post","type-post","status-publish","format-standard","has-post-thumbnail","hentry","category-cronica"],"jetpack_featured_media_url":"https:\/\/i0.wp.com\/eltrabajo.cl\/portal\/wp-content\/uploads\/2015\/10\/Servicio-Salud-Aconcagua-2.jpg?fit=530%2C350&ssl=1","jetpack_sharing_enabled":true,"jetpack_likes_enabled":true,"jetpack-related-posts":[],"_links":{"self":[{"href":"https:\/\/eltrabajo.cl\/portal\/wp-json\/wp\/v2\/posts\/63330","targetHints":{"allow":["GET"]}}],"collection":[{"href":"https:\/\/eltrabajo.cl\/portal\/wp-json\/wp\/v2\/posts"}],"about":[{"href":"https:\/\/eltrabajo.cl\/portal\/wp-json\/wp\/v2\/types\/post"}],"author":[{"embeddable":true,"href":"https:\/\/eltrabajo.cl\/portal\/wp-json\/wp\/v2\/users\/482"}],"replies":[{"embeddable":true,"href":"https:\/\/eltrabajo.cl\/portal\/wp-json\/wp\/v2\/comments?post=63330"}],"version-history":[{"count":0,"href":"https:\/\/eltrabajo.cl\/portal\/wp-json\/wp\/v2\/posts\/63330\/revisions"}],"wp:featuredmedia":[{"embeddable":true,"href":"https:\/\/eltrabajo.cl\/portal\/wp-json\/wp\/v2\/media\/63331"}],"wp:attachment":[{"href":"https:\/\/eltrabajo.cl\/portal\/wp-json\/wp\/v2\/media?parent=63330"}],"wp:term":[{"taxonomy":"category","embeddable":true,"href":"https:\/\/eltrabajo.cl\/portal\/wp-json\/wp\/v2\/categories?post=63330"},{"taxonomy":"post_tag","embeddable":true,"href":"https:\/\/eltrabajo.cl\/portal\/wp-json\/wp\/v2\/tags?post=63330"}],"curies":[{"name":"wp","href":"https:\/\/api.w.org\/{rel}","templated":true}]}}