{"id":63333,"date":"2015-10-29T09:20:10","date_gmt":"2015-10-29T12:20:10","guid":{"rendered":"http:\/\/www.eltrabajo.cl\/portal\/?p=63333"},"modified":"2015-10-29T09:20:34","modified_gmt":"2015-10-29T12:20:34","slug":"autoridades-molestas-con-doh-por-falta-de-agua-en-los-patos","status":"publish","type":"post","link":"https:\/\/eltrabajo.cl\/portal\/autoridades-molestas-con-doh-por-falta-de-agua-en-los-patos\/","title":{"rendered":"Autoridades molestas con DOH por falta de agua en Los Patos"},"content":{"rendered":"<figure id=\"attachment_63334\" aria-describedby=\"caption-attachment-63334\" style=\"width: 300px\" class=\"wp-caption alignleft\"><a href=\"https:\/\/i0.wp.com\/www.eltrabajo.cl\/portal\/wp-content\/uploads\/2015\/10\/Alcalde-Reunido-con-Dirigenta-de-Los-Patos.jpg\"><img data-recalc-dims=\"1\" loading=\"lazy\" decoding=\"async\" class=\"wp-image-63334 size-medium\" src=\"https:\/\/i0.wp.com\/www.eltrabajo.cl\/portal\/wp-content\/uploads\/2015\/10\/Alcalde-Reunido-con-Dirigenta-de-Los-Patos-300x198.jpg?resize=300%2C198\" alt=\"El alcalde Guillermo Reyes se reuni\u00f3n con Rosa Silva, presidenta de la Junta de Vecinos de Los Patos por la falta de agua que afecta a la localidad. \" width=\"300\" height=\"198\" srcset=\"https:\/\/i0.wp.com\/eltrabajo.cl\/portal\/wp-content\/uploads\/2015\/10\/Alcalde-Reunido-con-Dirigenta-de-Los-Patos.jpg?resize=300%2C198&amp;ssl=1 300w, https:\/\/i0.wp.com\/eltrabajo.cl\/portal\/wp-content\/uploads\/2015\/10\/Alcalde-Reunido-con-Dirigenta-de-Los-Patos.jpg?resize=200%2C132&amp;ssl=1 200w, https:\/\/i0.wp.com\/eltrabajo.cl\/portal\/wp-content\/uploads\/2015\/10\/Alcalde-Reunido-con-Dirigenta-de-Los-Patos.jpg?resize=227%2C150&amp;ssl=1 227w, https:\/\/i0.wp.com\/eltrabajo.cl\/portal\/wp-content\/uploads\/2015\/10\/Alcalde-Reunido-con-Dirigenta-de-Los-Patos.jpg?resize=400%2C264&amp;ssl=1 400w, https:\/\/i0.wp.com\/eltrabajo.cl\/portal\/wp-content\/uploads\/2015\/10\/Alcalde-Reunido-con-Dirigenta-de-Los-Patos.jpg?w=530&amp;ssl=1 530w\" sizes=\"auto, (max-width: 300px) 100vw, 300px\" \/><\/a><figcaption id=\"caption-attachment-63334\" class=\"wp-caption-text\">El alcalde Guillermo Reyes se reuni\u00f3n con Rosa Silva, presidenta de la Junta de Vecinos de Los Patos por la falta de agua que afecta a la localidad.<\/figcaption><\/figure>\n<ul>\n<li><strong>Nula reacci\u00f3n de la Direcci\u00f3n de Obras Hidr\u00e1ulicas, oblig\u00f3 al municipio a actuar para ayudar directamente a los vecinos construyendo una mejor toma de agua en el sector. \u201cEsto le corresponde a Obras Hidr\u00e1ulicas, pero nunca vienen, nunca est\u00e1n\u201d, demand\u00f3 el edil.<\/strong><\/li>\n<\/ul>\n<p><strong>PUTAENDO<\/strong>.- El alcalde Guillermo Reyes no dej\u00f3 de expresar su molestia ante la situaci\u00f3n de vecinos de Los Patos que nuevamente deben conformarse con la entrega de camiones aljibes municipales para abastecerse de agua. En este sentido, lanz\u00f3 una dura cr\u00edtica a la Direcci\u00f3n de Obras Hidr\u00e1ulicas ante la lentitud de las mejoras que deben realizarse en el sector.<br \/>\nLa m\u00e1xima autoridad comunal precis\u00f3 que ya no existen excusas naturales para que los vecinos no tengan agua, incluso Casablanca no est\u00e1 adherida al sistema. Han pasado muchos a\u00f1os, reuniones y no existen soluciones concretas.<br \/>\n\u201cCuando (DOH) lleg\u00f3 a proponer el proyecto que va en m\u00e1s de 600 millones de pesos, les dijimos que la toma de agua era muy precaria, que deber\u00edan hacer una toma de cemento, como corresponde. Hicieron una toma donde el agua se divide con piedras, bolones. Obviamente hoy, con esa toma precaria, donde estamos recibiendo el agua de los deshielos que viene turbia, colaps\u00f3 el sistema\u201d, explic\u00f3 el alcalde Reyes.<br \/>\n\u201cYo quiero destacar s\u00ed que el se\u00f1or gobernador ha tenido un rol participativo, que se ha afanado y yo lo valoro mucho, pero la lentitud, la falta de oportunidad y la celeridad para resolver las cosas de la Direcci\u00f3n de Obras Hidr\u00e1ulicas es de verdad irritante\u201d, agreg\u00f3 el edil.<br \/>\nEl alcalde se reuni\u00f3 con los vecinos afectados, que reciben agua en cami\u00f3n aljibe y comprometi\u00f3 ayuda con recursos municipales. El objetivo es hacer la toma de agua con mejores elementos que no sean piedras sobrepuestas.<br \/>\n\u201cEs un tema muy complejo, muy enojoso, muy injusto con la gente. As\u00ed que vamos a asumir nosotros, como siempre, como en cada circunstancia, la posibilidad de resolver las cosas sin que tengamos profesionales calificados al respecto. No hay ingenieros hidr\u00e1ulicos en un municipio. Al que le corresponde esta soluci\u00f3n es a Obras Hidr\u00e1ulicas, pero nunca vienen, nunca est\u00e1n\u201d, sostuvo la m\u00e1xima autoridad local.<br \/>\nSin embargo, en Putaendo existe un \u00e1nimo de decepci\u00f3n con la DOH. \u201cLa Direcci\u00f3n de Obras Hidr\u00e1ulicas no ha dado el tono, no han tenido el compromiso para hacer las cosas bien. Reitero que estamos agradecidos de la autoridad provincial que ha jugado un buen rol, pero a \u00e9l tambi\u00e9n le han fallado. Le han fallado porque lo dejan en una posici\u00f3n inc\u00f3moda, porque \u00e9l representa al Gobierno\u201d, concluy\u00f3.<\/p>\n","protected":false},"excerpt":{"rendered":"<p>Nula reacci\u00f3n de la Direcci\u00f3n de Obras Hidr\u00e1ulicas, oblig\u00f3 al municipio a actuar para ayudar directamente a los vecinos construyendo una mejor toma de agua en el sector. \u201cEsto le corresponde a&#8230;<\/p>\n","protected":false},"author":482,"featured_media":63334,"comment_status":"open","ping_status":"open","sticky":false,"template":"","format":"standard","meta":{"advanced_seo_description":"","jetpack_seo_html_title":"","jetpack_seo_noindex":false,"_jetpack_memberships_contains_paid_content":false,"footnotes":""},"categories":[1],"tags":[],"class_list":["post-63333","post","type-post","status-publish","format-standard","has-post-thumbnail","hentry","category-cronica"],"jetpack_featured_media_url":"https:\/\/i0.wp.com\/eltrabajo.cl\/portal\/wp-content\/uploads\/2015\/10\/Alcalde-Reunido-con-Dirigenta-de-Los-Patos.jpg?fit=530%2C350&ssl=1","jetpack_sharing_enabled":true,"jetpack_likes_enabled":true,"jetpack-related-posts":[],"_links":{"self":[{"href":"https:\/\/eltrabajo.cl\/portal\/wp-json\/wp\/v2\/posts\/63333","targetHints":{"allow":["GET"]}}],"collection":[{"href":"https:\/\/eltrabajo.cl\/portal\/wp-json\/wp\/v2\/posts"}],"about":[{"href":"https:\/\/eltrabajo.cl\/portal\/wp-json\/wp\/v2\/types\/post"}],"author":[{"embeddable":true,"href":"https:\/\/eltrabajo.cl\/portal\/wp-json\/wp\/v2\/users\/482"}],"replies":[{"embeddable":true,"href":"https:\/\/eltrabajo.cl\/portal\/wp-json\/wp\/v2\/comments?post=63333"}],"version-history":[{"count":0,"href":"https:\/\/eltrabajo.cl\/portal\/wp-json\/wp\/v2\/posts\/63333\/revisions"}],"wp:featuredmedia":[{"embeddable":true,"href":"https:\/\/eltrabajo.cl\/portal\/wp-json\/wp\/v2\/media\/63334"}],"wp:attachment":[{"href":"https:\/\/eltrabajo.cl\/portal\/wp-json\/wp\/v2\/media?parent=63333"}],"wp:term":[{"taxonomy":"category","embeddable":true,"href":"https:\/\/eltrabajo.cl\/portal\/wp-json\/wp\/v2\/categories?post=63333"},{"taxonomy":"post_tag","embeddable":true,"href":"https:\/\/eltrabajo.cl\/portal\/wp-json\/wp\/v2\/tags?post=63333"}],"curies":[{"name":"wp","href":"https:\/\/api.w.org\/{rel}","templated":true}]}}