{"id":63337,"date":"2015-10-29T09:22:52","date_gmt":"2015-10-29T12:22:52","guid":{"rendered":"http:\/\/www.eltrabajo.cl\/portal\/?p=63337"},"modified":"2015-10-29T09:22:52","modified_gmt":"2015-10-29T12:22:52","slug":"autoridades-de-san-felipe-y-petorca-coordinan-agenda-sobre-conectividad-y-seguridad-publica","status":"publish","type":"post","link":"https:\/\/eltrabajo.cl\/portal\/autoridades-de-san-felipe-y-petorca-coordinan-agenda-sobre-conectividad-y-seguridad-publica\/","title":{"rendered":"Autoridades de San Felipe y Petorca coordinan agenda sobre conectividad y seguridad p\u00fablica"},"content":{"rendered":"<figure id=\"attachment_63338\" aria-describedby=\"caption-attachment-63338\" style=\"width: 300px\" class=\"wp-caption alignleft\"><a href=\"https:\/\/i0.wp.com\/www.eltrabajo.cl\/portal\/wp-content\/uploads\/2015\/10\/Reunion-Gobernadores-2.jpg\"><img data-recalc-dims=\"1\" loading=\"lazy\" decoding=\"async\" class=\"wp-image-63338 size-medium\" src=\"https:\/\/i0.wp.com\/www.eltrabajo.cl\/portal\/wp-content\/uploads\/2015\/10\/Reunion-Gobernadores-2-300x197.jpg?resize=300%2C197\" alt=\"En reuni\u00f3n el Gobernador de Petorca, Mario Fuentes Romero y su par, Eduardo Le\u00f3n de San Felipe.\" width=\"300\" height=\"197\" srcset=\"https:\/\/i0.wp.com\/eltrabajo.cl\/portal\/wp-content\/uploads\/2015\/10\/Reunion-Gobernadores-2.jpg?resize=300%2C197&amp;ssl=1 300w, https:\/\/i0.wp.com\/eltrabajo.cl\/portal\/wp-content\/uploads\/2015\/10\/Reunion-Gobernadores-2.jpg?resize=200%2C131&amp;ssl=1 200w, https:\/\/i0.wp.com\/eltrabajo.cl\/portal\/wp-content\/uploads\/2015\/10\/Reunion-Gobernadores-2.jpg?resize=228%2C150&amp;ssl=1 228w, https:\/\/i0.wp.com\/eltrabajo.cl\/portal\/wp-content\/uploads\/2015\/10\/Reunion-Gobernadores-2.jpg?resize=400%2C263&amp;ssl=1 400w, https:\/\/i0.wp.com\/eltrabajo.cl\/portal\/wp-content\/uploads\/2015\/10\/Reunion-Gobernadores-2.jpg?w=530&amp;ssl=1 530w\" sizes=\"auto, (max-width: 300px) 100vw, 300px\" \/><\/a><figcaption id=\"caption-attachment-63338\" class=\"wp-caption-text\">En reuni\u00f3n el Gobernador de Petorca, Mario Fuentes Romero y su par, Eduardo Le\u00f3n de San Felipe.<\/figcaption><\/figure>\n<ul>\n<li><strong>Ambos invitar\u00e1n tambi\u00e9n a participar de esta agenda a la Gobernadora de Los Andes.<\/strong><\/li>\n<\/ul>\n<p>El Gobernador de Petorca, Mario Fuentes Romero, y su par de San Felipe, Eduardo Le\u00f3n, sellaron un importante acuerdo de trabajo que ir\u00e1 en directo beneficio de las provincias que conducen. Las autoridades realizar\u00e1n una agenda conjunta sobre seguridad p\u00fablica y conectividad. Todo esto enfocado en la cercan\u00eda y similitudes que tienen ambas provincias.<br \/>\nEl Gobernador de San Felipe, Eduardo Le\u00f3n, se mostr\u00f3 esperanzado y conforme con la cita. Enfoc\u00e1ndose siempre en los puntos en com\u00fan que tienen las Provincias de Petorca y San Felipe. \u201cLa verdad es que tenemos varios puntos en com\u00fan y vamos a trabajar en conjunto. Por ejemplo, la falta de se\u00f1al en 30 kil\u00f3metros en el camino entre Putaendo y Cabildo, la ruta E-41. Sostuvimos reuni\u00f3n con el subsecretario Hueichalaf y nosotros los Gobernadores nos comprometimos avanzar en un proyecto. As\u00ed, que nosotros trabajaremos en eso. Tambi\u00e9n, una vez que tengamos el expediente poder avanzar en el financiamiento. A su vez, hay un tema com\u00fan que tiene que ver con la seguridad en los sectores rurales, nuestras comunas son fuertemente rurales, as\u00ed que nos reuniremos con carabineros al respecto\u201d, coment\u00f3 Le\u00f3n.<br \/>\nEn tanto, el Gobernador Fuentes afirm\u00f3 que \u201cHemos concordado un convenio de trabajo en conjunto respecto a temas de conectividad y seguridad p\u00fablica. Es as\u00ed, que dentro de los pr\u00f3ximos d\u00edas vamos a firmar un oficio en conjunto, solicit\u00e1ndole al Subsecretario de Telecomunicaciones elaborar un proyecto de inversi\u00f3n, para dar conectividad al tramo de la ruta E-41 donde lamentablemente, falleci\u00f3 Emilia de la comuna de Cabildo\u201d, indic\u00f3.<\/p>\n","protected":false},"excerpt":{"rendered":"<p>Ambos invitar\u00e1n tambi\u00e9n a participar de esta agenda a la Gobernadora de Los Andes. El Gobernador de Petorca, Mario Fuentes Romero, y su par de San Felipe, Eduardo Le\u00f3n, sellaron un importante&#8230;<\/p>\n","protected":false},"author":482,"featured_media":63338,"comment_status":"open","ping_status":"open","sticky":false,"template":"","format":"standard","meta":{"advanced_seo_description":"","jetpack_seo_html_title":"","jetpack_seo_noindex":false,"_jetpack_memberships_contains_paid_content":false,"footnotes":""},"categories":[1],"tags":[],"class_list":["post-63337","post","type-post","status-publish","format-standard","has-post-thumbnail","hentry","category-cronica"],"jetpack_featured_media_url":"https:\/\/i0.wp.com\/eltrabajo.cl\/portal\/wp-content\/uploads\/2015\/10\/Reunion-Gobernadores-2.jpg?fit=530%2C348&ssl=1","jetpack_sharing_enabled":true,"jetpack_likes_enabled":true,"jetpack-related-posts":[],"_links":{"self":[{"href":"https:\/\/eltrabajo.cl\/portal\/wp-json\/wp\/v2\/posts\/63337","targetHints":{"allow":["GET"]}}],"collection":[{"href":"https:\/\/eltrabajo.cl\/portal\/wp-json\/wp\/v2\/posts"}],"about":[{"href":"https:\/\/eltrabajo.cl\/portal\/wp-json\/wp\/v2\/types\/post"}],"author":[{"embeddable":true,"href":"https:\/\/eltrabajo.cl\/portal\/wp-json\/wp\/v2\/users\/482"}],"replies":[{"embeddable":true,"href":"https:\/\/eltrabajo.cl\/portal\/wp-json\/wp\/v2\/comments?post=63337"}],"version-history":[{"count":0,"href":"https:\/\/eltrabajo.cl\/portal\/wp-json\/wp\/v2\/posts\/63337\/revisions"}],"wp:featuredmedia":[{"embeddable":true,"href":"https:\/\/eltrabajo.cl\/portal\/wp-json\/wp\/v2\/media\/63338"}],"wp:attachment":[{"href":"https:\/\/eltrabajo.cl\/portal\/wp-json\/wp\/v2\/media?parent=63337"}],"wp:term":[{"taxonomy":"category","embeddable":true,"href":"https:\/\/eltrabajo.cl\/portal\/wp-json\/wp\/v2\/categories?post=63337"},{"taxonomy":"post_tag","embeddable":true,"href":"https:\/\/eltrabajo.cl\/portal\/wp-json\/wp\/v2\/tags?post=63337"}],"curies":[{"name":"wp","href":"https:\/\/api.w.org\/{rel}","templated":true}]}}