{"id":63343,"date":"2015-10-29T09:28:23","date_gmt":"2015-10-29T12:28:23","guid":{"rendered":"http:\/\/www.eltrabajo.cl\/portal\/?p=63343"},"modified":"2015-10-29T09:28:23","modified_gmt":"2015-10-29T12:28:23","slug":"en-forma-unanime-rechazan-proyecto-hidroelectrico-de-andes-cooper","status":"publish","type":"post","link":"https:\/\/eltrabajo.cl\/portal\/en-forma-unanime-rechazan-proyecto-hidroelectrico-de-andes-cooper\/","title":{"rendered":"En forma un\u00e1nime rechazan proyecto hidroel\u00e9ctrico de Andes Cooper"},"content":{"rendered":"<figure id=\"attachment_63344\" aria-describedby=\"caption-attachment-63344\" style=\"width: 300px\" class=\"wp-caption alignleft\"><a href=\"https:\/\/i0.wp.com\/www.eltrabajo.cl\/portal\/wp-content\/uploads\/2015\/10\/Reunion-derechos-de-agua-1.jpg\"><img data-recalc-dims=\"1\" loading=\"lazy\" decoding=\"async\" class=\"wp-image-63344 size-medium\" src=\"https:\/\/i0.wp.com\/www.eltrabajo.cl\/portal\/wp-content\/uploads\/2015\/10\/Reunion-derechos-de-agua-1-300x198.jpg?resize=300%2C198\" alt=\"El representante del consorcio canadiense Andes Cooper, present\u00f3 de manera oficial el proyecto \u2018Central Hidroel\u00e9ctrica R\u00edo Roc\u00edn\u2019 al Concejo Municipal, Seremi de Energ\u00eda y dirigentes vecinales y medioambientalistas.\" width=\"300\" height=\"198\" srcset=\"https:\/\/i0.wp.com\/eltrabajo.cl\/portal\/wp-content\/uploads\/2015\/10\/Reunion-derechos-de-agua-1.jpg?resize=300%2C198&amp;ssl=1 300w, https:\/\/i0.wp.com\/eltrabajo.cl\/portal\/wp-content\/uploads\/2015\/10\/Reunion-derechos-de-agua-1.jpg?resize=200%2C132&amp;ssl=1 200w, https:\/\/i0.wp.com\/eltrabajo.cl\/portal\/wp-content\/uploads\/2015\/10\/Reunion-derechos-de-agua-1.jpg?resize=227%2C150&amp;ssl=1 227w, https:\/\/i0.wp.com\/eltrabajo.cl\/portal\/wp-content\/uploads\/2015\/10\/Reunion-derechos-de-agua-1.jpg?resize=400%2C264&amp;ssl=1 400w, https:\/\/i0.wp.com\/eltrabajo.cl\/portal\/wp-content\/uploads\/2015\/10\/Reunion-derechos-de-agua-1.jpg?w=530&amp;ssl=1 530w\" sizes=\"auto, (max-width: 300px) 100vw, 300px\" \/><\/a><figcaption id=\"caption-attachment-63344\" class=\"wp-caption-text\">El representante del consorcio canadiense Andes Cooper, present\u00f3 de manera oficial el proyecto \u2018Central Hidroel\u00e9ctrica R\u00edo Roc\u00edn\u2019 al Concejo Municipal, Seremi de Energ\u00eda y dirigentes vecinales y medioambientalistas.<\/figcaption><\/figure>\n<p><strong>PUTAENDO.<\/strong>&#8211; La ma\u00f1ana de este mi\u00e9rcoles en el Centro Comunitario de Putaendo, ante el Concejo Municipal que sesion\u00f3 en forma extraordinaria, y con la presencia del Seremi de Energ\u00eda Jorge Olivares y varios dirigentes vecinales y de organizaciones medioambientales, el representante del consorcio canadiense Andes Cooper present\u00f3 de manera oficial el proyecto \u2018Central Hidroel\u00e9ctrica R\u00edo Roc\u00edn\u2019.<br \/>\nPrimeramente el Seremi de Energ\u00eda indic\u00f3 que actualmente este es un proyecto que est\u00e1 en su primera etapa y que se espera el pr\u00f3ximo a\u00f1o pueda ser ingresado el estudio de impacto ambiental, asegurando que esta jornada de participaci\u00f3n ciudadana fue justamente solicitada por \u00e9l para que la comunidad pueda dar su veredicto sobre este proyecto desde el primer momento.<br \/>\nLuego, el representante y director del proyecto de la empresa Andes Cooper, Juan Benabarre realiz\u00f3 una presentaci\u00f3n de la iniciativa, que entre otras caracter\u00edsticas sostuvo que es una central hidroel\u00e9ctrica de pasada que estar\u00e1 ubicada aguas arriba de la confluencia del R\u00edo Roc\u00edn con el R\u00edo Hidalgo y a 10 kil\u00f3metros del Embalse Chacrillas.<br \/>\nEl proyecto contempla una bocatoma y luego 12 kil\u00f3metros donde el agua del Roc\u00edn ser\u00e1 traslada por un canal que tiene un caudal de dise\u00f1o estimado entre 5 y 6 m3\/segundo, adem\u00e1s de una tuber\u00eda de carga con una ca\u00edda de aproximadamente 560 metros, donde las aguas ser\u00edan devueltas al cauce del R\u00edo Roc\u00edn, sin que esto genere una alteraci\u00f3n de la pureza, calidad o temperatura del agua, seg\u00fan lo explicado por Benabarre.<br \/>\nEl ejecutivo plante\u00f3 que este proyecto hidroel\u00e9ctrico considera la generaci\u00f3n de 28 a 30 MW, con un factor de carga cercano al 50% que se conectar\u00eda al sistema interconectado central (SIC), mediante una l\u00ednea de transmisi\u00f3n. Actualmente su trazado se encuentra en estudio.<br \/>\nBenabarre dijo que este prop\u00f3sito crear\u00e1 casi 200 empleos con salarios superiores a los $400.000 m\u00e1s otros aumentos en ganancias para comerciantes en las \u00e1reas del trasporte, alimentaci\u00f3n y hospedaje, adem\u00e1s de contribuir a la conectividad de la avanzada que Carabineros de Chile mantiene en el sector Las Tejas.<br \/>\nEn cuanto al cronograma fijado para este apunte, el representante de Andes Cooper precis\u00f3 que se espera que en lo que queda de este a\u00f1o se desarrolle el estudio de ingenier\u00eda t\u00e9cnica y ambiental, la definici\u00f3n del trazado de la l\u00ednea de conexi\u00f3n y la identificaci\u00f3n de servidumbres, mientras que para el a\u00f1o 2016 la compa\u00f1\u00eda canadiense contempla trabajar en el proceso de desarrollo de participaci\u00f3n ciudadana anticipada y la presentaci\u00f3n del estudio de impacto medioambiental para obtener la resoluci\u00f3n y comenzar los trabajos de construcci\u00f3n y puesta en marcha de esa central entre los a\u00f1os 2017 \u00f3 2018.<\/p>\n<p><strong>AUTORIDADES SE OPONEN<\/strong><br \/>\nLos concejales de Putaendo coincidieron en su rechazo a esta central hidroel\u00e9ctrica, refutando el argumento de la contrataci\u00f3n de mano de obra local y la generaci\u00f3n de empleos para los putaendinos, pues ya en otras obras como la construcci\u00f3n del Embalse Chacrillas, esto nunca ocurri\u00f3; adem\u00e1s afirmaron que los \u00fanicos beneficiados ser\u00e1n los due\u00f1os de Andes Cooper, a costa de los da\u00f1os irreversibles que sufrir\u00e1 la comuna al destruir un lugar natural privilegiado.<br \/>\nEn tanto, dirigentes y vecinos efectuaron diversas preguntas que coincid\u00edan en la objeci\u00f3n a este proyecto, y a pesar que el representante de Andes Cooper insist\u00eda en que la central hidroel\u00e9ctrica no tiene relaci\u00f3n con el proyecto minero que impulsa la misma empresa, sus argumentos fueron contestados por los l\u00edderes locales, quienes plantearon que es muy extra\u00f1o que Andes Cooper pretenda instalar su central hidroel\u00e9ctrica en el mismo lugar donde tambi\u00e9n quiere emplazar una minera de gran envergadura.<br \/>\nEn un di\u00e1logo \u00e1spero y duro, pero desarrollado con respeto, los dirigentes resistieron por completo este proyecto, pues puntualizaron que s\u00f3lo destruir\u00e1 el R\u00edo Roc\u00edn y el ecosistema, lo que llev\u00f3 al director del proyecto Hidroel\u00e9ctrico Rio Roc\u00edn a reconocer que la energ\u00eda que producir\u00e1n se podr\u00e1 vender a quien lo pida, planteamiento que los dirigentes rebatieron, asegurando que eso \u00fanicamente ocurrir\u00e1 para abrir las puertas del proyecto minero.<br \/>\nUn representante de la Coordinadora Tres R\u00edos dijo que la empresa Andes Cooper debe saber que son personas no gratas en la comuna, mientras que inesperadamente el agricultor y empresario Jos\u00e9 Manuel Carter asever\u00f3 que la comunidad no es imb\u00e9cil y que Andes Cooper debe dejar de mentir, porque el proyecto minero e hidr\u00e1ulico es una sola cosa, asegurando que no le cabe duda que la comunidad se opondr\u00e1 ocupando todas las herramientas de un Estado de derecho o de resistencia.<br \/>\nFinalmente el alcalde Guillermo Reyes, al finalizar el debate, declar\u00f3 que la comuna ya conoce el camino de lucha, pues ya se gan\u00f3 una batalla contra Colb\u00fan, la escoria de Chagres y hoy no le cabe duda que una vez m\u00e1s Putaendo dir\u00e1 que no a la central hidroel\u00e9ctrica y a la minera del consorcio canadiense, y propuso firmar un documento oficial junto a las instituciones y dirigentes para ser enviado a la gerencia de Andes Cooper en Canad\u00e1 para decirles: \u00abSe\u00f1ores no sigan gastando dinero en estos proyectos, porque la comunidad no los quiere y se opondr\u00e1 con todas sus fuerzas y nunca podr\u00e1n llevar adelante proyectos mineros ni de centrales hidroel\u00e9ctricas en la comuna de Putaendo\u00bb, idea que fue apoyada por todos los presentes, quienes con un cerrado aplauso rechazaron este proyecto.<br \/>\n<strong>Patricio Gallardo M.<\/strong><\/p>\n","protected":false},"excerpt":{"rendered":"<p>PUTAENDO.&#8211; La ma\u00f1ana de este mi\u00e9rcoles en el Centro Comunitario de Putaendo, ante el Concejo Municipal que sesion\u00f3 en forma extraordinaria, y con la presencia del Seremi de Energ\u00eda Jorge Olivares y&#8230;<\/p>\n","protected":false},"author":482,"featured_media":63344,"comment_status":"open","ping_status":"open","sticky":false,"template":"","format":"standard","meta":{"advanced_seo_description":"","jetpack_seo_html_title":"","jetpack_seo_noindex":false,"_jetpack_memberships_contains_paid_content":false,"footnotes":""},"categories":[1],"tags":[],"class_list":["post-63343","post","type-post","status-publish","format-standard","has-post-thumbnail","hentry","category-cronica"],"jetpack_featured_media_url":"https:\/\/i0.wp.com\/eltrabajo.cl\/portal\/wp-content\/uploads\/2015\/10\/Reunion-derechos-de-agua-1.jpg?fit=530%2C350&ssl=1","jetpack_sharing_enabled":true,"jetpack_likes_enabled":true,"jetpack-related-posts":[],"_links":{"self":[{"href":"https:\/\/eltrabajo.cl\/portal\/wp-json\/wp\/v2\/posts\/63343","targetHints":{"allow":["GET"]}}],"collection":[{"href":"https:\/\/eltrabajo.cl\/portal\/wp-json\/wp\/v2\/posts"}],"about":[{"href":"https:\/\/eltrabajo.cl\/portal\/wp-json\/wp\/v2\/types\/post"}],"author":[{"embeddable":true,"href":"https:\/\/eltrabajo.cl\/portal\/wp-json\/wp\/v2\/users\/482"}],"replies":[{"embeddable":true,"href":"https:\/\/eltrabajo.cl\/portal\/wp-json\/wp\/v2\/comments?post=63343"}],"version-history":[{"count":0,"href":"https:\/\/eltrabajo.cl\/portal\/wp-json\/wp\/v2\/posts\/63343\/revisions"}],"wp:featuredmedia":[{"embeddable":true,"href":"https:\/\/eltrabajo.cl\/portal\/wp-json\/wp\/v2\/media\/63344"}],"wp:attachment":[{"href":"https:\/\/eltrabajo.cl\/portal\/wp-json\/wp\/v2\/media?parent=63343"}],"wp:term":[{"taxonomy":"category","embeddable":true,"href":"https:\/\/eltrabajo.cl\/portal\/wp-json\/wp\/v2\/categories?post=63343"},{"taxonomy":"post_tag","embeddable":true,"href":"https:\/\/eltrabajo.cl\/portal\/wp-json\/wp\/v2\/tags?post=63343"}],"curies":[{"name":"wp","href":"https:\/\/api.w.org\/{rel}","templated":true}]}}