{"id":6335,"date":"2011-11-18T08:34:35","date_gmt":"2011-11-18T12:34:35","guid":{"rendered":"http:\/\/www.eltrabajo.cl\/portal\/?p=6335"},"modified":"2011-11-18T08:34:35","modified_gmt":"2011-11-18T12:34:35","slug":"norma-de-correos-impide-a-ciudadanos-acceder-a-los-servicios-publicos","status":"publish","type":"post","link":"https:\/\/eltrabajo.cl\/portal\/norma-de-correos-impide-a-ciudadanos-acceder-a-los-servicios-publicos\/","title":{"rendered":"Norma de Correos impide a ciudadanos acceder a los Servicios P\u00fablicos"},"content":{"rendered":"<figure id=\"attachment_6336\" aria-describedby=\"caption-attachment-6336\" style=\"width: 240px\" class=\"wp-caption alignleft\"><a href=\"http:\/\/www.eltrabajo.cl\/portal\/archives\/6335\/rolando-stevenson\" rel=\"attachment wp-att-6336\"><img data-recalc-dims=\"1\" loading=\"lazy\" decoding=\"async\" class=\"size-medium wp-image-6336 \" title=\"Rolando Stevenson\" src=\"https:\/\/i0.wp.com\/www.eltrabajo.cl\/portal\/wp-content\/uploads\/2011\/11\/Rolando-Stevenson-300x225.jpg?resize=240%2C180\" alt=\"\" width=\"240\" height=\"180\" srcset=\"https:\/\/i0.wp.com\/eltrabajo.cl\/portal\/wp-content\/uploads\/2011\/11\/Rolando-Stevenson.jpg?resize=300%2C225&amp;ssl=1 300w, https:\/\/i0.wp.com\/eltrabajo.cl\/portal\/wp-content\/uploads\/2011\/11\/Rolando-Stevenson.jpg?resize=200%2C150&amp;ssl=1 200w, https:\/\/i0.wp.com\/eltrabajo.cl\/portal\/wp-content\/uploads\/2011\/11\/Rolando-Stevenson.jpg?resize=150%2C112&amp;ssl=1 150w, https:\/\/i0.wp.com\/eltrabajo.cl\/portal\/wp-content\/uploads\/2011\/11\/Rolando-Stevenson.jpg?resize=400%2C300&amp;ssl=1 400w, https:\/\/i0.wp.com\/eltrabajo.cl\/portal\/wp-content\/uploads\/2011\/11\/Rolando-Stevenson.jpg?w=600&amp;ssl=1 600w\" sizes=\"auto, (max-width: 240px) 100vw, 240px\" \/><\/a><figcaption id=\"caption-attachment-6336\" class=\"wp-caption-text\">El presidente del Centro Pro Transparencia y Acceso a la Informaci\u00f3n P\u00fablica, Rolando Stevenson, denunci\u00f3 la situaci\u00f3n.<\/figcaption><\/figure>\n<p>Una reclamaci\u00f3n formal envi\u00f3 el Centro Pro Transparencia y Acceso a la Informaci\u00f3n P\u00fablica al Gerente Comercial de la Empresa Correos de Chile, pues las cartas dirigidas a los Servicios del Estado, sin indicaci\u00f3n precisa de calle y n\u00famero, son devueltas luego de largos meses a los remitentes.<\/p>\n<p>Rolando Stevenson, Presidente de esta agrupaci\u00f3n, expuso el caso de una carta enviada al Seremi de Econom\u00eda de la V Regi\u00f3n, Mauricio Silva Malig, con fecha 29 de agosto de este a\u00f1o, la que fue devuelta hace pocos d\u00edas por \u201cdirecci\u00f3n incorrecta\u201d.<\/p>\n<p>Consultada la oficina de San Felipe, lugar de despacho de esta carta prioritaria, se inform\u00f3 que la superioridad del servicio dispuso que toda misiva sin indicaci\u00f3n detallada de direcci\u00f3n debe ser devuelta al remitente.<\/p>\n<p>Seg\u00fan el Centro de Transparencia esto afecta derechos de los ciudadanos al ver impedido su deseo de dirigirse al Presidente de la Rep\u00fablica, Parlamentarios, Contralor, Tribunales u oficinas p\u00fablicas si no conocen la direcci\u00f3n exigida.<\/p>\n<p>\u00abEsto impide que cualquier persona env\u00ede documentos o consultas pues ellas no llegar\u00e1n a destino sino cumplen con esta absurda disposici\u00f3n central\u00bb.<\/p>\n<p>Stevenson manifest\u00f3 que junto con representar la situaci\u00f3n a la autoridad de Correos se est\u00e1 solicitando la eliminaci\u00f3n de esta disposici\u00f3n que inhibe el derecho ciudadano de acceder a los organismos del Estado consagrado en la ley 20.285 de Transparencia.-<\/p>\n","protected":false},"excerpt":{"rendered":"<p>Una reclamaci\u00f3n formal envi\u00f3 el Centro Pro Transparencia y Acceso a la Informaci\u00f3n P\u00fablica al Gerente Comercial de la Empresa Correos de Chile, pues las cartas dirigidas a los Servicios del Estado,&#8230;<\/p>\n","protected":false},"author":482,"featured_media":6336,"comment_status":"open","ping_status":"open","sticky":false,"template":"","format":"standard","meta":{"advanced_seo_description":"","jetpack_seo_html_title":"","jetpack_seo_noindex":false,"_jetpack_memberships_contains_paid_content":false,"footnotes":""},"categories":[15],"tags":[],"class_list":["post-6335","post","type-post","status-publish","format-standard","has-post-thumbnail","hentry","category-comunidad"],"jetpack_featured_media_url":"https:\/\/i0.wp.com\/eltrabajo.cl\/portal\/wp-content\/uploads\/2011\/11\/Rolando-Stevenson.jpg?fit=600%2C450&ssl=1","jetpack_sharing_enabled":true,"jetpack_likes_enabled":true,"jetpack-related-posts":[],"_links":{"self":[{"href":"https:\/\/eltrabajo.cl\/portal\/wp-json\/wp\/v2\/posts\/6335","targetHints":{"allow":["GET"]}}],"collection":[{"href":"https:\/\/eltrabajo.cl\/portal\/wp-json\/wp\/v2\/posts"}],"about":[{"href":"https:\/\/eltrabajo.cl\/portal\/wp-json\/wp\/v2\/types\/post"}],"author":[{"embeddable":true,"href":"https:\/\/eltrabajo.cl\/portal\/wp-json\/wp\/v2\/users\/482"}],"replies":[{"embeddable":true,"href":"https:\/\/eltrabajo.cl\/portal\/wp-json\/wp\/v2\/comments?post=6335"}],"version-history":[{"count":0,"href":"https:\/\/eltrabajo.cl\/portal\/wp-json\/wp\/v2\/posts\/6335\/revisions"}],"wp:featuredmedia":[{"embeddable":true,"href":"https:\/\/eltrabajo.cl\/portal\/wp-json\/wp\/v2\/media\/6336"}],"wp:attachment":[{"href":"https:\/\/eltrabajo.cl\/portal\/wp-json\/wp\/v2\/media?parent=6335"}],"wp:term":[{"taxonomy":"category","embeddable":true,"href":"https:\/\/eltrabajo.cl\/portal\/wp-json\/wp\/v2\/categories?post=6335"},{"taxonomy":"post_tag","embeddable":true,"href":"https:\/\/eltrabajo.cl\/portal\/wp-json\/wp\/v2\/tags?post=6335"}],"curies":[{"name":"wp","href":"https:\/\/api.w.org\/{rel}","templated":true}]}}