{"id":63350,"date":"2015-10-29T09:44:23","date_gmt":"2015-10-29T12:44:23","guid":{"rendered":"http:\/\/www.eltrabajo.cl\/portal\/?p=63350"},"modified":"2015-10-29T09:44:23","modified_gmt":"2015-10-29T12:44:23","slug":"capturan-a-delincuentes-que-desvalijaron-vivienda-en-villa-departamental","status":"publish","type":"post","link":"https:\/\/eltrabajo.cl\/portal\/capturan-a-delincuentes-que-desvalijaron-vivienda-en-villa-departamental\/","title":{"rendered":"Capturan a delincuentes que desvalijaron vivienda en villa Departamental"},"content":{"rendered":"<figure id=\"attachment_63351\" aria-describedby=\"caption-attachment-63351\" style=\"width: 300px\" class=\"wp-caption alignleft\"><a href=\"https:\/\/i0.wp.com\/www.eltrabajo.cl\/portal\/wp-content\/uploads\/2015\/10\/RAUL-Y-JOHN-copia.jpg\"><img data-recalc-dims=\"1\" loading=\"lazy\" decoding=\"async\" class=\"wp-image-63351 size-medium\" src=\"https:\/\/i0.wp.com\/www.eltrabajo.cl\/portal\/wp-content\/uploads\/2015\/10\/RAUL-Y-JOHN-copia-300x199.jpg?resize=300%2C199\" alt=\"El detenido, Ra\u00fal Fuenzalida Lobos, deber\u00e1 permanecer recluido las 24 horas en su vivienda tras ser formalizado por el delito de robo en lugar habitado y el imputado John Antonio Jim\u00e9nez Calfulaf fue detenido bajo los cargos de receptaci\u00f3n de especies y \" width=\"300\" height=\"199\" srcset=\"https:\/\/i0.wp.com\/eltrabajo.cl\/portal\/wp-content\/uploads\/2015\/10\/RAUL-Y-JOHN-copia.jpg?resize=300%2C199&amp;ssl=1 300w, https:\/\/i0.wp.com\/eltrabajo.cl\/portal\/wp-content\/uploads\/2015\/10\/RAUL-Y-JOHN-copia.jpg?resize=200%2C133&amp;ssl=1 200w, https:\/\/i0.wp.com\/eltrabajo.cl\/portal\/wp-content\/uploads\/2015\/10\/RAUL-Y-JOHN-copia.jpg?resize=226%2C150&amp;ssl=1 226w, https:\/\/i0.wp.com\/eltrabajo.cl\/portal\/wp-content\/uploads\/2015\/10\/RAUL-Y-JOHN-copia.jpg?resize=400%2C266&amp;ssl=1 400w, https:\/\/i0.wp.com\/eltrabajo.cl\/portal\/wp-content\/uploads\/2015\/10\/RAUL-Y-JOHN-copia.jpg?w=527&amp;ssl=1 527w\" sizes=\"auto, (max-width: 300px) 100vw, 300px\" \/><\/a><figcaption id=\"caption-attachment-63351\" class=\"wp-caption-text\">El detenido, Ra\u00fal Fuenzalida Lobos, deber\u00e1 permanecer recluido las 24 horas en su vivienda tras ser formalizado por el delito de robo en lugar habitado y el imputado John Antonio Jim\u00e9nez Calfulaf fue detenido bajo los cargos de receptaci\u00f3n de especies y<\/figcaption><\/figure>\n<ul>\n<li><strong>Dos notebook, un televisor LCD, cilindros de gas, joyas y hasta art\u00edculos de aseo fue el bot\u00edn que los antisociales sustrajeron desde un departamento. Los antisociales ser\u00edan conocidos por ser residentes en el mismo lugar.<\/strong><\/li>\n<\/ul>\n<p>Alrededor de las cero horas de ayer mi\u00e9rcoles, un grupo de vecinos alertaron a Carabineros sobre un robo de especies que dos individuos perpetraban en una vivienda de la villa Departamental de San Felipe; no obstante en tiempo r\u00e9cord los involucrados en este delito fueron detenidos por Carabineros.<br \/>\nTras las diligencias policiales que se extendieron hasta la ma\u00f1ana del mi\u00e9rcoles, Carabineros logr\u00f3 recuperar las especies en poder de uno de los antisociales, consistentes en un televisor LCD, dos notebook, dos cilindros de gas, un juego de cuchiller\u00eda, joyas y art\u00edculos de aseo, especies que fueron halladas al interior de un departamento vecino al lugar de los hechos, procediendo a la detenci\u00f3n de un individuo por el delito de receptaci\u00f3n.<br \/>\nSin embargo, seg\u00fan las declaraciones de testigos, el sujeto que habr\u00eda ingresado clandestinamente hasta el interior del departamento fue identificado como Ra\u00fal Patricio Fuenzalida Lobos, quien fue capturado por los funcionarios policiales por el delito de robo en lugar habitado.<\/p>\n<figure id=\"attachment_63352\" aria-describedby=\"caption-attachment-63352\" style=\"width: 300px\" class=\"wp-caption alignright\"><a href=\"https:\/\/i0.wp.com\/www.eltrabajo.cl\/portal\/wp-content\/uploads\/2015\/10\/ESPECIES-RECUPERADAS.jpg\"><img data-recalc-dims=\"1\" loading=\"lazy\" decoding=\"async\" class=\"wp-image-63352 size-medium\" src=\"https:\/\/i0.wp.com\/www.eltrabajo.cl\/portal\/wp-content\/uploads\/2015\/10\/ESPECIES-RECUPERADAS-300x198.jpg?resize=300%2C198\" alt=\"Las especies recuperadas por Carabineros tras las diligencias investigativas que rindieron resultados con la detenci\u00f3n de dos involucrados en el robo al interior de una vivienda de la Villa Departamental en San Felipe.\" width=\"300\" height=\"198\" srcset=\"https:\/\/i0.wp.com\/eltrabajo.cl\/portal\/wp-content\/uploads\/2015\/10\/ESPECIES-RECUPERADAS.jpg?resize=300%2C198&amp;ssl=1 300w, https:\/\/i0.wp.com\/eltrabajo.cl\/portal\/wp-content\/uploads\/2015\/10\/ESPECIES-RECUPERADAS.jpg?resize=200%2C132&amp;ssl=1 200w, https:\/\/i0.wp.com\/eltrabajo.cl\/portal\/wp-content\/uploads\/2015\/10\/ESPECIES-RECUPERADAS.jpg?resize=227%2C150&amp;ssl=1 227w, https:\/\/i0.wp.com\/eltrabajo.cl\/portal\/wp-content\/uploads\/2015\/10\/ESPECIES-RECUPERADAS.jpg?resize=400%2C264&amp;ssl=1 400w, https:\/\/i0.wp.com\/eltrabajo.cl\/portal\/wp-content\/uploads\/2015\/10\/ESPECIES-RECUPERADAS.jpg?w=530&amp;ssl=1 530w\" sizes=\"auto, (max-width: 300px) 100vw, 300px\" \/><\/a><figcaption id=\"caption-attachment-63352\" class=\"wp-caption-text\">Las especies recuperadas por Carabineros tras las diligencias investigativas que rindieron resultados con la detenci\u00f3n de dos involucrados en el robo al interior de una vivienda de la Villa Departamental en San Felipe.<\/figcaption><\/figure>\n<p>En tanto, el segundo participante, John Antonio Jim\u00e9nez Calfulaf, recibi\u00f3 los cargos de receptaci\u00f3n, siendo ambos conducidos hasta el cuartel de Carabineros. Al mismo tiempo, los efectivos policiales tomaron contacto con la propietaria del departamento afectado para hacer entrega de las especies recuperadas.<br \/>\nAmbos detenidos fueron conducidos hasta el Juzgado de Garant\u00eda, para ser requeridos por la Fiscal\u00eda que inici\u00f3 el proceso de investigaci\u00f3n por ambos delitos.<br \/>\nDentro de las cautelares asignadas por el tribunal para John Jim\u00e9nez, se encuentra la prohibici\u00f3n de acercarse a la v\u00edctima y firma mensual en Carabineros.<br \/>\nEn tanto para Ra\u00fal Fuenzalida Lobos deber\u00e1 permanecer recluido las 24 horas en su domicilio a la espera de juicio por el delito de robo en lugar habitado.<br \/>\n<strong>Pablo Salinas Sald\u00edas<\/strong><\/p>\n","protected":false},"excerpt":{"rendered":"<p>Dos notebook, un televisor LCD, cilindros de gas, joyas y hasta art\u00edculos de aseo fue el bot\u00edn que los antisociales sustrajeron desde un departamento. Los antisociales ser\u00edan conocidos por ser residentes en&#8230;<\/p>\n","protected":false},"author":482,"featured_media":63351,"comment_status":"open","ping_status":"open","sticky":false,"template":"","format":"standard","meta":{"advanced_seo_description":"","jetpack_seo_html_title":"","jetpack_seo_noindex":false,"_jetpack_memberships_contains_paid_content":false,"footnotes":""},"categories":[21],"tags":[],"class_list":["post-63350","post","type-post","status-publish","format-standard","has-post-thumbnail","hentry","category-policial"],"jetpack_featured_media_url":"https:\/\/i0.wp.com\/eltrabajo.cl\/portal\/wp-content\/uploads\/2015\/10\/RAUL-Y-JOHN-copia.jpg?fit=527%2C350&ssl=1","jetpack_sharing_enabled":true,"jetpack_likes_enabled":true,"jetpack-related-posts":[],"_links":{"self":[{"href":"https:\/\/eltrabajo.cl\/portal\/wp-json\/wp\/v2\/posts\/63350","targetHints":{"allow":["GET"]}}],"collection":[{"href":"https:\/\/eltrabajo.cl\/portal\/wp-json\/wp\/v2\/posts"}],"about":[{"href":"https:\/\/eltrabajo.cl\/portal\/wp-json\/wp\/v2\/types\/post"}],"author":[{"embeddable":true,"href":"https:\/\/eltrabajo.cl\/portal\/wp-json\/wp\/v2\/users\/482"}],"replies":[{"embeddable":true,"href":"https:\/\/eltrabajo.cl\/portal\/wp-json\/wp\/v2\/comments?post=63350"}],"version-history":[{"count":0,"href":"https:\/\/eltrabajo.cl\/portal\/wp-json\/wp\/v2\/posts\/63350\/revisions"}],"wp:featuredmedia":[{"embeddable":true,"href":"https:\/\/eltrabajo.cl\/portal\/wp-json\/wp\/v2\/media\/63351"}],"wp:attachment":[{"href":"https:\/\/eltrabajo.cl\/portal\/wp-json\/wp\/v2\/media?parent=63350"}],"wp:term":[{"taxonomy":"category","embeddable":true,"href":"https:\/\/eltrabajo.cl\/portal\/wp-json\/wp\/v2\/categories?post=63350"},{"taxonomy":"post_tag","embeddable":true,"href":"https:\/\/eltrabajo.cl\/portal\/wp-json\/wp\/v2\/tags?post=63350"}],"curies":[{"name":"wp","href":"https:\/\/api.w.org\/{rel}","templated":true}]}}