{"id":63355,"date":"2015-10-29T09:48:53","date_gmt":"2015-10-29T12:48:53","guid":{"rendered":"http:\/\/www.eltrabajo.cl\/portal\/?p=63355"},"modified":"2015-10-29T09:48:53","modified_gmt":"2015-10-29T12:48:53","slug":"joven-parquimetro-se-defiende-ante-infundada-acusacion-de-robo","status":"publish","type":"post","link":"https:\/\/eltrabajo.cl\/portal\/joven-parquimetro-se-defiende-ante-infundada-acusacion-de-robo\/","title":{"rendered":"Joven parqu\u00edmetro se defiende ante infundada acusaci\u00f3n de robo"},"content":{"rendered":"<figure id=\"attachment_63356\" aria-describedby=\"caption-attachment-63356\" style=\"width: 300px\" class=\"wp-caption alignleft\"><a href=\"https:\/\/i0.wp.com\/www.eltrabajo.cl\/portal\/wp-content\/uploads\/2015\/10\/NICOLAS-SAN-MARTIN-BUSTAMANTE.jpg\"><img data-recalc-dims=\"1\" loading=\"lazy\" decoding=\"async\" class=\"wp-image-63356 size-medium\" src=\"https:\/\/i0.wp.com\/www.eltrabajo.cl\/portal\/wp-content\/uploads\/2015\/10\/NICOLAS-SAN-MARTIN-BUSTAMANTE-300x198.jpg?resize=300%2C198\" alt=\"El trabajador Nicol\u00e1s San Mart\u00edn Bustamante protagoniz\u00f3 un episodio de violencia intrafamiliar con su expareja. En esta entrevista revela su versi\u00f3n de los hechos que a su juicio le han perjudicado.\" width=\"300\" height=\"198\" srcset=\"https:\/\/i0.wp.com\/eltrabajo.cl\/portal\/wp-content\/uploads\/2015\/10\/NICOLAS-SAN-MARTIN-BUSTAMANTE.jpg?resize=300%2C198&amp;ssl=1 300w, https:\/\/i0.wp.com\/eltrabajo.cl\/portal\/wp-content\/uploads\/2015\/10\/NICOLAS-SAN-MARTIN-BUSTAMANTE.jpg?resize=200%2C132&amp;ssl=1 200w, https:\/\/i0.wp.com\/eltrabajo.cl\/portal\/wp-content\/uploads\/2015\/10\/NICOLAS-SAN-MARTIN-BUSTAMANTE.jpg?resize=228%2C150&amp;ssl=1 228w, https:\/\/i0.wp.com\/eltrabajo.cl\/portal\/wp-content\/uploads\/2015\/10\/NICOLAS-SAN-MARTIN-BUSTAMANTE.jpg?resize=400%2C263&amp;ssl=1 400w, https:\/\/i0.wp.com\/eltrabajo.cl\/portal\/wp-content\/uploads\/2015\/10\/NICOLAS-SAN-MARTIN-BUSTAMANTE.jpg?w=530&amp;ssl=1 530w\" sizes=\"auto, (max-width: 300px) 100vw, 300px\" \/><\/a><figcaption id=\"caption-attachment-63356\" class=\"wp-caption-text\">El trabajador Nicol\u00e1s San Mart\u00edn Bustamante protagoniz\u00f3 un episodio de violencia intrafamiliar con su expareja. En esta entrevista revela su versi\u00f3n de los hechos que a su juicio le han perjudicado.<\/figcaption><\/figure>\n<ul>\n<li><strong>El trabajador sostiene que todo se trat\u00f3 de un episodio de violencia intrafamiliar con la madre de su hijo, quien lo denunci\u00f3 ante Carabineros por haberla agredido desmedidamente para robarle su tel\u00e9fono celular.<\/strong><\/li>\n<\/ul>\n<p>Devastado por la grave acusaci\u00f3n de robo con violencia que denunci\u00f3 ante Carabineros su expareja y madre de un peque\u00f1o hijo de dos a\u00f1os que mantienen en com\u00fan, el joven trabajador Nicol\u00e1s San Mart\u00edn Bustamante se defiende p\u00fablicamente, aclarando que la noche del pasado mi\u00e9rcoles 21 protagoniz\u00f3 un desafortunado episodio de violencia intrafamiliar y no un robo como lo detall\u00f3 el parte policial.<br \/>\nNicol\u00e1s, quien se desempe\u00f1a como parqu\u00edmetro en la comuna de San Felipe, fue detenido por Carabineros bajo los cargos de robo con violencia, acusado por su expareja, con quien hasta ese d\u00eda conviv\u00eda en un departamento de la villa El Totoral en esta comuna donde se origin\u00f3 una discusi\u00f3n, pese a quebrantar una anterior orden judicial de alejamiento a favor de la mujer.<br \/>\nLa v\u00edctima, a trav\u00e9s de una declaraci\u00f3n que prest\u00f3 ante la polic\u00eda uniformada, acus\u00f3 a Nicol\u00e1s San Mart\u00edn de haberla abordado en la v\u00eda p\u00fablica para tomarla del pelo y arrojarla contra el pavimento para apoderarse de su cartera donde manten\u00eda su tel\u00e9fono celular y un juego de llaves.<br \/>\nEsta detenci\u00f3n fue controlada al d\u00eda siguiente en el Juzgado de Garant\u00eda de San Felipe, luego de una audiencia donde la<\/p>\n<figure id=\"attachment_63357\" aria-describedby=\"caption-attachment-63357\" style=\"width: 300px\" class=\"wp-caption alignright\"><a href=\"https:\/\/i0.wp.com\/www.eltrabajo.cl\/portal\/wp-content\/uploads\/2015\/10\/NICOLAS-DETENIDO.jpg\"><img data-recalc-dims=\"1\" loading=\"lazy\" decoding=\"async\" class=\"wp-image-63357 size-medium\" src=\"https:\/\/i0.wp.com\/www.eltrabajo.cl\/portal\/wp-content\/uploads\/2015\/10\/NICOLAS-DETENIDO-300x197.jpg?resize=300%2C197\" alt=\"El 21 de Octubre de este a\u00f1o, Nicol\u00e1s fue detenido por Carabineros bajo los cargos de robo con violencia seg\u00fan lo afirm\u00f3 su expareja que lo denunci\u00f3 en la villa El Totoral de San Felipe.\" width=\"300\" height=\"197\" srcset=\"https:\/\/i0.wp.com\/eltrabajo.cl\/portal\/wp-content\/uploads\/2015\/10\/NICOLAS-DETENIDO.jpg?resize=300%2C197&amp;ssl=1 300w, https:\/\/i0.wp.com\/eltrabajo.cl\/portal\/wp-content\/uploads\/2015\/10\/NICOLAS-DETENIDO.jpg?resize=200%2C131&amp;ssl=1 200w, https:\/\/i0.wp.com\/eltrabajo.cl\/portal\/wp-content\/uploads\/2015\/10\/NICOLAS-DETENIDO.jpg?resize=228%2C150&amp;ssl=1 228w, https:\/\/i0.wp.com\/eltrabajo.cl\/portal\/wp-content\/uploads\/2015\/10\/NICOLAS-DETENIDO.jpg?resize=400%2C263&amp;ssl=1 400w, https:\/\/i0.wp.com\/eltrabajo.cl\/portal\/wp-content\/uploads\/2015\/10\/NICOLAS-DETENIDO.jpg?w=530&amp;ssl=1 530w\" sizes=\"auto, (max-width: 300px) 100vw, 300px\" \/><\/a><figcaption id=\"caption-attachment-63357\" class=\"wp-caption-text\">El 21 de Octubre de este a\u00f1o, Nicol\u00e1s fue detenido por Carabineros bajo los cargos de robo con violencia seg\u00fan lo afirm\u00f3 su expareja que lo denunci\u00f3 en la villa El Totoral de San Felipe.<\/figcaption><\/figure>\n<p>Fiscal\u00eda inici\u00f3 una investigaci\u00f3n en contra de Nicol\u00e1s San Mart\u00edn, en contexto de violencia intrafamiliar, desacato y hurto como lo habr\u00eda recalificado el ente persecutor y no robo con violencia como lo mencionaba el parte de Carabineros.<br \/>\nTras recuperar su libertad, Nicol\u00e1s deber\u00e1 cumplir las cautelares impuestas por la Jueza de Garant\u00eda, deber\u00e1 cumplir cabalmente el arresto domiciliario nocturno y la prohibici\u00f3n de acercarse a la v\u00edctima por un plazo de 60 d\u00edas.<br \/>\nSin embargo luego de cumplir todos estos procesos judiciales, Nicol\u00e1s San Mart\u00edn a trav\u00e9s de esta entrevista pretende detallar, seg\u00fan su versi\u00f3n, c\u00f3mo se desencaden\u00f3 este lamentable hecho de violencia intrafamiliar, tray\u00e9ndole problemas en su trabajo y los prejuiciosos comentarios que circularon en las redes sociales al darse a conocer su fotograf\u00eda a los medios de prensa.<\/p>\n<p><strong>LA ENTREVISTA<\/strong><br \/>\n<strong>&#8211; A su juicio \u00bfC\u00f3mo ocurrieron los hechos?<\/strong><br \/>\n<strong>&#8211;<\/strong> Yo volv\u00ed con ella sabiendo que manten\u00eda una orden de alejamiento por una anterior discusi\u00f3n, pero viv\u00edamos juntos. Ese d\u00eda yo estaba en mi casa con mi hijo y ella lleg\u00f3 tarde de la universidad, yo le tom\u00e9 el celular para revis\u00e1rselo y ella sali\u00f3 arrancando temiendo encontrarle algo.<br \/>\n<strong>&#8211; Entonces \u00bfno la agredi\u00f3?<\/strong><br \/>\n<strong>&#8211;<\/strong> Al salir detr\u00e1s de ella hacia la calle, la tom\u00e9 de su poler\u00f3n y en ning\u00fan momento le tir\u00e9 el pelo. Yo siendo pareja de ella, tom\u00e9 su tel\u00e9fono en forma prestada para revisarlo, me devuelvo a ver a mi hijo que qued\u00f3 solo en casa, lo vest\u00ed y se lo llevo a casa de mi suegra que vive en otro block cercano.<br \/>\n<strong>&#8211; \u00bfQu\u00e9 sucede despu\u00e9s? <\/strong><br \/>\n<strong>&#8211;<\/strong> Ella me dice que llam\u00f3 a los Carabineros, advirti\u00e9ndome que me llevar\u00edan detenido. Yo enojado me fui a dar una vuelta pensando que era mentira que hab\u00eda llamado a Carabineros.<br \/>\n<strong>&#8211; \u00bfCu\u00e1l fue el relato que ella entreg\u00f3 a la polic\u00eda?<\/strong><br \/>\n<strong>&#8211;<\/strong> Ella ven\u00eda dentro de la patrulla y me acus\u00f3 de haberle robado su cartera, pero yo no la rob\u00e9 porque qued\u00f3 sobre la cama, solamente le arrebat\u00e9 el celular. Carabineros me dijo que el celular no era m\u00edo y me tom\u00f3 detenido, al llevarme a constatar lesiones al hospital los funcionarios me agredieron.<br \/>\n<strong>&#8211; \u00bfQu\u00e9 detallaba el parte policial?<\/strong><br \/>\n<strong>&#8211;<\/strong> Que la hab\u00eda golpeado y que le rob\u00e9 la cartera y andaba con sus pertenencias, pero en ning\u00fan momento le rob\u00e9 ni le pegu\u00e9, solamente lo \u00fanico que hice fue quebrantar la orden de alejamiento.<br \/>\n<strong>&#8211; Entonces \u00bfUsted siempre vivi\u00f3 con su pareja?<\/strong><br \/>\n<strong>&#8211;<\/strong> Yo hasta entonces estaba viviendo con ella, tengo a mi suegra de testigo que yo voy todas las noches a buscar a mi hijo a la casa de la mam\u00e1 de ella. Ese d\u00eda hice aseo y ella lleg\u00f3 despu\u00e9s cuando se produjo todo esto.<br \/>\n<strong>&#8211; \u00bfBajo qu\u00e9 cargos lo formaliz\u00f3 la Fiscal\u00eda?<\/strong><br \/>\n<strong>&#8211;<\/strong> Primero por violencia intrafamiliar, desacato y robo con violencia, pero en la audiencia, el fiscal acus\u00f3 por hurto y no por robo. Quiero aclarar que en ning\u00fan momento le rob\u00e9 el celular, ni la cartera ni la agred\u00ed.<br \/>\n<strong>&#8211; \u00bfQu\u00e9 complicaciones le trajo esta detenci\u00f3n?<\/strong><br \/>\n<strong>&#8211;<\/strong> Yo trabajo en la calle, sali\u00f3 en Facebook y mucha gente me reconoce, publicaron que tuvieran cuidado conmigo porque yo los pod\u00eda asaltar, les pod\u00eda robar en sus veh\u00edculos porque \u00e9ste es mi trabajo como parqu\u00edmetro.<br \/>\n<strong>&#8211; \u00bfQu\u00e9 espera con hacer p\u00fablica esta entrevista?<\/strong><br \/>\n<strong>&#8211;<\/strong> No quiero perder mi pega, no quiero que la gente me relacione con alg\u00fan robo, yo trabajo de parqu\u00edmetro. He tenido que estar arrendando piezas para no tener m\u00e1s problemas con mi expareja. Yo me levanto todos los d\u00edas temprano para venir a trabajar, tuve problemas de violencia intrafamiliar con mi expareja, pero nunca de robar nada. Estoy sumamente dolido porque la gente ya me est\u00e1 apuntando y tengo miedo que me pase algo, no soy un delincuente.<br \/>\n<strong>Pablo Salinas Sald\u00edas<\/strong><\/p>\n","protected":false},"excerpt":{"rendered":"<p>El trabajador sostiene que todo se trat\u00f3 de un episodio de violencia intrafamiliar con la madre de su hijo, quien lo denunci\u00f3 ante Carabineros por haberla agredido desmedidamente para robarle su tel\u00e9fono&#8230;<\/p>\n","protected":false},"author":482,"featured_media":63356,"comment_status":"open","ping_status":"open","sticky":false,"template":"","format":"standard","meta":{"advanced_seo_description":"","jetpack_seo_html_title":"","jetpack_seo_noindex":false,"_jetpack_memberships_contains_paid_content":false,"footnotes":""},"categories":[15],"tags":[],"class_list":["post-63355","post","type-post","status-publish","format-standard","has-post-thumbnail","hentry","category-comunidad"],"jetpack_featured_media_url":"https:\/\/i0.wp.com\/eltrabajo.cl\/portal\/wp-content\/uploads\/2015\/10\/NICOLAS-SAN-MARTIN-BUSTAMANTE.jpg?fit=530%2C349&ssl=1","jetpack_sharing_enabled":true,"jetpack_likes_enabled":true,"jetpack-related-posts":[],"_links":{"self":[{"href":"https:\/\/eltrabajo.cl\/portal\/wp-json\/wp\/v2\/posts\/63355","targetHints":{"allow":["GET"]}}],"collection":[{"href":"https:\/\/eltrabajo.cl\/portal\/wp-json\/wp\/v2\/posts"}],"about":[{"href":"https:\/\/eltrabajo.cl\/portal\/wp-json\/wp\/v2\/types\/post"}],"author":[{"embeddable":true,"href":"https:\/\/eltrabajo.cl\/portal\/wp-json\/wp\/v2\/users\/482"}],"replies":[{"embeddable":true,"href":"https:\/\/eltrabajo.cl\/portal\/wp-json\/wp\/v2\/comments?post=63355"}],"version-history":[{"count":0,"href":"https:\/\/eltrabajo.cl\/portal\/wp-json\/wp\/v2\/posts\/63355\/revisions"}],"wp:featuredmedia":[{"embeddable":true,"href":"https:\/\/eltrabajo.cl\/portal\/wp-json\/wp\/v2\/media\/63356"}],"wp:attachment":[{"href":"https:\/\/eltrabajo.cl\/portal\/wp-json\/wp\/v2\/media?parent=63355"}],"wp:term":[{"taxonomy":"category","embeddable":true,"href":"https:\/\/eltrabajo.cl\/portal\/wp-json\/wp\/v2\/categories?post=63355"},{"taxonomy":"post_tag","embeddable":true,"href":"https:\/\/eltrabajo.cl\/portal\/wp-json\/wp\/v2\/tags?post=63355"}],"curies":[{"name":"wp","href":"https:\/\/api.w.org\/{rel}","templated":true}]}}