{"id":63359,"date":"2015-10-29T09:57:45","date_gmt":"2015-10-29T12:57:45","guid":{"rendered":"http:\/\/www.eltrabajo.cl\/portal\/?p=63359"},"modified":"2015-10-29T09:57:45","modified_gmt":"2015-10-29T12:57:45","slug":"a-mordiscos-mujer-se-defendio-de-golpiza-de-su-pareja","status":"publish","type":"post","link":"https:\/\/eltrabajo.cl\/portal\/a-mordiscos-mujer-se-defendio-de-golpiza-de-su-pareja\/","title":{"rendered":"A mordiscos mujer se defendi\u00f3 de golpiza de su pareja"},"content":{"rendered":"<figure id=\"attachment_63360\" aria-describedby=\"caption-attachment-63360\" style=\"width: 300px\" class=\"wp-caption alignleft\"><a href=\"https:\/\/i0.wp.com\/www.eltrabajo.cl\/portal\/wp-content\/uploads\/2015\/10\/Pablo-Esteban-Mu%C3%B1oz-Cepeda.jpg\"><img data-recalc-dims=\"1\" loading=\"lazy\" decoding=\"async\" class=\"wp-image-63360 size-medium\" src=\"https:\/\/i0.wp.com\/www.eltrabajo.cl\/portal\/wp-content\/uploads\/2015\/10\/Pablo-Esteban-Mu%C3%B1oz-Cepeda-300x198.jpg?resize=300%2C198\" alt=\"El imputado Pablo Esteban Mu\u00f1oz Cepeda fue detenido junto a su pareja tras violencia intrafamiliar.\" width=\"300\" height=\"198\" srcset=\"https:\/\/i0.wp.com\/eltrabajo.cl\/portal\/wp-content\/uploads\/2015\/10\/Pablo-Esteban-Mu%C3%B1oz-Cepeda.jpg?resize=300%2C198&amp;ssl=1 300w, https:\/\/i0.wp.com\/eltrabajo.cl\/portal\/wp-content\/uploads\/2015\/10\/Pablo-Esteban-Mu%C3%B1oz-Cepeda.jpg?resize=200%2C132&amp;ssl=1 200w, https:\/\/i0.wp.com\/eltrabajo.cl\/portal\/wp-content\/uploads\/2015\/10\/Pablo-Esteban-Mu%C3%B1oz-Cepeda.jpg?resize=227%2C150&amp;ssl=1 227w, https:\/\/i0.wp.com\/eltrabajo.cl\/portal\/wp-content\/uploads\/2015\/10\/Pablo-Esteban-Mu%C3%B1oz-Cepeda.jpg?resize=400%2C264&amp;ssl=1 400w, https:\/\/i0.wp.com\/eltrabajo.cl\/portal\/wp-content\/uploads\/2015\/10\/Pablo-Esteban-Mu%C3%B1oz-Cepeda.jpg?w=530&amp;ssl=1 530w\" sizes=\"auto, (max-width: 300px) 100vw, 300px\" \/><\/a><figcaption id=\"caption-attachment-63360\" class=\"wp-caption-text\">El imputado Pablo Esteban Mu\u00f1oz Cepeda fue detenido junto a su pareja tras violencia intrafamiliar.<\/figcaption><\/figure>\n<ul>\n<li><strong>El episodio de violencia intrafamiliar ocurri\u00f3 en la villa Santa Teresita de San Felipe.<\/strong><\/li>\n<\/ul>\n<p>Una pareja fue detenida por Carabineros luego de las agresiones mutuas que se perpetraron en una vivienda de la villa Santa Teresita de San Felipe, incaut\u00e1ndose adem\u00e1s una escopeta hechiza, siendo ambos procesados por la justicia.<br \/>\nEl hecho se habr\u00eda originado en horas de la madrugada del pasado martes cuando Carabineros fue alertado de un episodio de violencia intrafamiliar en dicho sector de esta comuna. De acuerdo al relato que entreg\u00f3 la v\u00edctima de 21 a\u00f1os de edad a los funcionarios policiales, detalla que su pareja se encontraba bebiendo alcohol cuando se origin\u00f3 una discusi\u00f3n motivada por celos, reaccionando de manera violenta en contra de la mujer, a quien habr\u00eda empujado contra el muro para golpearla y apretar fuertemente su cuello. Estas agresiones habr\u00edan continuado cuando el sujeto habr\u00eda tomado el palo de un escobill\u00f3n y habr\u00eda golpeado su espalda, quedando inmovilizada en el piso.<\/p>\n<figure id=\"attachment_63361\" aria-describedby=\"caption-attachment-63361\" style=\"width: 300px\" class=\"wp-caption alignright\"><a href=\"https:\/\/i0.wp.com\/www.eltrabajo.cl\/portal\/wp-content\/uploads\/2015\/10\/ESCOPETA-HECHIZA11.jpg\"><img data-recalc-dims=\"1\" loading=\"lazy\" decoding=\"async\" class=\"wp-image-63361 size-medium\" src=\"https:\/\/i0.wp.com\/www.eltrabajo.cl\/portal\/wp-content\/uploads\/2015\/10\/ESCOPETA-HECHIZA11-300x197.jpg?resize=300%2C197\" alt=\"El arma hechiza fue incautada por Carabineros al interior de una vivienda de la Villa Santa Teresita de San Felipe.\" width=\"300\" height=\"197\" srcset=\"https:\/\/i0.wp.com\/eltrabajo.cl\/portal\/wp-content\/uploads\/2015\/10\/ESCOPETA-HECHIZA11.jpg?resize=300%2C197&amp;ssl=1 300w, https:\/\/i0.wp.com\/eltrabajo.cl\/portal\/wp-content\/uploads\/2015\/10\/ESCOPETA-HECHIZA11.jpg?resize=200%2C131&amp;ssl=1 200w, https:\/\/i0.wp.com\/eltrabajo.cl\/portal\/wp-content\/uploads\/2015\/10\/ESCOPETA-HECHIZA11.jpg?resize=228%2C150&amp;ssl=1 228w, https:\/\/i0.wp.com\/eltrabajo.cl\/portal\/wp-content\/uploads\/2015\/10\/ESCOPETA-HECHIZA11.jpg?resize=400%2C263&amp;ssl=1 400w, https:\/\/i0.wp.com\/eltrabajo.cl\/portal\/wp-content\/uploads\/2015\/10\/ESCOPETA-HECHIZA11.jpg?w=530&amp;ssl=1 530w\" sizes=\"auto, (max-width: 300px) 100vw, 300px\" \/><\/a><figcaption id=\"caption-attachment-63361\" class=\"wp-caption-text\">El arma hechiza fue incautada por Carabineros al interior de una vivienda de la Villa Santa Teresita de San Felipe.<\/figcaption><\/figure>\n<p>Ante esta brutal agresi\u00f3n, la v\u00edctima se\u00f1ala que se defendi\u00f3 por medio de mordiscos para evitar seguir siendo maltratada por su pareja que se encontraba completamente enardecido. Ante la llegada de Carabineros, la mujer luego de afirmar la violencia intrafamiliar, se\u00f1al\u00f3 adem\u00e1s que su conviviente manten\u00eda oculta dentro de la vivienda una escopeta hechiza, armamento que fue incautado por Carabineros.<br \/>\nPor agresiones mutuas y la incautaci\u00f3n de un arma de fuego, ambos fueron detenidos, siendo trasladados hasta el servicio de urgencias del Hospital San Camilo. La mujer identificada con las iniciales B.S.T.O de 21 a\u00f1os result\u00f3 con lesiones leves, mientras que el imputado Pablo Esteban Mu\u00f1oz Cepeda de 27 result\u00f3 con heridas de mordedura leves.<br \/>\nAmbos detenidos fueron procesados en el Juzgado de Garant\u00eda de San Felipe para ser requeridos por la Fiscal\u00eda por lesiones en contexto de violencia intrafamiliar, agreg\u00e1ndose el cargo de tenencia ilegal de arma de fuego al imputado, a quien se le orden\u00f3 firmar mensualmente en Carabineros y la prohibici\u00f3n de acercarse a su pareja. Esta \u00faltima cautelar fue decretada para la mujer mientras el Ministerio P\u00fablico investiga el caso.<br \/>\n<strong>Pablo Salinas Sald\u00edas<\/strong><\/p>\n","protected":false},"excerpt":{"rendered":"<p>El episodio de violencia intrafamiliar ocurri\u00f3 en la villa Santa Teresita de San Felipe. Una pareja fue detenida por Carabineros luego de las agresiones mutuas que se perpetraron en una vivienda de&#8230;<\/p>\n","protected":false},"author":482,"featured_media":63360,"comment_status":"open","ping_status":"open","sticky":false,"template":"","format":"standard","meta":{"advanced_seo_description":"","jetpack_seo_html_title":"","jetpack_seo_noindex":false,"_jetpack_memberships_contains_paid_content":false,"footnotes":""},"categories":[21],"tags":[],"class_list":["post-63359","post","type-post","status-publish","format-standard","has-post-thumbnail","hentry","category-policial"],"jetpack_featured_media_url":"https:\/\/i0.wp.com\/eltrabajo.cl\/portal\/wp-content\/uploads\/2015\/10\/Pablo-Esteban-Mu%C3%B1oz-Cepeda.jpg?fit=530%2C350&ssl=1","jetpack_sharing_enabled":true,"jetpack_likes_enabled":true,"jetpack-related-posts":[],"_links":{"self":[{"href":"https:\/\/eltrabajo.cl\/portal\/wp-json\/wp\/v2\/posts\/63359","targetHints":{"allow":["GET"]}}],"collection":[{"href":"https:\/\/eltrabajo.cl\/portal\/wp-json\/wp\/v2\/posts"}],"about":[{"href":"https:\/\/eltrabajo.cl\/portal\/wp-json\/wp\/v2\/types\/post"}],"author":[{"embeddable":true,"href":"https:\/\/eltrabajo.cl\/portal\/wp-json\/wp\/v2\/users\/482"}],"replies":[{"embeddable":true,"href":"https:\/\/eltrabajo.cl\/portal\/wp-json\/wp\/v2\/comments?post=63359"}],"version-history":[{"count":0,"href":"https:\/\/eltrabajo.cl\/portal\/wp-json\/wp\/v2\/posts\/63359\/revisions"}],"wp:featuredmedia":[{"embeddable":true,"href":"https:\/\/eltrabajo.cl\/portal\/wp-json\/wp\/v2\/media\/63360"}],"wp:attachment":[{"href":"https:\/\/eltrabajo.cl\/portal\/wp-json\/wp\/v2\/media?parent=63359"}],"wp:term":[{"taxonomy":"category","embeddable":true,"href":"https:\/\/eltrabajo.cl\/portal\/wp-json\/wp\/v2\/categories?post=63359"},{"taxonomy":"post_tag","embeddable":true,"href":"https:\/\/eltrabajo.cl\/portal\/wp-json\/wp\/v2\/tags?post=63359"}],"curies":[{"name":"wp","href":"https:\/\/api.w.org\/{rel}","templated":true}]}}