{"id":63367,"date":"2015-10-30T08:59:48","date_gmt":"2015-10-30T11:59:48","guid":{"rendered":"http:\/\/www.eltrabajo.cl\/portal\/?p=63367"},"modified":"2015-10-30T08:59:48","modified_gmt":"2015-10-30T11:59:48","slug":"escuela-carmela-carvajal-obtiene-primeros-lugares-en-maraton-deportivo","status":"publish","type":"post","link":"https:\/\/eltrabajo.cl\/portal\/escuela-carmela-carvajal-obtiene-primeros-lugares-en-maraton-deportivo\/","title":{"rendered":"Escuela Carmela Carvajal obtiene primeros lugares en marat\u00f3n deportivo"},"content":{"rendered":"<figure id=\"attachment_63368\" aria-describedby=\"caption-attachment-63368\" style=\"width: 300px\" class=\"wp-caption alignleft\"><a href=\"https:\/\/i0.wp.com\/www.eltrabajo.cl\/portal\/wp-content\/uploads\/2015\/10\/Ganadores1.jpg\"><img data-recalc-dims=\"1\" loading=\"lazy\" decoding=\"async\" class=\"wp-image-63368 size-medium\" src=\"https:\/\/i0.wp.com\/www.eltrabajo.cl\/portal\/wp-content\/uploads\/2015\/10\/Ganadores1-300x198.jpg?resize=300%2C198\" alt=\"LOS MEJORES.- Estos campeones muestran a Diario El Trabajo sus diplomas que los acreditan como ganadores en sus categor\u00edas.\" width=\"300\" height=\"198\" srcset=\"https:\/\/i0.wp.com\/eltrabajo.cl\/portal\/wp-content\/uploads\/2015\/10\/Ganadores1.jpg?resize=300%2C198&amp;ssl=1 300w, https:\/\/i0.wp.com\/eltrabajo.cl\/portal\/wp-content\/uploads\/2015\/10\/Ganadores1.jpg?resize=200%2C132&amp;ssl=1 200w, https:\/\/i0.wp.com\/eltrabajo.cl\/portal\/wp-content\/uploads\/2015\/10\/Ganadores1.jpg?resize=227%2C150&amp;ssl=1 227w, https:\/\/i0.wp.com\/eltrabajo.cl\/portal\/wp-content\/uploads\/2015\/10\/Ganadores1.jpg?resize=400%2C264&amp;ssl=1 400w, https:\/\/i0.wp.com\/eltrabajo.cl\/portal\/wp-content\/uploads\/2015\/10\/Ganadores1.jpg?w=530&amp;ssl=1 530w\" sizes=\"auto, (max-width: 300px) 100vw, 300px\" \/><\/a><figcaption id=\"caption-attachment-63368\" class=\"wp-caption-text\">LOS MEJORES.- Estos campeones muestran a Diario El Trabajo sus diplomas que los acreditan como ganadores en sus categor\u00edas.<\/figcaption><\/figure>\n<p>Acogiendo la invitaci\u00f3n realizada por la Direcci\u00f3n de la Escuela San Rafael, un grupo de alumnos de la Escuela Carmela Carvajal de Curim\u00f3n se traslad\u00f3 junto a su profesor de Educaci\u00f3n F\u00edsica, Gabriel Urtubia P\u00e9rez, a la localidad de San Rafael, a objeto de participar en la tradicional corrida estudiantil organizada por la escuela de esa localidad.<br \/>\nEl objetivo de esta actividad tiene que ver con la participaci\u00f3n y pr\u00e1ctica deportiva de manera recreativa, con la finalidad de mantener una forma de vida saludable, generando lazos y sociabilizando con alumnos de otros establecimientos educacionales. El recorrido se realiz\u00f3 en dos categor\u00edas, 2.000 y 5.000 metros, en las que participan alumnos, apoderados y vecinos del sector.<br \/>\nEn esta oportunidad la Escuela Carmela Carvajal de Prat fue representada por Brandon Cortez, Donovan Vargas, Francisco Celed\u00f3n, Mart\u00edn Hern\u00e1ndez, Dhylan Ortiz, Lucas Llopis, Carcris Aguilar, Luis Vergara y Camilo Salinas. Alumnos de cuarto, quinto y octavo b\u00e1sico.<\/p>\n<figure id=\"attachment_63369\" aria-describedby=\"caption-attachment-63369\" style=\"width: 300px\" class=\"wp-caption alignright\"><a href=\"https:\/\/i0.wp.com\/www.eltrabajo.cl\/portal\/wp-content\/uploads\/2015\/10\/Ganadores2.jpg\"><img data-recalc-dims=\"1\" loading=\"lazy\" decoding=\"async\" class=\"wp-image-63369 size-medium\" src=\"https:\/\/i0.wp.com\/www.eltrabajo.cl\/portal\/wp-content\/uploads\/2015\/10\/Ganadores2-300x198.jpg?resize=300%2C198\" alt=\"MUCHO DEPORTE.- Con esta premiaci\u00f3n, la Escuela Carmela Carvajal suma una serie de destacadas asistencias a diferentes actividades que potencian la formaci\u00f3n integral de los alumnos.\" width=\"300\" height=\"198\" srcset=\"https:\/\/i0.wp.com\/eltrabajo.cl\/portal\/wp-content\/uploads\/2015\/10\/Ganadores2.jpg?resize=300%2C198&amp;ssl=1 300w, https:\/\/i0.wp.com\/eltrabajo.cl\/portal\/wp-content\/uploads\/2015\/10\/Ganadores2.jpg?resize=200%2C132&amp;ssl=1 200w, https:\/\/i0.wp.com\/eltrabajo.cl\/portal\/wp-content\/uploads\/2015\/10\/Ganadores2.jpg?resize=227%2C150&amp;ssl=1 227w, https:\/\/i0.wp.com\/eltrabajo.cl\/portal\/wp-content\/uploads\/2015\/10\/Ganadores2.jpg?resize=400%2C264&amp;ssl=1 400w, https:\/\/i0.wp.com\/eltrabajo.cl\/portal\/wp-content\/uploads\/2015\/10\/Ganadores2.jpg?w=530&amp;ssl=1 530w\" sizes=\"auto, (max-width: 300px) 100vw, 300px\" \/><\/a><figcaption id=\"caption-attachment-63369\" class=\"wp-caption-text\">MUCHO DEPORTE.- Con esta premiaci\u00f3n, la Escuela Carmela Carvajal suma una serie de destacadas asistencias a diferentes actividades que potencian la formaci\u00f3n integral de los alumnos.<\/figcaption><\/figure>\n<p><strong>LOS CAMPEONES<\/strong><br \/>\nEl primer lugar en categor\u00eda de 2.000 metros lo obtuvo Brandon Cortez, el Segundo lugar Dhylan Ort\u00edz y el Tercer lugar Donovan Vargas de la misma escuela, mientras que en la categor\u00eda de 5.000 metros, el Primer lugar lo obtuvo el alumno Luis Vergara de octavo a\u00f1o b\u00e1sico de la misma escuela. Con esta premiaci\u00f3n la escuela suma una serie de destacadas asistencias a diferentes actividades que potencian la formaci\u00f3n integral de los alumnos, promoviendo adem\u00e1s el desarrollo de habilidades sociales; el respeto a la diversidad; la sana competencia, tomar conciencia respecto a las capacidades individuales y colectivas, todo esto con una fuerte vinculaci\u00f3n con la localidad y sectores aleda\u00f1os a Curim\u00f3n.<br \/>\nAna Mar\u00eda Donoso Leiva, directora de la Escuela Carmela Carvajal, se\u00f1al\u00f3 que \u00abuno de nuestros sellos institucionales declarado en nuestro Proyecto Educativo, es la vinculaci\u00f3n con el contexto local, cultural e hist\u00f3rico de nuestra localidad, contar con oportunidades de participaci\u00f3n en el \u00e1mbito de la promoci\u00f3n de estilos de vida saludable, nos permite vincularnos con una mirada formativa pero a la vez integradora entre escuelas hermanas, tal como lo propone en sus orientaciones nuestro alcalde Patricio Freire Canto, el Departamento de Educaci\u00f3n Municipal de San Felipe y el Ministerio de Educaci\u00f3n\u00bb, dijo Donoso a Diario El Trabajo.<br \/>\n<strong>Roberto Gonz\u00e1lez Short<\/strong><br \/>\n<strong>rgonzalez@eltrabajo.cl<\/strong><\/p>\n","protected":false},"excerpt":{"rendered":"<p>Acogiendo la invitaci\u00f3n realizada por la Direcci\u00f3n de la Escuela San Rafael, un grupo de alumnos de la Escuela Carmela Carvajal de Curim\u00f3n se traslad\u00f3 junto a su profesor de Educaci\u00f3n F\u00edsica,&#8230;<\/p>\n","protected":false},"author":482,"featured_media":63368,"comment_status":"open","ping_status":"open","sticky":false,"template":"","format":"standard","meta":{"advanced_seo_description":"","jetpack_seo_html_title":"","jetpack_seo_noindex":false,"_jetpack_memberships_contains_paid_content":false,"footnotes":""},"categories":[15],"tags":[],"class_list":["post-63367","post","type-post","status-publish","format-standard","has-post-thumbnail","hentry","category-comunidad"],"jetpack_featured_media_url":"https:\/\/i0.wp.com\/eltrabajo.cl\/portal\/wp-content\/uploads\/2015\/10\/Ganadores1.jpg?fit=530%2C350&ssl=1","jetpack_sharing_enabled":true,"jetpack_likes_enabled":true,"jetpack-related-posts":[],"_links":{"self":[{"href":"https:\/\/eltrabajo.cl\/portal\/wp-json\/wp\/v2\/posts\/63367","targetHints":{"allow":["GET"]}}],"collection":[{"href":"https:\/\/eltrabajo.cl\/portal\/wp-json\/wp\/v2\/posts"}],"about":[{"href":"https:\/\/eltrabajo.cl\/portal\/wp-json\/wp\/v2\/types\/post"}],"author":[{"embeddable":true,"href":"https:\/\/eltrabajo.cl\/portal\/wp-json\/wp\/v2\/users\/482"}],"replies":[{"embeddable":true,"href":"https:\/\/eltrabajo.cl\/portal\/wp-json\/wp\/v2\/comments?post=63367"}],"version-history":[{"count":0,"href":"https:\/\/eltrabajo.cl\/portal\/wp-json\/wp\/v2\/posts\/63367\/revisions"}],"wp:featuredmedia":[{"embeddable":true,"href":"https:\/\/eltrabajo.cl\/portal\/wp-json\/wp\/v2\/media\/63368"}],"wp:attachment":[{"href":"https:\/\/eltrabajo.cl\/portal\/wp-json\/wp\/v2\/media?parent=63367"}],"wp:term":[{"taxonomy":"category","embeddable":true,"href":"https:\/\/eltrabajo.cl\/portal\/wp-json\/wp\/v2\/categories?post=63367"},{"taxonomy":"post_tag","embeddable":true,"href":"https:\/\/eltrabajo.cl\/portal\/wp-json\/wp\/v2\/tags?post=63367"}],"curies":[{"name":"wp","href":"https:\/\/api.w.org\/{rel}","templated":true}]}}