{"id":63374,"date":"2015-10-30T09:02:51","date_gmt":"2015-10-30T12:02:51","guid":{"rendered":"http:\/\/www.eltrabajo.cl\/portal\/?p=63374"},"modified":"2015-10-30T09:02:51","modified_gmt":"2015-10-30T12:02:51","slug":"municipio-busca-intensificar-actividades-deportivas-para-llayllainos","status":"publish","type":"post","link":"https:\/\/eltrabajo.cl\/portal\/municipio-busca-intensificar-actividades-deportivas-para-llayllainos\/","title":{"rendered":"Municipio busca intensificar actividades deportivas para Llaylla\u00ednos"},"content":{"rendered":"<figure id=\"attachment_63375\" aria-describedby=\"caption-attachment-63375\" style=\"width: 300px\" class=\"wp-caption alignleft\"><a href=\"https:\/\/i0.wp.com\/www.eltrabajo.cl\/portal\/wp-content\/uploads\/2015\/10\/Equipo-depto.-deporte-Llay-llay.jpg\"><img data-recalc-dims=\"1\" loading=\"lazy\" decoding=\"async\" class=\"wp-image-63375 size-medium\" src=\"https:\/\/i0.wp.com\/www.eltrabajo.cl\/portal\/wp-content\/uploads\/2015\/10\/Equipo-depto.-deporte-Llay-llay-300x199.jpg?resize=300%2C199\" alt=\"En la foto, el equipo que conforma el departamento de deportes del municipio: Sebasti\u00e1n Galleguillos, Gloria Araya y Patricio Cort\u00e9s.\" width=\"300\" height=\"199\" srcset=\"https:\/\/i0.wp.com\/eltrabajo.cl\/portal\/wp-content\/uploads\/2015\/10\/Equipo-depto.-deporte-Llay-llay.jpg?resize=300%2C199&amp;ssl=1 300w, https:\/\/i0.wp.com\/eltrabajo.cl\/portal\/wp-content\/uploads\/2015\/10\/Equipo-depto.-deporte-Llay-llay.jpg?resize=200%2C133&amp;ssl=1 200w, https:\/\/i0.wp.com\/eltrabajo.cl\/portal\/wp-content\/uploads\/2015\/10\/Equipo-depto.-deporte-Llay-llay.jpg?resize=226%2C150&amp;ssl=1 226w, https:\/\/i0.wp.com\/eltrabajo.cl\/portal\/wp-content\/uploads\/2015\/10\/Equipo-depto.-deporte-Llay-llay.jpg?resize=400%2C265&amp;ssl=1 400w, https:\/\/i0.wp.com\/eltrabajo.cl\/portal\/wp-content\/uploads\/2015\/10\/Equipo-depto.-deporte-Llay-llay.jpg?w=528&amp;ssl=1 528w\" sizes=\"auto, (max-width: 300px) 100vw, 300px\" \/><\/a><figcaption id=\"caption-attachment-63375\" class=\"wp-caption-text\">En la foto, el equipo que conforma el departamento de deportes del municipio: Sebasti\u00e1n Galleguillos, Gloria Araya y Patricio Cort\u00e9s.<\/figcaption><\/figure>\n<p><strong>LLAY LLAY.-<\/strong> La oficina del deporte municipal de Llay Llay tiene un nuevo integrante, se trata del profesor Sebasti\u00e1n Galleguillos. Un joven profesional que junto a Gloria Araya, Misael Carrasco, Patricio Cortes y el respaldo de la Municipalidad de Llay Llay trabajan para crear proyectos y intensificar las actividades deportivas en la ciudad.<br \/>\nUn desaf\u00edo que Galleguillos acepta con entusiasmo y mucha energ\u00eda \u201ctengo mucho que aprender, hay un buen trabajo que realiza la se\u00f1ora Gloria Araya y que obviamente es una gu\u00eda a seguir\u201d.<br \/>\nEl joven profesional llaylla\u00edno es oriundo del sector El Porvenir. Como profesor de Educaci\u00f3n F\u00edsica y T\u00e9cnico Deportivo su objetivo apunta a trabajar por el Deporte de Llay Llay \u201caumentar las horas de clases de escalada y de Plazas Activas. Y obviamente en verano, intensificar las clases de nataci\u00f3n e hidrogimnasia\u201d.<br \/>\nUn equipo que busca generar proyectos que fortalezcan la actividad deportiva y las diferentes disciplinas. Por ello, todas las instituciones deportivas: clubes, cheerleaders, escuelas; y todas las instituciones ligadas al Deporte de Llay Llay, pueden acercarse a las dependencias de Patricio Lynch o llamar al tel\u00e9fono 034-2498663 y proponer sus respectivas iniciativas.<br \/>\n<strong>Marianela Quevedo<\/strong><\/p>\n","protected":false},"excerpt":{"rendered":"<p>LLAY LLAY.- La oficina del deporte municipal de Llay Llay tiene un nuevo integrante, se trata del profesor Sebasti\u00e1n Galleguillos. Un joven profesional que junto a Gloria Araya, Misael Carrasco, Patricio Cortes&#8230;<\/p>\n","protected":false},"author":482,"featured_media":63375,"comment_status":"open","ping_status":"open","sticky":false,"template":"","format":"standard","meta":{"advanced_seo_description":"","jetpack_seo_html_title":"","jetpack_seo_noindex":false,"_jetpack_memberships_contains_paid_content":false,"footnotes":""},"categories":[15],"tags":[],"class_list":["post-63374","post","type-post","status-publish","format-standard","has-post-thumbnail","hentry","category-comunidad"],"jetpack_featured_media_url":"https:\/\/i0.wp.com\/eltrabajo.cl\/portal\/wp-content\/uploads\/2015\/10\/Equipo-depto.-deporte-Llay-llay.jpg?fit=528%2C350&ssl=1","jetpack_sharing_enabled":true,"jetpack_likes_enabled":true,"jetpack-related-posts":[],"_links":{"self":[{"href":"https:\/\/eltrabajo.cl\/portal\/wp-json\/wp\/v2\/posts\/63374","targetHints":{"allow":["GET"]}}],"collection":[{"href":"https:\/\/eltrabajo.cl\/portal\/wp-json\/wp\/v2\/posts"}],"about":[{"href":"https:\/\/eltrabajo.cl\/portal\/wp-json\/wp\/v2\/types\/post"}],"author":[{"embeddable":true,"href":"https:\/\/eltrabajo.cl\/portal\/wp-json\/wp\/v2\/users\/482"}],"replies":[{"embeddable":true,"href":"https:\/\/eltrabajo.cl\/portal\/wp-json\/wp\/v2\/comments?post=63374"}],"version-history":[{"count":0,"href":"https:\/\/eltrabajo.cl\/portal\/wp-json\/wp\/v2\/posts\/63374\/revisions"}],"wp:featuredmedia":[{"embeddable":true,"href":"https:\/\/eltrabajo.cl\/portal\/wp-json\/wp\/v2\/media\/63375"}],"wp:attachment":[{"href":"https:\/\/eltrabajo.cl\/portal\/wp-json\/wp\/v2\/media?parent=63374"}],"wp:term":[{"taxonomy":"category","embeddable":true,"href":"https:\/\/eltrabajo.cl\/portal\/wp-json\/wp\/v2\/categories?post=63374"},{"taxonomy":"post_tag","embeddable":true,"href":"https:\/\/eltrabajo.cl\/portal\/wp-json\/wp\/v2\/tags?post=63374"}],"curies":[{"name":"wp","href":"https:\/\/api.w.org\/{rel}","templated":true}]}}