{"id":63377,"date":"2015-10-30T09:07:27","date_gmt":"2015-10-30T12:07:27","guid":{"rendered":"http:\/\/www.eltrabajo.cl\/portal\/?p=63377"},"modified":"2015-10-30T09:07:27","modified_gmt":"2015-10-30T12:07:27","slug":"flamante-escuela-jfk-celebra-con-una-gala-sus-50-anos","status":"publish","type":"post","link":"https:\/\/eltrabajo.cl\/portal\/flamante-escuela-jfk-celebra-con-una-gala-sus-50-anos\/","title":{"rendered":"Flamante Escuela JFK celebra con una gala sus 50 a\u00f1os"},"content":{"rendered":"<figure id=\"attachment_63378\" aria-describedby=\"caption-attachment-63378\" style=\"width: 300px\" class=\"wp-caption alignleft\"><a href=\"https:\/\/i0.wp.com\/www.eltrabajo.cl\/portal\/wp-content\/uploads\/2015\/10\/Premio33.jpg\"><img data-recalc-dims=\"1\" loading=\"lazy\" decoding=\"async\" class=\"wp-image-63378 size-medium\" src=\"https:\/\/i0.wp.com\/www.eltrabajo.cl\/portal\/wp-content\/uploads\/2015\/10\/Premio33-300x198.jpg?resize=300%2C198\" alt=\"CONCEJO REGAL\u00d3N.- El Concejo Municipal de San Felipe hizo entrega de un galvano especial a la Escuela JFK, lo recibi\u00f3 su directora Marianela Parada Salinas.\" width=\"300\" height=\"198\" srcset=\"https:\/\/i0.wp.com\/eltrabajo.cl\/portal\/wp-content\/uploads\/2015\/10\/Premio33.jpg?resize=300%2C198&amp;ssl=1 300w, https:\/\/i0.wp.com\/eltrabajo.cl\/portal\/wp-content\/uploads\/2015\/10\/Premio33.jpg?resize=200%2C132&amp;ssl=1 200w, https:\/\/i0.wp.com\/eltrabajo.cl\/portal\/wp-content\/uploads\/2015\/10\/Premio33.jpg?resize=227%2C150&amp;ssl=1 227w, https:\/\/i0.wp.com\/eltrabajo.cl\/portal\/wp-content\/uploads\/2015\/10\/Premio33.jpg?resize=400%2C264&amp;ssl=1 400w, https:\/\/i0.wp.com\/eltrabajo.cl\/portal\/wp-content\/uploads\/2015\/10\/Premio33.jpg?w=530&amp;ssl=1 530w\" sizes=\"auto, (max-width: 300px) 100vw, 300px\" \/><\/a><figcaption id=\"caption-attachment-63378\" class=\"wp-caption-text\">CONCEJO REGAL\u00d3N.- El Concejo Municipal de San Felipe hizo entrega de un galvano especial a la Escuela JFK, lo recibi\u00f3 su directora Marianela Parada Salinas.<\/figcaption><\/figure>\n<p>Con bombos y platillos, entre aplausos del p\u00fablico y al ritmo de la banda de guerra escolar invitada del Instituto Alonso de Ercilla, arranc\u00f3 la ma\u00f1ana de este jueves la gala del 50\u00ba aniversario de la Escuela John F. Kennedy de Poblaci\u00f3n Pedro Aguirre Cerda. Al evento asisti\u00f3 toda la comunidad educativa, as\u00ed como varios concejales y el alcalde Patricio Freire.<br \/>\nFue una ma\u00f1ana de invitados y premiaciones especiales, como fue la entrega de un ramo de flores y muchos aplausos para la primera directora de esa casa de estudios, la se\u00f1ora Julia Salgado, quien goza de todo el cari\u00f1o y respeto de vecinos y autoridades.<br \/>\n\u00abEsta escuela naci\u00f3 para los hijos de la gente de trabajo y esfuerzo, que si bien a lo largo del tiempo ha experimentado much\u00edsimos cambios en el campo educativo y metodol\u00f3gico, tambi\u00e9n ha cambiado en infraestructura (\u2026) no tengo dudas de que hoy como ayer, la comunidad educativa conformada por sus directivos, docentes, apoderados y estudiantes, sigue empe\u00f1ada en hacer de esta escuela un espacio que posibilite la formaci\u00f3n en valores y aprendizaje\u00bb, dijo el alcalde Freire en su discurso.<br \/>\nEsta gala fue bendecida por el p\u00e1rroco de la Iglesia Catedral de San Felipe, Ricardo Cortez. Tambi\u00e9n hubo muestras de bailes realizadas por estudiantes de Roxana V\u00e1squez; actuaciones de ni\u00f1os que participan en el Programa 4 a 7.<\/p>\n<p><strong>BREVE RESE\u00d1A<\/strong><br \/>\nEn 1961, un grupo de obreros y empleados de Ferrocarriles del Estado, en el tiempo del alcalde Juan Fuentes, gestionaron una escuela para los ni\u00f1os del sector recientemente construido, y es as\u00ed que el 20 de febrero de 1965, abr\u00eda sus puertas a la comunidad sanfelipe\u00f1a la Escuela John F. Kennedy, dirigido por la directora, Julia Salgado. A\u00f1os m\u00e1s tarde se instituy\u00f3 celebrar el aniversario el d\u00eda 20 de octubre de cada a\u00f1o. Por esta escuela han pasado otros directores a la fecha ya son ocho personas, quienes han tenido la misi\u00f3n de dirigir este distinguido plantel educativo.<br \/>\nLa Escuela B\u00e1sica John F. Kennedy de San Felipe, es un establecimiento educacional de dependencia municipal, liderado actualmente por Marianela Parada Salinas, y acompa\u00f1ada por el equipo de gesti\u00f3n compuesto por la Jefa de Unidad T\u00e9cnica, Carla Contreras; Rodrigo Ortega y la encargada de convivencia, Giovanna Mu\u00f1oz.<br \/>\n\u00abNuestra escuela cuenta con varios programas de apoyo, entre ellos los programas de Alimentaci\u00f3n Escolar; Senda Previene; \u00datiles Escolares; Salud Escolar; Programa Integraci\u00f3n Escolar; Habilidades para la vida, y un moderno Centro de Recursos de Aprendizaje (Biblioteca CRA), tambi\u00e9n este a\u00f1o se incorpor\u00f3 en nuestra escuela el \u2018Programa 4 a 7 para que trabajes tranquila\u2019\u00bb, coment\u00f3 la directora de la Escuela JFK, Marianela Parada.<br \/>\n<strong>Roberto Gonz\u00e1lez Short<\/strong><br \/>\n<strong>rgonzalez@eltrabajo.cl<\/strong><\/p>\n<div class=\"tiled-gallery type-rectangular tiled-gallery-unresized\" data-original-width=\"640\" data-carousel-extra='null' itemscope itemtype=\"http:\/\/schema.org\/ImageGallery\" > <div class=\"gallery-row\" style=\"width: 640px; height: 284px;\" data-original-width=\"640\" data-original-height=\"284\" > <div class=\"gallery-group images-1\" style=\"width: 427px; height: 284px;\" data-original-width=\"427\" data-original-height=\"284\" > <div class=\"tiled-gallery-item tiled-gallery-item-large\" itemprop=\"associatedMedia\" itemscope itemtype=\"http:\/\/schema.org\/ImageObject\"> <a href=\"https:\/\/eltrabajo.cl\/portal\/flamante-escuela-jfk-celebra-con-una-gala-sus-50-anos\/bailes1-4\/\" border=\"0\" itemprop=\"url\"> <meta itemprop=\"width\" content=\"423\"> <meta itemprop=\"height\" content=\"280\"> <img decoding=\"async\" class=\"\" data-attachment-id=\"63379\" data-orig-file=\"https:\/\/eltrabajo.cl\/portal\/wp-content\/uploads\/2015\/10\/Bailes1.jpg\" data-orig-size=\"528,350\" data-comments-opened=\"1\" data-image-meta=\"{&quot;aperture&quot;:&quot;0&quot;,&quot;credit&quot;:&quot;&quot;,&quot;camera&quot;:&quot;&quot;,&quot;caption&quot;:&quot;&quot;,&quot;created_timestamp&quot;:&quot;0&quot;,&quot;copyright&quot;:&quot;&quot;,&quot;focal_length&quot;:&quot;0&quot;,&quot;iso&quot;:&quot;0&quot;,&quot;shutter_speed&quot;:&quot;0&quot;,&quot;title&quot;:&quot;&quot;,&quot;orientation&quot;:&quot;0&quot;}\" data-image-title=\"Bailes1\" data-image-description=\"&lt;p&gt;BAILARINAS ESPECIALES.- Estas peque\u00f1itas, quienes cursan de prekinder a 8\u00ba b\u00e1sico, tambi\u00e9n pertenecen al \u2018Programa 4 a 7 para que trabajes tranquila\u2019, bailaron agraciadamente para los presentes.&lt;\/p&gt; \" data-medium-file=\"https:\/\/i0.wp.com\/eltrabajo.cl\/portal\/wp-content\/uploads\/2015\/10\/Bailes1.jpg?fit=300%2C199&#038;ssl=1\" data-large-file=\"https:\/\/i0.wp.com\/eltrabajo.cl\/portal\/wp-content\/uploads\/2015\/10\/Bailes1.jpg?fit=528%2C350&#038;ssl=1\" src=\"https:\/\/i0.wp.com\/eltrabajo.cl\/portal\/wp-content\/uploads\/2015\/10\/Bailes1.jpg?w=423&#038;h=280&#038;ssl=1\" srcset=\"https:\/\/i0.wp.com\/eltrabajo.cl\/portal\/wp-content\/uploads\/2015\/10\/Bailes1.jpg?w=528&amp;ssl=1 528w, https:\/\/i0.wp.com\/eltrabajo.cl\/portal\/wp-content\/uploads\/2015\/10\/Bailes1.jpg?resize=200%2C133&amp;ssl=1 200w, https:\/\/i0.wp.com\/eltrabajo.cl\/portal\/wp-content\/uploads\/2015\/10\/Bailes1.jpg?resize=300%2C199&amp;ssl=1 300w, https:\/\/i0.wp.com\/eltrabajo.cl\/portal\/wp-content\/uploads\/2015\/10\/Bailes1.jpg?resize=226%2C150&amp;ssl=1 226w, https:\/\/i0.wp.com\/eltrabajo.cl\/portal\/wp-content\/uploads\/2015\/10\/Bailes1.jpg?resize=400%2C265&amp;ssl=1 400w\" width=\"423\" height=\"280\" loading=\"lazy\" data-original-width=\"423\" data-original-height=\"280\" itemprop=\"http:\/\/schema.org\/image\" title=\"Bailes1\" alt=\"BAILARINAS ESPECIALES.- Estas peque\u00f1itas, quienes cursan de prekinder a 8\u00ba b\u00e1sico, tambi\u00e9n pertenecen al \u2018Programa 4 a 7 para que trabajes tranquila\u2019, bailaron agraciadamente para los presentes.\" style=\"width: 423px; height: 280px;\" \/> <\/a> <div class=\"tiled-gallery-caption\" itemprop=\"caption description\"> BAILARINAS ESPECIALES.- Estas peque\u00f1itas, quienes cursan de prekinder a 8\u00ba b\u00e1sico, tambi\u00e9n pertenecen al \u2018Programa 4 a 7 para que trabajes tranquila\u2019, bailaron agraciadamente para los presentes. <\/div> <\/div> <\/div> <!-- close group --> <div class=\"gallery-group images-2\" style=\"width: 213px; height: 284px;\" data-original-width=\"213\" data-original-height=\"284\" > <div class=\"tiled-gallery-item tiled-gallery-item-small\" itemprop=\"associatedMedia\" itemscope itemtype=\"http:\/\/schema.org\/ImageObject\"> <a href=\"https:\/\/eltrabajo.cl\/portal\/flamante-escuela-jfk-celebra-con-una-gala-sus-50-anos\/banda33-2\/\" border=\"0\" itemprop=\"url\"> <meta itemprop=\"width\" content=\"209\"> <meta itemprop=\"height\" content=\"138\"> <img decoding=\"async\" class=\"\" data-attachment-id=\"63380\" data-orig-file=\"https:\/\/eltrabajo.cl\/portal\/wp-content\/uploads\/2015\/10\/Banda331.jpg\" data-orig-size=\"530,350\" data-comments-opened=\"1\" data-image-meta=\"{&quot;aperture&quot;:&quot;0&quot;,&quot;credit&quot;:&quot;&quot;,&quot;camera&quot;:&quot;&quot;,&quot;caption&quot;:&quot;&quot;,&quot;created_timestamp&quot;:&quot;0&quot;,&quot;copyright&quot;:&quot;&quot;,&quot;focal_length&quot;:&quot;0&quot;,&quot;iso&quot;:&quot;0&quot;,&quot;shutter_speed&quot;:&quot;0&quot;,&quot;title&quot;:&quot;&quot;,&quot;orientation&quot;:&quot;0&quot;}\" data-image-title=\"Banda33\" data-image-description=\"&lt;p&gt;BANDA DE LUJO.- El Colegio Alonso Ercilla, se hizo presente con su Banda Instrumental, haciendo un saludo a la Escuela John F. Kennedy en su 50\u00ba Aniversario.&lt;\/p&gt; \" data-medium-file=\"https:\/\/i0.wp.com\/eltrabajo.cl\/portal\/wp-content\/uploads\/2015\/10\/Banda331.jpg?fit=300%2C198&#038;ssl=1\" data-large-file=\"https:\/\/i0.wp.com\/eltrabajo.cl\/portal\/wp-content\/uploads\/2015\/10\/Banda331.jpg?fit=530%2C350&#038;ssl=1\" src=\"https:\/\/i0.wp.com\/eltrabajo.cl\/portal\/wp-content\/uploads\/2015\/10\/Banda331.jpg?w=209&#038;h=138&#038;ssl=1\" srcset=\"https:\/\/i0.wp.com\/eltrabajo.cl\/portal\/wp-content\/uploads\/2015\/10\/Banda331.jpg?w=530&amp;ssl=1 530w, https:\/\/i0.wp.com\/eltrabajo.cl\/portal\/wp-content\/uploads\/2015\/10\/Banda331.jpg?resize=200%2C132&amp;ssl=1 200w, https:\/\/i0.wp.com\/eltrabajo.cl\/portal\/wp-content\/uploads\/2015\/10\/Banda331.jpg?resize=300%2C198&amp;ssl=1 300w, https:\/\/i0.wp.com\/eltrabajo.cl\/portal\/wp-content\/uploads\/2015\/10\/Banda331.jpg?resize=227%2C150&amp;ssl=1 227w, https:\/\/i0.wp.com\/eltrabajo.cl\/portal\/wp-content\/uploads\/2015\/10\/Banda331.jpg?resize=400%2C264&amp;ssl=1 400w\" width=\"209\" height=\"138\" loading=\"lazy\" data-original-width=\"209\" data-original-height=\"138\" itemprop=\"http:\/\/schema.org\/image\" title=\"Banda33\" alt=\"BANDA DE LUJO.- El Colegio Alonso Ercilla, se hizo presente con su Banda Instrumental, haciendo un saludo a la Escuela John F. Kennedy en su 50\u00ba Aniversario.\" style=\"width: 209px; height: 138px;\" \/> <\/a> <div class=\"tiled-gallery-caption\" itemprop=\"caption description\"> BANDA DE LUJO.- El Colegio Alonso Ercilla, se hizo presente con su Banda Instrumental, haciendo un saludo a la Escuela John F. Kennedy en su 50\u00ba Aniversario. <\/div> <\/div> <div class=\"tiled-gallery-item tiled-gallery-item-small\" itemprop=\"associatedMedia\" itemscope itemtype=\"http:\/\/schema.org\/ImageObject\"> <a href=\"https:\/\/eltrabajo.cl\/portal\/flamante-escuela-jfk-celebra-con-una-gala-sus-50-anos\/julia-salgado\/\" border=\"0\" itemprop=\"url\"> <meta itemprop=\"width\" content=\"209\"> <meta itemprop=\"height\" content=\"138\"> <img decoding=\"async\" class=\"\" data-attachment-id=\"63381\" data-orig-file=\"https:\/\/eltrabajo.cl\/portal\/wp-content\/uploads\/2015\/10\/Julia-Salgado.jpg\" data-orig-size=\"530,350\" data-comments-opened=\"1\" data-image-meta=\"{&quot;aperture&quot;:&quot;0&quot;,&quot;credit&quot;:&quot;&quot;,&quot;camera&quot;:&quot;&quot;,&quot;caption&quot;:&quot;&quot;,&quot;created_timestamp&quot;:&quot;0&quot;,&quot;copyright&quot;:&quot;&quot;,&quot;focal_length&quot;:&quot;0&quot;,&quot;iso&quot;:&quot;0&quot;,&quot;shutter_speed&quot;:&quot;0&quot;,&quot;title&quot;:&quot;&quot;,&quot;orientation&quot;:&quot;0&quot;}\" data-image-title=\"Julia Salgado\" data-image-description=\"&lt;p&gt;TESORO VIVIENTE.- La se\u00f1ora Julia Salgado, quien goza de todo el cari\u00f1o y respeto de vecinos y autoridades, recibi\u00f3 este ramo de flores y el cari\u00f1o de los presentes.&lt;\/p&gt; \" data-medium-file=\"https:\/\/i0.wp.com\/eltrabajo.cl\/portal\/wp-content\/uploads\/2015\/10\/Julia-Salgado.jpg?fit=300%2C198&#038;ssl=1\" data-large-file=\"https:\/\/i0.wp.com\/eltrabajo.cl\/portal\/wp-content\/uploads\/2015\/10\/Julia-Salgado.jpg?fit=530%2C350&#038;ssl=1\" src=\"https:\/\/i0.wp.com\/eltrabajo.cl\/portal\/wp-content\/uploads\/2015\/10\/Julia-Salgado.jpg?w=209&#038;h=138&#038;ssl=1\" srcset=\"https:\/\/i0.wp.com\/eltrabajo.cl\/portal\/wp-content\/uploads\/2015\/10\/Julia-Salgado.jpg?w=530&amp;ssl=1 530w, https:\/\/i0.wp.com\/eltrabajo.cl\/portal\/wp-content\/uploads\/2015\/10\/Julia-Salgado.jpg?resize=200%2C132&amp;ssl=1 200w, https:\/\/i0.wp.com\/eltrabajo.cl\/portal\/wp-content\/uploads\/2015\/10\/Julia-Salgado.jpg?resize=300%2C198&amp;ssl=1 300w, https:\/\/i0.wp.com\/eltrabajo.cl\/portal\/wp-content\/uploads\/2015\/10\/Julia-Salgado.jpg?resize=227%2C150&amp;ssl=1 227w, https:\/\/i0.wp.com\/eltrabajo.cl\/portal\/wp-content\/uploads\/2015\/10\/Julia-Salgado.jpg?resize=400%2C264&amp;ssl=1 400w\" width=\"209\" height=\"138\" loading=\"lazy\" data-original-width=\"209\" data-original-height=\"138\" itemprop=\"http:\/\/schema.org\/image\" title=\"Julia Salgado\" alt=\"TESORO VIVIENTE.- La se\u00f1ora Julia Salgado, quien goza de todo el cari\u00f1o y respeto de vecinos y autoridades, recibi\u00f3 este ramo de flores y el cari\u00f1o de los presentes.\" style=\"width: 209px; height: 138px;\" \/> <\/a> <div class=\"tiled-gallery-caption\" itemprop=\"caption description\"> TESORO VIVIENTE.- La se\u00f1ora Julia Salgado, quien goza de todo el cari\u00f1o y respeto de vecinos y autoridades, recibi\u00f3 este ramo de flores y el cari\u00f1o de los presentes. <\/div> <\/div> <\/div> <!-- close group --> <\/div> <!-- close row --> <div class=\"gallery-row\" style=\"width: 640px; height: 424px;\" data-original-width=\"640\" data-original-height=\"424\" > <div class=\"gallery-group images-1\" style=\"width: 640px; height: 424px;\" data-original-width=\"640\" data-original-height=\"424\" > <div class=\"tiled-gallery-item tiled-gallery-item-large\" itemprop=\"associatedMedia\" itemscope itemtype=\"http:\/\/schema.org\/ImageObject\"> <a href=\"https:\/\/eltrabajo.cl\/portal\/flamante-escuela-jfk-celebra-con-una-gala-sus-50-anos\/victor-andrade\/\" border=\"0\" itemprop=\"url\"> <meta itemprop=\"width\" content=\"636\"> <meta itemprop=\"height\" content=\"420\"> <img decoding=\"async\" class=\"\" data-attachment-id=\"63382\" data-orig-file=\"https:\/\/eltrabajo.cl\/portal\/wp-content\/uploads\/2015\/10\/Victor-Andrade.jpg\" data-orig-size=\"530,350\" data-comments-opened=\"1\" data-image-meta=\"{&quot;aperture&quot;:&quot;0&quot;,&quot;credit&quot;:&quot;&quot;,&quot;camera&quot;:&quot;&quot;,&quot;caption&quot;:&quot;&quot;,&quot;created_timestamp&quot;:&quot;0&quot;,&quot;copyright&quot;:&quot;&quot;,&quot;focal_length&quot;:&quot;0&quot;,&quot;iso&quot;:&quot;0&quot;,&quot;shutter_speed&quot;:&quot;0&quot;,&quot;title&quot;:&quot;&quot;,&quot;orientation&quot;:&quot;0&quot;}\" data-image-title=\"Victor Andrade\" data-image-description=\"&lt;p&gt;PREMIAN SU TRAYECTORIA.- El profesor V\u00edctor Andrade Ongaro, recibi\u00f3 un reconocimiento especial por sus 40 a\u00f1os de trayectoria en las aulas.&lt;\/p&gt; \" data-medium-file=\"https:\/\/i0.wp.com\/eltrabajo.cl\/portal\/wp-content\/uploads\/2015\/10\/Victor-Andrade.jpg?fit=300%2C198&#038;ssl=1\" data-large-file=\"https:\/\/i0.wp.com\/eltrabajo.cl\/portal\/wp-content\/uploads\/2015\/10\/Victor-Andrade.jpg?fit=530%2C350&#038;ssl=1\" src=\"https:\/\/i0.wp.com\/eltrabajo.cl\/portal\/wp-content\/uploads\/2015\/10\/Victor-Andrade.jpg?w=636&#038;h=420&#038;ssl=1\" srcset=\"https:\/\/i0.wp.com\/eltrabajo.cl\/portal\/wp-content\/uploads\/2015\/10\/Victor-Andrade.jpg?w=530&amp;ssl=1 530w, https:\/\/i0.wp.com\/eltrabajo.cl\/portal\/wp-content\/uploads\/2015\/10\/Victor-Andrade.jpg?resize=200%2C132&amp;ssl=1 200w, https:\/\/i0.wp.com\/eltrabajo.cl\/portal\/wp-content\/uploads\/2015\/10\/Victor-Andrade.jpg?resize=300%2C198&amp;ssl=1 300w, https:\/\/i0.wp.com\/eltrabajo.cl\/portal\/wp-content\/uploads\/2015\/10\/Victor-Andrade.jpg?resize=227%2C150&amp;ssl=1 227w, https:\/\/i0.wp.com\/eltrabajo.cl\/portal\/wp-content\/uploads\/2015\/10\/Victor-Andrade.jpg?resize=400%2C264&amp;ssl=1 400w\" width=\"636\" height=\"420\" loading=\"lazy\" data-original-width=\"636\" data-original-height=\"420\" itemprop=\"http:\/\/schema.org\/image\" title=\"Victor Andrade\" alt=\"PREMIAN SU TRAYECTORIA.- El profesor V\u00edctor Andrade Ongaro, recibi\u00f3 un reconocimiento especial por sus 40 a\u00f1os de trayectoria en las aulas.\" style=\"width: 636px; height: 420px;\" \/> <\/a> <div class=\"tiled-gallery-caption\" itemprop=\"caption description\"> PREMIAN SU TRAYECTORIA.- El profesor V\u00edctor Andrade Ongaro, recibi\u00f3 un reconocimiento especial por sus 40 a\u00f1os de trayectoria en las aulas. <\/div> <\/div> <\/div> <!-- close group --> <\/div> <!-- close row --> <\/div>\n","protected":false},"excerpt":{"rendered":"<p>Con bombos y platillos, entre aplausos del p\u00fablico y al ritmo de la banda de guerra escolar invitada del Instituto Alonso de Ercilla, arranc\u00f3 la ma\u00f1ana de este jueves la gala del&#8230;<\/p>\n","protected":false},"author":482,"featured_media":63378,"comment_status":"open","ping_status":"open","sticky":false,"template":"","format":"standard","meta":{"advanced_seo_description":"","jetpack_seo_html_title":"","jetpack_seo_noindex":false,"_jetpack_memberships_contains_paid_content":false,"footnotes":""},"categories":[15],"tags":[],"class_list":["post-63377","post","type-post","status-publish","format-standard","has-post-thumbnail","hentry","category-comunidad"],"jetpack_featured_media_url":"https:\/\/i0.wp.com\/eltrabajo.cl\/portal\/wp-content\/uploads\/2015\/10\/Premio33.jpg?fit=530%2C350&ssl=1","jetpack_sharing_enabled":true,"jetpack_likes_enabled":true,"jetpack-related-posts":[],"_links":{"self":[{"href":"https:\/\/eltrabajo.cl\/portal\/wp-json\/wp\/v2\/posts\/63377","targetHints":{"allow":["GET"]}}],"collection":[{"href":"https:\/\/eltrabajo.cl\/portal\/wp-json\/wp\/v2\/posts"}],"about":[{"href":"https:\/\/eltrabajo.cl\/portal\/wp-json\/wp\/v2\/types\/post"}],"author":[{"embeddable":true,"href":"https:\/\/eltrabajo.cl\/portal\/wp-json\/wp\/v2\/users\/482"}],"replies":[{"embeddable":true,"href":"https:\/\/eltrabajo.cl\/portal\/wp-json\/wp\/v2\/comments?post=63377"}],"version-history":[{"count":0,"href":"https:\/\/eltrabajo.cl\/portal\/wp-json\/wp\/v2\/posts\/63377\/revisions"}],"wp:featuredmedia":[{"embeddable":true,"href":"https:\/\/eltrabajo.cl\/portal\/wp-json\/wp\/v2\/media\/63378"}],"wp:attachment":[{"href":"https:\/\/eltrabajo.cl\/portal\/wp-json\/wp\/v2\/media?parent=63377"}],"wp:term":[{"taxonomy":"category","embeddable":true,"href":"https:\/\/eltrabajo.cl\/portal\/wp-json\/wp\/v2\/categories?post=63377"},{"taxonomy":"post_tag","embeddable":true,"href":"https:\/\/eltrabajo.cl\/portal\/wp-json\/wp\/v2\/tags?post=63377"}],"curies":[{"name":"wp","href":"https:\/\/api.w.org\/{rel}","templated":true}]}}