{"id":63384,"date":"2015-10-30T09:09:12","date_gmt":"2015-10-30T12:09:12","guid":{"rendered":"http:\/\/www.eltrabajo.cl\/portal\/?p=63384"},"modified":"2015-10-30T09:09:12","modified_gmt":"2015-10-30T12:09:12","slug":"este-sabado-y-domingo-habla-chile-en-ferias-y-plazas-de-aconcagua","status":"publish","type":"post","link":"https:\/\/eltrabajo.cl\/portal\/este-sabado-y-domingo-habla-chile-en-ferias-y-plazas-de-aconcagua\/","title":{"rendered":"Este s\u00e1bado y domingo \u2018Habla Chile\u2019 en ferias y plazas de Aconcagua"},"content":{"rendered":"<figure id=\"attachment_63385\" aria-describedby=\"caption-attachment-63385\" style=\"width: 300px\" class=\"wp-caption alignleft\"><a href=\"https:\/\/i0.wp.com\/www.eltrabajo.cl\/portal\/wp-content\/uploads\/2015\/10\/Habla-Chile.jpg\"><img data-recalc-dims=\"1\" loading=\"lazy\" decoding=\"async\" class=\"wp-image-63385 size-medium\" src=\"https:\/\/i0.wp.com\/www.eltrabajo.cl\/portal\/wp-content\/uploads\/2015\/10\/Habla-Chile-300x198.jpg?resize=300%2C198\" alt=\"Antonio Barchiesi y Manuel Mart\u00ednez, coordinadores en Aconcagua.\" width=\"300\" height=\"198\" srcset=\"https:\/\/i0.wp.com\/eltrabajo.cl\/portal\/wp-content\/uploads\/2015\/10\/Habla-Chile.jpg?resize=300%2C198&amp;ssl=1 300w, https:\/\/i0.wp.com\/eltrabajo.cl\/portal\/wp-content\/uploads\/2015\/10\/Habla-Chile.jpg?resize=200%2C132&amp;ssl=1 200w, https:\/\/i0.wp.com\/eltrabajo.cl\/portal\/wp-content\/uploads\/2015\/10\/Habla-Chile.jpg?resize=228%2C150&amp;ssl=1 228w, https:\/\/i0.wp.com\/eltrabajo.cl\/portal\/wp-content\/uploads\/2015\/10\/Habla-Chile.jpg?resize=400%2C263&amp;ssl=1 400w, https:\/\/i0.wp.com\/eltrabajo.cl\/portal\/wp-content\/uploads\/2015\/10\/Habla-Chile.jpg?w=530&amp;ssl=1 530w\" sizes=\"auto, (max-width: 300px) 100vw, 300px\" \/><\/a><figcaption id=\"caption-attachment-63385\" class=\"wp-caption-text\">Antonio Barchiesi y Manuel Mart\u00ednez, coordinadores en Aconcagua.<\/figcaption><\/figure>\n<p>Ong Influyamos es una organizaci\u00f3n sin fines de lucro, formada por j\u00f3venes profesionales, y que busca, a trav\u00e9s de la expresi\u00f3n libre de la ciudadan\u00eda, encontrar aquellos temas que le son de mayor relevancia en el acontecer nacional, y nace con la inquietud de conocer las urgencias sociales e instalarlas como una prioridad en la clase pol\u00edtica.<br \/>\nLa manera de lograr su objetivo se basa en la consulta abierta a las personas que, de manera secreta, podr\u00e1n emitir sus inquietudes a trav\u00e9s de un sufragio, cuyo resultado permitir\u00e1 tener una direcci\u00f3n objetiva del trabajo que la ciudadan\u00eda realmente le preocupa y desea impulsar en forma colectiva.<br \/>\nPor este motivo el s\u00e1bado 31 de octubre y domingo 1 de noviembre, se realizar\u00e1 la Consulta Nacional Habla Chile, con una urna y c\u00e1mara secreta m\u00f3vil.<br \/>\nEs necesario hacer esta consulta ciudadana porque los pol\u00edticos se encuentran desconectados de los verdaderos problemas que afectan a la comunidad, y proponen reformas que a la gente no le hacen sentido. La votaci\u00f3n Habla Chile, justamente pretende generar un espacio de participaci\u00f3n ciudadana, en el cual todas las personas puedan decir qu\u00e9 problema es el que m\u00e1s los aqueja, y sus resultados sean expuestos ante la clase pol\u00edtica en general.<br \/>\nEn la ciudad de Los Andes, los puntos en donde se podr\u00e1 votar son:<br \/>\nD\u00eda s\u00e1bado 31 de octubre: Ma\u00f1ana, Feria de San Rafael de 09:00 a 13:00 horas o tarde, Plaza de Armas 15:00 a 18:00 horas. D\u00eda domingo 1 de noviembre: Ma\u00f1ana, Feria de Av. Per\u00fa 09:00 a 13:00 horas o tarde: Plaza de Armas 15:00 a 18:00 horas.<br \/>\nEn la ciudad de San Felipe, los puntos en donde se podr\u00e1 votar son:<br \/>\nS\u00e1bado: Plaza de Armas y domingo: Feria Diego de Almagro.<br \/>\nEn el voto se les pide que elijan el problema pa\u00eds que debe solucionarse de manera m\u00e1s urgente. Las diferentes alternativas (salud, delincuencia, medioambiente, etc.) se plantean en base a los principales temas que aparecen en encuestas de opini\u00f3n y di\u00e1logos populares.<\/p>\n","protected":false},"excerpt":{"rendered":"<p>Ong Influyamos es una organizaci\u00f3n sin fines de lucro, formada por j\u00f3venes profesionales, y que busca, a trav\u00e9s de la expresi\u00f3n libre de la ciudadan\u00eda, encontrar aquellos temas que le son de&#8230;<\/p>\n","protected":false},"author":482,"featured_media":63385,"comment_status":"open","ping_status":"open","sticky":false,"template":"","format":"standard","meta":{"advanced_seo_description":"","jetpack_seo_html_title":"","jetpack_seo_noindex":false,"_jetpack_memberships_contains_paid_content":false,"footnotes":""},"categories":[1],"tags":[],"class_list":["post-63384","post","type-post","status-publish","format-standard","has-post-thumbnail","hentry","category-cronica"],"jetpack_featured_media_url":"https:\/\/i0.wp.com\/eltrabajo.cl\/portal\/wp-content\/uploads\/2015\/10\/Habla-Chile.jpg?fit=530%2C349&ssl=1","jetpack_sharing_enabled":true,"jetpack_likes_enabled":true,"jetpack-related-posts":[],"_links":{"self":[{"href":"https:\/\/eltrabajo.cl\/portal\/wp-json\/wp\/v2\/posts\/63384","targetHints":{"allow":["GET"]}}],"collection":[{"href":"https:\/\/eltrabajo.cl\/portal\/wp-json\/wp\/v2\/posts"}],"about":[{"href":"https:\/\/eltrabajo.cl\/portal\/wp-json\/wp\/v2\/types\/post"}],"author":[{"embeddable":true,"href":"https:\/\/eltrabajo.cl\/portal\/wp-json\/wp\/v2\/users\/482"}],"replies":[{"embeddable":true,"href":"https:\/\/eltrabajo.cl\/portal\/wp-json\/wp\/v2\/comments?post=63384"}],"version-history":[{"count":0,"href":"https:\/\/eltrabajo.cl\/portal\/wp-json\/wp\/v2\/posts\/63384\/revisions"}],"wp:featuredmedia":[{"embeddable":true,"href":"https:\/\/eltrabajo.cl\/portal\/wp-json\/wp\/v2\/media\/63385"}],"wp:attachment":[{"href":"https:\/\/eltrabajo.cl\/portal\/wp-json\/wp\/v2\/media?parent=63384"}],"wp:term":[{"taxonomy":"category","embeddable":true,"href":"https:\/\/eltrabajo.cl\/portal\/wp-json\/wp\/v2\/categories?post=63384"},{"taxonomy":"post_tag","embeddable":true,"href":"https:\/\/eltrabajo.cl\/portal\/wp-json\/wp\/v2\/tags?post=63384"}],"curies":[{"name":"wp","href":"https:\/\/api.w.org\/{rel}","templated":true}]}}