{"id":63387,"date":"2015-10-30T09:11:47","date_gmt":"2015-10-30T12:11:47","guid":{"rendered":"http:\/\/www.eltrabajo.cl\/portal\/?p=63387"},"modified":"2015-10-30T09:11:47","modified_gmt":"2015-10-30T12:11:47","slug":"vinculan-a-ex-embajador-y-ex-dga-en-traspaso-derechos-agua-a-andes-cooper","status":"publish","type":"post","link":"https:\/\/eltrabajo.cl\/portal\/vinculan-a-ex-embajador-y-ex-dga-en-traspaso-derechos-agua-a-andes-cooper\/","title":{"rendered":"Vinculan a ex embajador y ex DGA en traspaso derechos agua a Andes Cooper"},"content":{"rendered":"<figure id=\"attachment_63388\" aria-describedby=\"caption-attachment-63388\" style=\"width: 300px\" class=\"wp-caption alignleft\"><a href=\"https:\/\/i0.wp.com\/www.eltrabajo.cl\/portal\/wp-content\/uploads\/2015\/10\/EX-EMBAJADOR-RENATO-SEPULVEDA.jpg\"><img data-recalc-dims=\"1\" loading=\"lazy\" decoding=\"async\" class=\"wp-image-63388 size-medium\" src=\"https:\/\/i0.wp.com\/www.eltrabajo.cl\/portal\/wp-content\/uploads\/2015\/10\/EX-EMBAJADOR-RENATO-SEPULVEDA-300x198.jpg?resize=300%2C198\" alt=\"Renato Sep\u00falveda, ex embajador en El Salvador.\" width=\"300\" height=\"198\" srcset=\"https:\/\/i0.wp.com\/eltrabajo.cl\/portal\/wp-content\/uploads\/2015\/10\/EX-EMBAJADOR-RENATO-SEPULVEDA.jpg?resize=300%2C198&amp;ssl=1 300w, https:\/\/i0.wp.com\/eltrabajo.cl\/portal\/wp-content\/uploads\/2015\/10\/EX-EMBAJADOR-RENATO-SEPULVEDA.jpg?resize=200%2C132&amp;ssl=1 200w, https:\/\/i0.wp.com\/eltrabajo.cl\/portal\/wp-content\/uploads\/2015\/10\/EX-EMBAJADOR-RENATO-SEPULVEDA.jpg?resize=228%2C150&amp;ssl=1 228w, https:\/\/i0.wp.com\/eltrabajo.cl\/portal\/wp-content\/uploads\/2015\/10\/EX-EMBAJADOR-RENATO-SEPULVEDA.jpg?resize=400%2C263&amp;ssl=1 400w, https:\/\/i0.wp.com\/eltrabajo.cl\/portal\/wp-content\/uploads\/2015\/10\/EX-EMBAJADOR-RENATO-SEPULVEDA.jpg?w=530&amp;ssl=1 530w\" sizes=\"auto, (max-width: 300px) 100vw, 300px\" \/><\/a><figcaption id=\"caption-attachment-63388\" class=\"wp-caption-text\">Renato Sep\u00falveda, ex embajador en El Salvador.<\/figcaption><\/figure>\n<p>El Presidente de la Junta de Vigilancia del R\u00edo Putaendo, Miguel Vega, vincul\u00f3 directamente al Embajador de Chile en El Salvador, Renato Sep\u00falveda y al Director Nacional de la Direcci\u00f3n General de Aguas durante el gobierno de Sebasti\u00e1n Pi\u00f1era, con la entrega de derechos de agua del R\u00edo Roc\u00edn.<br \/>\nEl dirigente sostuvo que ha logrado seguir la pista de c\u00f3mo Andes Cooper hoy tiene tantos derechos de agua en el R\u00edo Roc\u00edn y agreg\u00f3 que la sorpresa ha sido may\u00fascula al enterarse que el a\u00f1o 2010, Renato Sep\u00falveda Nebel, siendo embajador de nuestro pa\u00eds en El Salvador, solicit\u00f3 a la Direcci\u00f3n General de Aguas (DGA), derechos no consuntivos en la cuenca del R\u00edo Roc\u00edn, los que le fueron entregados por Mat\u00edas Desmadryl, el entonces Director Nacional de la DGA, y coincidentemente el art\u00edfice de la entrega de derechos de agua en el Roc\u00edn a la empresa Colb\u00fan.<br \/>\nVega expres\u00f3 que posteriormente el entonces diplom\u00e1tico vendi\u00f3 estos derechos en $500.000 a Emilio Covarrubias, gerente de una central hidroel\u00e9ctrica de Pilmaiken, el que posteriormente expendi\u00f3 estos derechos en una suma desconocida al consorcio canadiense.<br \/>\nEl Presidente de la JVRP declar\u00f3 que lo m\u00e1s extra\u00f1o de todo es que el organismo que dirige ha estado trabajando en forma mancomunada con la DGA desde al a\u00f1o 2008 en varias regularizaciones y solicitudes de derechos de agua, los cuales la repartici\u00f3n ha tramitado muy lentamente, al igual como lo hizo en la soluci\u00f3n de algunos problemas, lo que no contrasta con la rapidez pare cederle y regularizar los derechos de agua al ex embajador Sep\u00falveda.<br \/>\nMiguel Vega manifest\u00f3 que tambi\u00e9n es peculiar que en los diarios locales como El Trabajo u otros, establecidos por ley para las solicitudes de derechos de agua no consuntivos, nunca se realizaran publicaciones, misma situaci\u00f3n que ocurri\u00f3 en las estaciones radiales de Putaendo (Radio FM Vida y Radio Provincial), lo que a su juicio deja en evidencia que al parecer esta entrega de derechos de agua se concret\u00f3 con la intenci\u00f3n de mantenerlo oculto y as\u00ed desviar cualquier posibilidad de oposici\u00f3n o advertencia sobre c\u00f3mo se entregaban estos derechos de agua durante el mandato de Sebasti\u00e1n Pi\u00f1era, entregando de esa manera pr\u00e1cticamente todo un r\u00edo a un pol\u00edtico.<br \/>\nAnte estos antecedentes, la JVRP ha solicitado en car\u00e1cter de urgente una reuni\u00f3n con el actual Director Nacional de la DGA, pues para la instituci\u00f3n esto es un hecho de suma gravedad y esperan hacer sentir su molestia a la autoridad nacional, pues es su sentir que esto nunca debi\u00f3 haber ocurrido a espaldas de la comunidad y de la Junta de Vigilancia del R\u00edo Putaendo.<br \/>\nFinalmente Miguel Vega dijo que la JVRP agotar\u00e1 todas las instancias para oponerse a la construcci\u00f3n de lo que tild\u00f3 como una enorme central hidroel\u00e9ctrica que pretende construir Andes Cooper en el R\u00edo Roc\u00edn.<br \/>\nPatricio Gallardo M.<\/p>\n","protected":false},"excerpt":{"rendered":"<p>El Presidente de la Junta de Vigilancia del R\u00edo Putaendo, Miguel Vega, vincul\u00f3 directamente al Embajador de Chile en El Salvador, Renato Sep\u00falveda y al Director Nacional de la Direcci\u00f3n General de&#8230;<\/p>\n","protected":false},"author":482,"featured_media":63388,"comment_status":"open","ping_status":"open","sticky":false,"template":"","format":"standard","meta":{"advanced_seo_description":"","jetpack_seo_html_title":"","jetpack_seo_noindex":false,"_jetpack_memberships_contains_paid_content":false,"footnotes":""},"categories":[1],"tags":[],"class_list":["post-63387","post","type-post","status-publish","format-standard","has-post-thumbnail","hentry","category-cronica"],"jetpack_featured_media_url":"https:\/\/i0.wp.com\/eltrabajo.cl\/portal\/wp-content\/uploads\/2015\/10\/EX-EMBAJADOR-RENATO-SEPULVEDA.jpg?fit=530%2C349&ssl=1","jetpack_sharing_enabled":true,"jetpack_likes_enabled":true,"jetpack-related-posts":[],"_links":{"self":[{"href":"https:\/\/eltrabajo.cl\/portal\/wp-json\/wp\/v2\/posts\/63387","targetHints":{"allow":["GET"]}}],"collection":[{"href":"https:\/\/eltrabajo.cl\/portal\/wp-json\/wp\/v2\/posts"}],"about":[{"href":"https:\/\/eltrabajo.cl\/portal\/wp-json\/wp\/v2\/types\/post"}],"author":[{"embeddable":true,"href":"https:\/\/eltrabajo.cl\/portal\/wp-json\/wp\/v2\/users\/482"}],"replies":[{"embeddable":true,"href":"https:\/\/eltrabajo.cl\/portal\/wp-json\/wp\/v2\/comments?post=63387"}],"version-history":[{"count":0,"href":"https:\/\/eltrabajo.cl\/portal\/wp-json\/wp\/v2\/posts\/63387\/revisions"}],"wp:featuredmedia":[{"embeddable":true,"href":"https:\/\/eltrabajo.cl\/portal\/wp-json\/wp\/v2\/media\/63388"}],"wp:attachment":[{"href":"https:\/\/eltrabajo.cl\/portal\/wp-json\/wp\/v2\/media?parent=63387"}],"wp:term":[{"taxonomy":"category","embeddable":true,"href":"https:\/\/eltrabajo.cl\/portal\/wp-json\/wp\/v2\/categories?post=63387"},{"taxonomy":"post_tag","embeddable":true,"href":"https:\/\/eltrabajo.cl\/portal\/wp-json\/wp\/v2\/tags?post=63387"}],"curies":[{"name":"wp","href":"https:\/\/api.w.org\/{rel}","templated":true}]}}