{"id":63390,"date":"2015-10-30T09:14:45","date_gmt":"2015-10-30T12:14:45","guid":{"rendered":"http:\/\/www.eltrabajo.cl\/portal\/?p=63390"},"modified":"2015-10-30T09:14:45","modified_gmt":"2015-10-30T12:14:45","slug":"con-participacion-de-actores-culturales-definen-plan-municipal-de-cultura","status":"publish","type":"post","link":"https:\/\/eltrabajo.cl\/portal\/con-participacion-de-actores-culturales-definen-plan-municipal-de-cultura\/","title":{"rendered":"Con participaci\u00f3n de actores culturales definen Plan Municipal de Cultura"},"content":{"rendered":"<figure id=\"attachment_63391\" aria-describedby=\"caption-attachment-63391\" style=\"width: 300px\" class=\"wp-caption alignleft\"><a href=\"https:\/\/i0.wp.com\/www.eltrabajo.cl\/portal\/wp-content\/uploads\/2015\/10\/ricardo-ruiz1.jpg\"><img data-recalc-dims=\"1\" loading=\"lazy\" decoding=\"async\" class=\"wp-image-63391 size-medium\" src=\"https:\/\/i0.wp.com\/www.eltrabajo.cl\/portal\/wp-content\/uploads\/2015\/10\/ricardo-ruiz1-300x197.jpg?resize=300%2C197\" alt=\"Ricardo Ruiz Herrera, coordinador comunal de cultura de la municipalidad de San Felipe.\" width=\"300\" height=\"197\" srcset=\"https:\/\/i0.wp.com\/eltrabajo.cl\/portal\/wp-content\/uploads\/2015\/10\/ricardo-ruiz1.jpg?resize=300%2C197&amp;ssl=1 300w, https:\/\/i0.wp.com\/eltrabajo.cl\/portal\/wp-content\/uploads\/2015\/10\/ricardo-ruiz1.jpg?resize=200%2C131&amp;ssl=1 200w, https:\/\/i0.wp.com\/eltrabajo.cl\/portal\/wp-content\/uploads\/2015\/10\/ricardo-ruiz1.jpg?resize=228%2C150&amp;ssl=1 228w, https:\/\/i0.wp.com\/eltrabajo.cl\/portal\/wp-content\/uploads\/2015\/10\/ricardo-ruiz1.jpg?resize=400%2C263&amp;ssl=1 400w, https:\/\/i0.wp.com\/eltrabajo.cl\/portal\/wp-content\/uploads\/2015\/10\/ricardo-ruiz1.jpg?w=530&amp;ssl=1 530w\" sizes=\"auto, (max-width: 300px) 100vw, 300px\" \/><\/a><figcaption id=\"caption-attachment-63391\" class=\"wp-caption-text\">Ricardo Ruiz Herrera, coordinador comunal de cultura de la municipalidad de San Felipe.<\/figcaption><\/figure>\n<ul>\n<li><strong>Iniciativa que pretende fijar lineamientos en torno a este \u00e1mbito de acci\u00f3n en la ciudad, de aqu\u00ed a 2020, qued\u00f3 lista para ser sometida a votaci\u00f3n y aprobaci\u00f3n del Concejo Municipal.<\/strong><\/li>\n<\/ul>\n<p>Tras un arduo trabajo de discusi\u00f3n, an\u00e1lisis y reflexi\u00f3n, donde se invit\u00f3 a participar a agentes art\u00edsticos y culturales, as\u00ed como a la comunidad de San Felipe, se dio por finalizado el proceso que permiti\u00f3 la elaboraci\u00f3n del Plan Municipal de Cultura, instrumento que fija las prioridades en materia de desarrollo cultural de nuestra ciudad.<br \/>\nSe trata de una iniciativa promovida por el Consejo Nacional de la Cultura y las Artes, que seg\u00fan explic\u00f3 el coordinador comunal de cultura de la municipalidad de San Felipe, Ricardo Ruiz Herrera, facilit\u00f3 el desarrollo de un proceso debidamente asesorado por una empresa consultora, que deriv\u00f3 en una jornada donde finalmente fue validado este Plan Municipal de Cultura.<br \/>\nPrecis\u00f3 que \u201cesta es la primera vez que se desarrolla un proceso de estas caracter\u00edsticas, donde desde septiembre realizamos cuatro instancias de participaci\u00f3n en las que distintos actores de la comunidad, no solo del \u00e1mbito cultural, opinaron y consensuaron cu\u00e1les son las prioridades que debe tener la municipalidad en torno al trabajo en cultura\u201d.<br \/>\nResalt\u00f3 Ruiz que para el alcalde Patricio Freire, los procesos de participaci\u00f3n ciudadana en la proyecci\u00f3n de la comuna, en todos los \u00e1mbitos, es sumamente relevante y por ello, es que se sum\u00f3 activa y comprometidamente en esta labor que se realiz\u00f3 y donde la propia autoridad comunal agradeci\u00f3 y valor\u00f3 much\u00edsimo el respaldo de la comunidad sanfelipe\u00f1a.<br \/>\nCristina Altamirano y Lisette Delgado, pertenecen a la empresa consultora externa del Consejo de la Cultura y las Artes, que trabajaron directamente con el municipio en este proceso que permiti\u00f3 la definici\u00f3n de un Plan Municipal de Cultura de San Felipe.<br \/>\nSeg\u00fan dijeron las profesionales, \u201cdesarrollamos actividades participativas a trav\u00e9s de talleres, con organizaciones culturales, actores culturales y de la comunidad en general, que se sumaron con mucho entusiasmo en esta iniciativa\u201d.<br \/>\nPrecis\u00f3 Lisette Delgado que \u201cesta labor ten\u00eda por objetivo definir los ejes estrat\u00e9gicos para el desarrollo comunal en cultura, por lo tanto permiti\u00f3 que las personas que participaron de esta instancia, pudiesen establecer c\u00f3mo se proyectaban de aqu\u00ed a 2020, en relaci\u00f3n a cu\u00e1les son los programas, los \u00e9nfasis, los proyectos que desean ejecutar de aqu\u00ed a cinco a\u00f1os\u201d.<br \/>\nConsultada Cristina Altamirano por la respuesta de los vecinos y vecinas, destac\u00f3 el inter\u00e9s mostrado, resaltando adem\u00e1s el hecho que este es el primer proceso participativo cultural que se realiza en la comuna de San Felipe.<br \/>\n\u201cEllos ponen mucho \u00e9nfasis en rescatar las tradiciones, el patrimonio cultural, las fiestas t\u00edpicas que en alg\u00fan momento se perdieron, como los bailes chinos, la Fiesta de Cuasimodo, entre otras\u201d, se\u00f1al\u00f3 la profesional.<br \/>\nEl plan debe ponerse en marcha, una vez que el Concejo Municipal apruebe esta pol\u00edtica cultural.<\/p>\n","protected":false},"excerpt":{"rendered":"<p>Iniciativa que pretende fijar lineamientos en torno a este \u00e1mbito de acci\u00f3n en la ciudad, de aqu\u00ed a 2020, qued\u00f3 lista para ser sometida a votaci\u00f3n y aprobaci\u00f3n del Concejo Municipal. Tras&#8230;<\/p>\n","protected":false},"author":482,"featured_media":63391,"comment_status":"open","ping_status":"open","sticky":false,"template":"","format":"standard","meta":{"advanced_seo_description":"","jetpack_seo_html_title":"","jetpack_seo_noindex":false,"_jetpack_memberships_contains_paid_content":false,"footnotes":""},"categories":[1],"tags":[],"class_list":["post-63390","post","type-post","status-publish","format-standard","has-post-thumbnail","hentry","category-cronica"],"jetpack_featured_media_url":"https:\/\/i0.wp.com\/eltrabajo.cl\/portal\/wp-content\/uploads\/2015\/10\/ricardo-ruiz1.jpg?fit=530%2C348&ssl=1","jetpack_sharing_enabled":true,"jetpack_likes_enabled":true,"jetpack-related-posts":[],"_links":{"self":[{"href":"https:\/\/eltrabajo.cl\/portal\/wp-json\/wp\/v2\/posts\/63390","targetHints":{"allow":["GET"]}}],"collection":[{"href":"https:\/\/eltrabajo.cl\/portal\/wp-json\/wp\/v2\/posts"}],"about":[{"href":"https:\/\/eltrabajo.cl\/portal\/wp-json\/wp\/v2\/types\/post"}],"author":[{"embeddable":true,"href":"https:\/\/eltrabajo.cl\/portal\/wp-json\/wp\/v2\/users\/482"}],"replies":[{"embeddable":true,"href":"https:\/\/eltrabajo.cl\/portal\/wp-json\/wp\/v2\/comments?post=63390"}],"version-history":[{"count":0,"href":"https:\/\/eltrabajo.cl\/portal\/wp-json\/wp\/v2\/posts\/63390\/revisions"}],"wp:featuredmedia":[{"embeddable":true,"href":"https:\/\/eltrabajo.cl\/portal\/wp-json\/wp\/v2\/media\/63391"}],"wp:attachment":[{"href":"https:\/\/eltrabajo.cl\/portal\/wp-json\/wp\/v2\/media?parent=63390"}],"wp:term":[{"taxonomy":"category","embeddable":true,"href":"https:\/\/eltrabajo.cl\/portal\/wp-json\/wp\/v2\/categories?post=63390"},{"taxonomy":"post_tag","embeddable":true,"href":"https:\/\/eltrabajo.cl\/portal\/wp-json\/wp\/v2\/tags?post=63390"}],"curies":[{"name":"wp","href":"https:\/\/api.w.org\/{rel}","templated":true}]}}