{"id":63393,"date":"2015-10-30T09:17:07","date_gmt":"2015-10-30T12:17:07","guid":{"rendered":"http:\/\/www.eltrabajo.cl\/portal\/?p=63393"},"modified":"2015-10-30T09:17:07","modified_gmt":"2015-10-30T12:17:07","slug":"procesan-a-siete-exdetectives-por-homicidio-ocurrido-en-1983-en-cuartel-de-la-pdi-de-los-andes","status":"publish","type":"post","link":"https:\/\/eltrabajo.cl\/portal\/procesan-a-siete-exdetectives-por-homicidio-ocurrido-en-1983-en-cuartel-de-la-pdi-de-los-andes\/","title":{"rendered":"Procesan a siete exdetectives por homicidio ocurrido en 1983 en cuartel de la PDI de Los Andes"},"content":{"rendered":"<figure id=\"attachment_63394\" aria-describedby=\"caption-attachment-63394\" style=\"width: 300px\" class=\"wp-caption alignleft\"><a href=\"https:\/\/i0.wp.com\/www.eltrabajo.cl\/portal\/wp-content\/uploads\/2015\/10\/carro-pdi-antiguo.jpg\"><img data-recalc-dims=\"1\" loading=\"lazy\" decoding=\"async\" class=\"wp-image-63394 size-medium\" src=\"https:\/\/i0.wp.com\/www.eltrabajo.cl\/portal\/wp-content\/uploads\/2015\/10\/carro-pdi-antiguo-300x198.jpg?resize=300%2C198\" alt=\"Tras la muerte el cad\u00e1ver fue trasladado de noche en un carro policial hasta un sector no determinado de la zona Norte, entre los sectores de La Ligua y Los Vilos, para ser inhumado de forma ilegal. (Archivo).\" width=\"300\" height=\"198\" srcset=\"https:\/\/i0.wp.com\/eltrabajo.cl\/portal\/wp-content\/uploads\/2015\/10\/carro-pdi-antiguo.jpg?resize=300%2C198&amp;ssl=1 300w, https:\/\/i0.wp.com\/eltrabajo.cl\/portal\/wp-content\/uploads\/2015\/10\/carro-pdi-antiguo.jpg?resize=200%2C132&amp;ssl=1 200w, https:\/\/i0.wp.com\/eltrabajo.cl\/portal\/wp-content\/uploads\/2015\/10\/carro-pdi-antiguo.jpg?resize=228%2C150&amp;ssl=1 228w, https:\/\/i0.wp.com\/eltrabajo.cl\/portal\/wp-content\/uploads\/2015\/10\/carro-pdi-antiguo.jpg?resize=400%2C263&amp;ssl=1 400w, https:\/\/i0.wp.com\/eltrabajo.cl\/portal\/wp-content\/uploads\/2015\/10\/carro-pdi-antiguo.jpg?w=530&amp;ssl=1 530w\" sizes=\"auto, (max-width: 300px) 100vw, 300px\" \/><\/a><figcaption id=\"caption-attachment-63394\" class=\"wp-caption-text\">Tras la muerte el cad\u00e1ver fue trasladado de noche en un carro policial hasta un sector no determinado de la zona Norte, entre los sectores de La Ligua y Los Vilos, para ser inhumado de forma ilegal. (Archivo).<\/figcaption><\/figure>\n<ul>\n<li><strong>Cuerpo de Jos\u00e9 Lazcano Campos a\u00fan no es encontrado<\/strong>.<\/li>\n<\/ul>\n<p><strong>LOS ANDES.<\/strong>&#8211; El ministro en visita extraordinaria de la Corte de Apelaciones de Valpara\u00edso, Jaime Arancibia Pinto, someti\u00f3 a proceso a siete exintegrantes de la Polic\u00eda de Investigaciones, en calidad de autores y c\u00f3mplices de los delitos de secuestro, muerte e inhumaci\u00f3n ilegal de Jos\u00e9 Lazcano Campos, il\u00edcitos ocurridos durante junio de 1983 en Los Andes y sectores entre La Ligua y Los Vilos.<br \/>\nLa resoluci\u00f3n establece el procesamiento de \u00c1ngel Bustos Far\u00edas, Hern\u00e1n D\u00edaz Carre\u00f1o, Luis Pantoja Canales, Felipe Hinojosa S\u00e1nchez y Fabio Lira Guzm\u00e1n, en calidad de autores, y de Jorge Manr\u00edquez Fern\u00e1ndez y Pedro Leva Denegri, como c\u00f3mplices, de los delitos de secuestro, muerte e inhumaci\u00f3n ilegal de Jos\u00e9 Lazcano Campos.<br \/>\nRespecto a los hechos y conforme a los antecedentes consignados en la causa, se pudo establecer que durante junio de 1983, en circunstancias que la v\u00edctima Jos\u00e9 Lazcano Campos \u00abse encontraba detenido en el Cuartel de la Comisar\u00eda Judicial de Los Andes de la Polic\u00eda de Investigaciones de Chile, en los recintos de calabozos, fallece a consecuencia de los maltratos recibidos en un interrogatorio por el personal policial. Para evitar que se conociera su muerte, el cad\u00e1ver fue trasladado en horas de la noche por los efectivos policiales en un carro policial, hasta un sector determinado de la zona Norte, entre los sectores de La Ligua y Los Vilos, para ser inhumado de forma ilegal, no pudiendo determinarse, a la fecha, el lugar exacto donde yacen sus restos\u00bb.<\/p>\n","protected":false},"excerpt":{"rendered":"<p>Cuerpo de Jos\u00e9 Lazcano Campos a\u00fan no es encontrado. LOS ANDES.&#8211; El ministro en visita extraordinaria de la Corte de Apelaciones de Valpara\u00edso, Jaime Arancibia Pinto, someti\u00f3 a proceso a siete exintegrantes&#8230;<\/p>\n","protected":false},"author":482,"featured_media":63394,"comment_status":"open","ping_status":"open","sticky":false,"template":"","format":"standard","meta":{"advanced_seo_description":"","jetpack_seo_html_title":"","jetpack_seo_noindex":false,"_jetpack_memberships_contains_paid_content":false,"footnotes":""},"categories":[21],"tags":[],"class_list":["post-63393","post","type-post","status-publish","format-standard","has-post-thumbnail","hentry","category-policial"],"jetpack_featured_media_url":"https:\/\/i0.wp.com\/eltrabajo.cl\/portal\/wp-content\/uploads\/2015\/10\/carro-pdi-antiguo.jpg?fit=530%2C349&ssl=1","jetpack_sharing_enabled":true,"jetpack_likes_enabled":true,"jetpack-related-posts":[],"_links":{"self":[{"href":"https:\/\/eltrabajo.cl\/portal\/wp-json\/wp\/v2\/posts\/63393","targetHints":{"allow":["GET"]}}],"collection":[{"href":"https:\/\/eltrabajo.cl\/portal\/wp-json\/wp\/v2\/posts"}],"about":[{"href":"https:\/\/eltrabajo.cl\/portal\/wp-json\/wp\/v2\/types\/post"}],"author":[{"embeddable":true,"href":"https:\/\/eltrabajo.cl\/portal\/wp-json\/wp\/v2\/users\/482"}],"replies":[{"embeddable":true,"href":"https:\/\/eltrabajo.cl\/portal\/wp-json\/wp\/v2\/comments?post=63393"}],"version-history":[{"count":0,"href":"https:\/\/eltrabajo.cl\/portal\/wp-json\/wp\/v2\/posts\/63393\/revisions"}],"wp:featuredmedia":[{"embeddable":true,"href":"https:\/\/eltrabajo.cl\/portal\/wp-json\/wp\/v2\/media\/63394"}],"wp:attachment":[{"href":"https:\/\/eltrabajo.cl\/portal\/wp-json\/wp\/v2\/media?parent=63393"}],"wp:term":[{"taxonomy":"category","embeddable":true,"href":"https:\/\/eltrabajo.cl\/portal\/wp-json\/wp\/v2\/categories?post=63393"},{"taxonomy":"post_tag","embeddable":true,"href":"https:\/\/eltrabajo.cl\/portal\/wp-json\/wp\/v2\/tags?post=63393"}],"curies":[{"name":"wp","href":"https:\/\/api.w.org\/{rel}","templated":true}]}}