{"id":63404,"date":"2015-10-30T09:24:21","date_gmt":"2015-10-30T12:24:21","guid":{"rendered":"http:\/\/www.eltrabajo.cl\/portal\/?p=63404"},"modified":"2015-10-30T09:24:21","modified_gmt":"2015-10-30T12:24:21","slug":"infarto-acabo-con-la-vida-de-conocido-cuidador-de-autos-de-la-feria","status":"publish","type":"post","link":"https:\/\/eltrabajo.cl\/portal\/infarto-acabo-con-la-vida-de-conocido-cuidador-de-autos-de-la-feria\/","title":{"rendered":"Infarto acab\u00f3 con la vida de conocido cuidador de autos de la Feria"},"content":{"rendered":"<figure id=\"attachment_63405\" aria-describedby=\"caption-attachment-63405\" style=\"width: 300px\" class=\"wp-caption alignleft\"><a href=\"https:\/\/i0.wp.com\/www.eltrabajo.cl\/portal\/wp-content\/uploads\/2015\/10\/FRONTIS-MERCADO.jpg\"><img data-recalc-dims=\"1\" loading=\"lazy\" decoding=\"async\" class=\"wp-image-63405 size-medium\" src=\"https:\/\/i0.wp.com\/www.eltrabajo.cl\/portal\/wp-content\/uploads\/2015\/10\/FRONTIS-MERCADO-300x198.jpg?resize=300%2C198\" alt=\"El vecino se desempe\u00f1aba como cuidador de autos en los estacionamientos del concurrido Mercado Municipal de San Felipe de avenida Yungay en San Felipe.\" width=\"300\" height=\"198\" srcset=\"https:\/\/i0.wp.com\/eltrabajo.cl\/portal\/wp-content\/uploads\/2015\/10\/FRONTIS-MERCADO.jpg?resize=300%2C198&amp;ssl=1 300w, https:\/\/i0.wp.com\/eltrabajo.cl\/portal\/wp-content\/uploads\/2015\/10\/FRONTIS-MERCADO.jpg?resize=200%2C132&amp;ssl=1 200w, https:\/\/i0.wp.com\/eltrabajo.cl\/portal\/wp-content\/uploads\/2015\/10\/FRONTIS-MERCADO.jpg?resize=228%2C150&amp;ssl=1 228w, https:\/\/i0.wp.com\/eltrabajo.cl\/portal\/wp-content\/uploads\/2015\/10\/FRONTIS-MERCADO.jpg?resize=400%2C263&amp;ssl=1 400w, https:\/\/i0.wp.com\/eltrabajo.cl\/portal\/wp-content\/uploads\/2015\/10\/FRONTIS-MERCADO.jpg?w=530&amp;ssl=1 530w\" sizes=\"auto, (max-width: 300px) 100vw, 300px\" \/><\/a><figcaption id=\"caption-attachment-63405\" class=\"wp-caption-text\">El vecino se desempe\u00f1aba como cuidador de autos en los estacionamientos del concurrido Mercado Municipal de San Felipe de avenida Yungay en San Felipe.<\/figcaption><\/figure>\n<ul>\n<li><strong>Guillermo Herrera Terraza, apodado \u2018El Care Mapa\u2019, resid\u00eda en la villa 250 A\u00f1os de San Felipe y se dedicaba a cuidar veh\u00edculos en el concurrido mercado de frutas y verduras de avenida Yungay, sufriendo un paro cardio respiratorio que le arrebat\u00f3 la vida en su lugar de trabajo.<\/strong><\/li>\n<\/ul>\n<p>Hace m\u00e1s de cinco a\u00f1os que Guillermo Herrera Terraza, de 61 a\u00f1os de edad, se desempe\u00f1aba como cuidador de veh\u00edculos en los estacionamientos de la Feria Agr\u00edcola Mayorista, popularmente conocida como Feria Municipal de avenida Yungay 1470 en San Felipe. Sin embargo, su vida se apag\u00f3 sorpresivamente luego de sufrir un infarto fulminante que lo hizo caer desplomado al suelo, a vista de los comerciantes que at\u00f3nitos no pod\u00edan creer lo sucedido, en la tarde del pasado mi\u00e9rcoles.<br \/>\nEste vecino apodado \u2018El Care Mapa\u2019, viv\u00eda junto a su pareja en la villa 250 A\u00f1os de San Felipe y como cada d\u00eda ambos se dirig\u00edan a sus labores habituales; ella como funcionaria de aseo en el mismo mercado de verduras, mientras que Guillermo Herrera cuidaba de los veh\u00edculos de los clientes que realizaban sus compras, haci\u00e9ndose conocido entre la multitud de vecinos que concurre a ese recinto comercial.<br \/>\nCercanos y compa\u00f1eros de labores se\u00f1alaron que la salud de Guillermo se estaba deteriorando, cuando ya el pasado s\u00e1bado sufri\u00f3 un pre infarto que lo mantuvo complicado unos d\u00edas. Sin importar su mejor\u00eda, aquel d\u00eda ser\u00eda un anuncio de una falla card\u00edaca, luego que a eso de las 17:30 horas, este trabajador se dirigi\u00f3 al ba\u00f1o presumiblemente por haber presentado alg\u00fan tipo de dolor en el pecho.<br \/>\nLuego de caminar unos metros e ingresar hasta el interior del mercado, Guillermo cay\u00f3 desvanecido al suelo sufriendo un paro cardio respiratorio en presencia de los locatarios y clientes que conmocionados por la situaci\u00f3n no pudieron hacer nada ante el agudo infarto.<br \/>\nHasta el lugar concurri\u00f3 personal del Samu quienes constaron la muerte de este popular vecino, debiendo asistir adem\u00e1s Carabineros y el personal de la Brigada de Homicidios de Los Andes que descart\u00f3 la intervenci\u00f3n de terceras personas en el deceso. As\u00ed lo confirm\u00f3 el Comisario de Investigaciones, Gino Guti\u00e9rrez.<br \/>\n\u201cSeg\u00fan se\u00f1alaron familiares, esta persona ya presentaba problemas card\u00edacos, concurriendo al m\u00e9dico y posteriormente derivado a un especialista cuya fecha de atenci\u00f3n ser\u00eda posterior a su muerte, se descarta la intervenci\u00f3n de terceras personas y nos encontramos a la espera del informe de autopsia que realice el Servicio M\u00e9dico Legal\u201d, precis\u00f3 el oficial policial.<br \/>\nGuillermo Herrera, quien por a\u00f1os se desempe\u00f1\u00f3 adem\u00e1s como trabajador de empresa Corpora, est\u00e1 siendo velado por sus familiares, amigos y cercanos en la poblaci\u00f3n Manso de Velasco de San Felipe.<br \/>\n<strong>Pablo Salinas Sald\u00edas<\/strong><\/p>\n","protected":false},"excerpt":{"rendered":"<p>Guillermo Herrera Terraza, apodado \u2018El Care Mapa\u2019, resid\u00eda en la villa 250 A\u00f1os de San Felipe y se dedicaba a cuidar veh\u00edculos en el concurrido mercado de frutas y verduras de avenida&#8230;<\/p>\n","protected":false},"author":482,"featured_media":63405,"comment_status":"open","ping_status":"open","sticky":false,"template":"","format":"standard","meta":{"advanced_seo_description":"","jetpack_seo_html_title":"","jetpack_seo_noindex":false,"_jetpack_memberships_contains_paid_content":false,"footnotes":""},"categories":[21],"tags":[],"class_list":["post-63404","post","type-post","status-publish","format-standard","has-post-thumbnail","hentry","category-policial"],"jetpack_featured_media_url":"https:\/\/i0.wp.com\/eltrabajo.cl\/portal\/wp-content\/uploads\/2015\/10\/FRONTIS-MERCADO.jpg?fit=530%2C349&ssl=1","jetpack_sharing_enabled":true,"jetpack_likes_enabled":true,"jetpack-related-posts":[],"_links":{"self":[{"href":"https:\/\/eltrabajo.cl\/portal\/wp-json\/wp\/v2\/posts\/63404","targetHints":{"allow":["GET"]}}],"collection":[{"href":"https:\/\/eltrabajo.cl\/portal\/wp-json\/wp\/v2\/posts"}],"about":[{"href":"https:\/\/eltrabajo.cl\/portal\/wp-json\/wp\/v2\/types\/post"}],"author":[{"embeddable":true,"href":"https:\/\/eltrabajo.cl\/portal\/wp-json\/wp\/v2\/users\/482"}],"replies":[{"embeddable":true,"href":"https:\/\/eltrabajo.cl\/portal\/wp-json\/wp\/v2\/comments?post=63404"}],"version-history":[{"count":0,"href":"https:\/\/eltrabajo.cl\/portal\/wp-json\/wp\/v2\/posts\/63404\/revisions"}],"wp:featuredmedia":[{"embeddable":true,"href":"https:\/\/eltrabajo.cl\/portal\/wp-json\/wp\/v2\/media\/63405"}],"wp:attachment":[{"href":"https:\/\/eltrabajo.cl\/portal\/wp-json\/wp\/v2\/media?parent=63404"}],"wp:term":[{"taxonomy":"category","embeddable":true,"href":"https:\/\/eltrabajo.cl\/portal\/wp-json\/wp\/v2\/categories?post=63404"},{"taxonomy":"post_tag","embeddable":true,"href":"https:\/\/eltrabajo.cl\/portal\/wp-json\/wp\/v2\/tags?post=63404"}],"curies":[{"name":"wp","href":"https:\/\/api.w.org\/{rel}","templated":true}]}}